{"id":1556,"date":"2014-11-04T08:00:15","date_gmt":"2014-11-04T07:00:15","guid":{"rendered":"http:\/\/monempresarial.com\/?p=1556"},"modified":"2015-01-19T18:19:25","modified_gmt":"2015-01-19T17:19:25","slug":"mas-demana-empresaris-liderin-recuperacio-catalunya","status":"publish","type":"post","link":"https:\/\/www.monempresarial.com\/ca\/2014\/11\/04\/mas-demana-empresaris-liderin-recuperacio-catalunya\/","title":{"rendered":"Mas demana als empresaris que liderin la recuperaci\u00f3 de Catalunya"},"content":{"rendered":"<h5>El Govern catal\u00e0 ha elaborat una nova estrat\u00e8gia per al creixement que situa la ind\u00fastria i la seva innovaci\u00f3 com a motor de l\u2019activitat econ\u00f2mica del pa\u00eds. L\u2019objectiu \u00e9s aconseguir fons europeus i fer que el sector assoleixi el 25% del PIB el 2020.<\/h5>\n<p style=\"text-align: right;\">Gl\u00f2ria Ayuso<\/p>\n<p>L\u2019Executiu catal\u00e0 ha definit set \u00e0mbits estrat\u00e8gics en qu\u00e8 les empreses tenen potencial de creixement. En cadascun d\u2019ells es destaquen les oportunitats d\u2019innovaci\u00f3 per als diferents sectors amb l\u2019objectiu de situar-los al capdavant i donar aix\u00ed un impuls a l\u2019economia del pa\u00eds. El pla, que el president de la Generalitat, Artur Mas, va presentar el 4 de juliol en un gran acte al Centre de Convencions del F\u00f2rum de Barcelona davant m\u00e9s de 2.000 empresaris, s\u2019alinea amb el RIS3, l\u2019Estrat\u00e8gia d\u2019Especialitzaci\u00f3 Intel\u00b7ligent en Investigaci\u00f3 i Innovaci\u00f3 de la UE i parteix d\u2019una an\u00e0lisi del teixit industrial a Catalunya que n\u2019ha detectat les principals fortaleses i debilitats. Entre les primeres, l\u2019impuls a la internacionalitzaci\u00f3 que ja estan fent les empreses; quant a les segones, la dificultat encara persistent per accedir al cr\u00e8dit.<br \/>\n<a href=\"http:\/\/monempresarial.com\/wp-content\/uploads\/2014\/11\/monempresarial-155-ambits-estrategics-recuperacio.png\"><img decoding=\"async\" loading=\"lazy\" class=\"aligncenter wp-image-1555 size-full\" title=\"Els set \u00e0mbits estrat\u00e8gics cap a la recuperaci\u00f3\" src=\"http:\/\/monempresarial.com\/wp-content\/uploads\/2014\/11\/monempresarial-155-ambits-estrategics-recuperacio.png\" alt=\"Els set \u00e0mbits estrat\u00e8gics cap a la recuperaci\u00f3\" width=\"1617\" height=\"700\" srcset=\"https:\/\/www.monempresarial.com\/wp-content\/uploads\/2014\/11\/monempresarial-155-ambits-estrategics-recuperacio.png 1617w, https:\/\/www.monempresarial.com\/wp-content\/uploads\/2014\/11\/monempresarial-155-ambits-estrategics-recuperacio-300x130.png 300w, https:\/\/www.monempresarial.com\/wp-content\/uploads\/2014\/11\/monempresarial-155-ambits-estrategics-recuperacio-1024x443.png 1024w, https:\/\/www.monempresarial.com\/wp-content\/uploads\/2014\/11\/monempresarial-155-ambits-estrategics-recuperacio-300x130@2x.png 600w\" sizes=\"(max-width: 1617px) 100vw, 1617px\" \/><\/a><br \/>\n<strong>La inc\u00f2gnita del finan\u00e7ament<\/strong><br \/>\nI \u00e9s que tot i que la iniciativa parteix de la Generalitat, el President va deixar clar que s\u00f3n les empreses les que han de liderar el proc\u00e9s de reindustrialitzaci\u00f3 del pa\u00eds, ja que \u201cla capacitat d\u2019inversi\u00f3 del Govern \u00e9s limitada\u201d. Una declaraci\u00f3 que va generar escepticisme entre els assistents a l\u2019acte que, malgrat valorar positivament que es posi el focus d\u2019atenci\u00f3 en la ind\u00fastria, no veuen clar com s\u2019impulsar\u00e0 econ\u00f2micament aquest pla, tenint en compte les dificultats que encara pateixen les pimes a l\u2019hora d\u2019aconseguir finan\u00e7ament. Mas va assenyalar, aleshores, que \u201ccal vehicular els Fons Estructurals Europeus cap a la competitivitat industrial\u201d, fet que permetria obtenir entre un 40-50% m\u00e9s de benefici per part de la UE.<br \/>\nCal recordar que a Catalunya, la ind\u00fastria va recular molt en els primers anys de crisi, quan el VAB industrial va caure m\u00e9s de 4.600 milions. Per\u00f2 gr\u00e0cies a les exportacions, l\u2019any passat aquest sector va representar ja el 18,9% del PIB catal\u00e0 amb 38.414 milions d\u2019euros. El gran repte que es marca el Govern de Mas amb aquest pla \u00e9s arribar al 25% del PIB el 2020.<\/p>\n<blockquote>\n<h2>La ind\u00fastria va representar el 18,9% del PIB el 2013, per\u00f2 les exportacions han obert les portes a la recuperaci\u00f3<\/h2>\n<\/blockquote>\n<p><strong>M\u00e9s competitivitat log\u00edstica<\/strong><br \/>\nAssolir aquesta xifra, per\u00f2, no dep\u00e8n exclusivament de les empreses. La \u201ccompetitivitat log\u00edstica\u201d \u00e9s un altre factor que cal prioritzar. En aquest sentit, el president de la Generalitat va reivindicar els esfor\u00e7os de l\u2019Executiu catal\u00e0 perqu\u00e8 el Corredor del Mediterrani sigui una realitat en els propers anys. La connexi\u00f3 del port \u00e9s una altra assignatura encara pendent.<br \/>\nFinalment, Mas tamb\u00e9 va posar sobre la taula dos altres aspectes igual d\u2019imprescindibles per consolidar la recuperaci\u00f3 i guanyar competitivitat: el llan\u00e7ament de la FP Dual i l\u2019associaci\u00f3 dels centres de recerca amb les activitats industrials.<\/p>\n<div>\n<table width=\"500\" cellpadding=\"5\" bgcolor=\"#8FBC8F\">\n<tbody>\n<tr>\n<td bgcolor=\"#548B54\" width=\"2\"><\/td>\n<th bgcolor=\"#548B54\">\u00a0<span style=\"color: #ffffff; text-transform: uppercase;\">\u00a0<strong>L\u2019antecedent<\/strong><\/span><\/th>\n<td bgcolor=\"#548B54\" width=\"2\"><\/td>\n<\/tr>\n<tr>\n<td width=\"2\"><\/td>\n<td valign=\"top\" width=\"496\">La posada en marxa d\u2019aquesta estrat\u00e8gia t\u00e9 lloc prop d\u2019un any despr\u00e9s que col\u00b7legis t\u00e8cnics i professionals, diverses universitats, centres tecnol\u00f2gics, organitzacions empresarials i els sindicats CCOO i UGT signessin el \u201cPacte per a la ind\u00fastria a Catalunya\u201d el 27 de juny de 2013. El conveni presentat aleshores demanava una revisi\u00f3 de l\u2019orientaci\u00f3 i els continguts de la pol\u00edtica industrial, i subratllava la urgent necessitat de finan\u00e7ament per a l\u2019activitat productiva.<\/td>\n<td width=\"2\"><\/td>\n<\/tr>\n<\/tbody>\n<\/table>\n<\/div>\n","protected":false},"excerpt":{"rendered":"<p>El Govern catal\u00e0 ha elaborat una nova estrat\u00e8gia per al creixement que situa la ind\u00fastria i la seva innovaci\u00f3 com a motor de l\u2019activitat econ\u00f2mica del pa\u00eds. L\u2019objectiu \u00e9s aconseguir fons europeus i fer que el sector assoleixi el 25% del PIB el 2020.<\/p>\n","protected":false},"author":1,"featured_media":1555,"comment_status":"closed","ping_status":"open","sticky":false,"template":"","format":"standard","meta":{"_mi_skip_tracking":false,"mc4wp_mailchimp_campaign":[],"jnews-multi-image_gallery":[],"jnews_single_post":[],"jnews_primary_category":[]},"categories":[9],"tags":[],"_links":{"self":[{"href":"https:\/\/www.monempresarial.com\/ca\/wp-json\/wp\/v2\/posts\/1556"}],"collection":[{"href":"https:\/\/www.monempresarial.com\/ca\/wp-json\/wp\/v2\/posts"}],"about":[{"href":"https:\/\/www.monempresarial.com\/ca\/wp-json\/wp\/v2\/types\/post"}],"author":[{"embeddable":true,"href":"https:\/\/www.monempresarial.com\/ca\/wp-json\/wp\/v2\/users\/1"}],"replies":[{"embeddable":true,"href":"https:\/\/www.monempresarial.com\/ca\/wp-json\/wp\/v2\/comments?post=1556"}],"version-history":[{"count":0,"href":"https:\/\/www.monempresarial.com\/ca\/wp-json\/wp\/v2\/posts\/1556\/revisions"}],"wp:featuredmedia":[{"embeddable":true,"href":"https:\/\/www.monempresarial.com\/ca\/wp-json\/wp\/v2\/media\/1555"}],"wp:attachment":[{"href":"https:\/\/www.monempresarial.com\/ca\/wp-json\/wp\/v2\/media?parent=1556"}],"wp:term":[{"taxonomy":"category","embeddable":true,"href":"https:\/\/www.monempresarial.com\/ca\/wp-json\/wp\/v2\/categories?post=1556"},{"taxonomy":"post_tag","embeddable":true,"href":"https:\/\/www.monempresarial.com\/ca\/wp-json\/wp\/v2\/tags?post=1556"}],"curies":[{"name":"wp","href":"https:\/\/api.w.org\/{rel}","templated":true}]}}