{"id":15689,"date":"2017-08-31T12:57:16","date_gmt":"2017-08-31T10:57:16","guid":{"rendered":"http:\/\/monempresarial.com\/2017\/08\/31\/gracias-al-emprendimiento-corporativo-innovamos-con-pasion\/"},"modified":"2025-06-06T10:32:21","modified_gmt":"2025-06-06T08:32:21","slug":"gracies-a-emprenedoria-corporativa-innovem-amb-passio","status":"publish","type":"post","link":"https:\/\/www.monempresarial.com\/ca\/2017\/08\/31\/gracies-a-emprenedoria-corporativa-innovem-amb-passio\/","title":{"rendered":"Gr\u00e0cies a l&#8217;emprenedoria corporativa innovem amb passi\u00f3"},"content":{"rendered":"<p style=\"color: #602d11;\"><span style=\"color: #000000;\"><strong>Les empreses de car\u00e0cter &#8220;tradicional&#8221; que sobreviuen en entorns madurs i que estan orientades a l&#8217;efici\u00e8ncia tenen un futur incert perqu\u00e8 actualment cap sector est\u00e0 fora de perill respecte de la disrupci\u00f3.<\/strong><\/span><\/p>\n<h4><strong><span style=\"color: #663300; text-transform: uppercase;\">JOAN RIERA.<\/span>\u00a0Professor del Departament d\u2019Estrat\u00e8gia i Direcci\u00f3 General d\u2019ESADE.<\/strong><\/h4>\n<hr style=\"color: #b72126;\" \/>\n<p>La tecnologia est\u00e0 erosionant les barreres a l&#8217;entrada que protegien els seus negocis, generant f\u00e0cil accessibilitat. La mida i el volum ja no s\u00f3n suficients per sostenir els avantatges competitius davant l&#8217;amena\u00e7a de tecnologies exponencials que proporcionen altes velocitats d&#8217;expansi\u00f3 un cop troben la seva aplicaci\u00f3 en el mercat.<\/p>\n<p>A m\u00e9s, l&#8217;entorn evoluciona de forma accelerada. Hem canviat la m\u00e8trica d&#8217;anys a mesos. Les companyies han d&#8217;aprendre a validar hip\u00f2tesis m\u00e9s r\u00e0pid, alhora que guanyen flexibilitat per adaptar-se al que el client veritablement desitja i, sobretot, a all\u00f2 que encara no sap que necessitar\u00e0. Les organitzacions es veuen obligades a passar de la inspiraci\u00f3 a l&#8217;impacte en temps cada vegada m\u00e9s curts.<\/p>\n<p>La recepta m\u00e9s efica\u00e7 per a les empreses consolidades \u00e9s adoptar comportaments propis dels emprenedors, de manera que avui es fa imprescindible disposar de pol\u00edtiques d&#8217;emprenedoria corporativa. Combinant fortaleses i recursos propis de l&#8217;empresa consolidada amb el dinamisme dels m\u00e9s r\u00e0pids, serem capa\u00e7os de detectar les oportunitats i organitzar els recursos i el talent per explotar-les de forma r\u00e0pida i efica\u00e7.<\/p>\n<p>L&#8217;emprenedoria corporativa es basa en les persones, la mentalitat emprenedora, els seus valors i el seu comprom\u00eds. I, sobretot, en la seva passi\u00f3, que \u00e9s la font d&#8217;energia vital i de persist\u00e8ncia que converteix qualsevol iniciativa en un \u00e8xit.<\/p>\n<h4 style=\"text-align: center;\"><span style=\"color: #602d11;\"><strong>Lamentablement, algunes organitzacions s\u00f3n especialistes a matar la passi\u00f3 sense saber-ho, fagocitant qualsevol iniciativa innovadora perqu\u00e8 &#8220;sempre s&#8217;ha fet aix\u00ed&#8221;. Avui, els que som emprenedors sabem com crear l&#8217;h\u00e0bitat adequat, en el qual tamb\u00e9 es prioritzi el llarg termini, es puguin assumir riscos, es toleri el frac\u00e0s ben intencionat i, en definitiva, ens convidin a somiar, liderar i cr\u00e9ixer.<\/strong><\/span><\/h4>\n","protected":false},"excerpt":{"rendered":"<p>Les empreses de car\u00e0cter &#8220;tradicional&#8221; que sobreviuen en entorns madurs i que estan orientades a l&#8217;efici\u00e8ncia tenen un futur incert perqu\u00e8 actualment cap sector est\u00e0 fora de perill respecte de la disrupci\u00f3. JOAN RIERA.\u00a0Professor del Departament d\u2019Estrat\u00e8gia i Direcci\u00f3 General d\u2019ESADE. La tecnologia est\u00e0 erosionant les barreres a l&#8217;entrada que protegien els seus negocis, generant [&hellip;]<\/p>\n","protected":false},"author":74,"featured_media":15685,"comment_status":"closed","ping_status":"closed","sticky":false,"template":"","format":"standard","meta":{"_mi_skip_tracking":false,"mc4wp_mailchimp_campaign":[],"jnews-multi-image_gallery":[],"jnews_single_post":{"source_name":"","source_url":"","via_name":"","via_url":"","override_template":"0","override":[{"template":"1","single_blog_custom":"","parallax":"1","fullscreen":"1","layout":"right-sidebar","sidebar":"default-sidebar","second_sidebar":"default-sidebar","sticky_sidebar":"1","share_position":"bottom","share_float_style":"share-monocrhome","show_share_counter":"1","show_view_counter":"1","show_featured":"1","show_post_meta":"1","show_post_author":"1","show_post_author_image":"1","show_post_date":"1","post_date_format":"default","post_date_format_custom":"Y\/m\/d","show_post_category":"0","show_post_reading_time":"1","post_reading_time_wpm":"300","show_zoom_button":"0","zoom_button_out_step":"2","zoom_button_in_step":"3","show_post_tag":"1","show_prev_next_post":"0","show_popup_post":"1","number_popup_post":"2","show_author_box":"1","show_post_related":"1","show_inline_post_related":"1"}],"override_image_size":"0","image_override":[{"single_post_thumbnail_size":"crop-715","single_post_gallery_size":"crop-500"}],"trending_post":"0","trending_post_position":"meta","trending_post_label":"Trending","sponsored_post":"1","sponsored_post_label":"Patrocinat per","sponsored_post_name":"Consorci Zona Franca Barcelona","sponsored_post_url":"https:\/\/zfbarcelona.es\/ca\/","sponsored_post_logo_enable":"1","sponsored_post_logo":"40377","sponsored_post_desc":"","disable_ad":"0"},"jnews_primary_category":{"id":"10826","hide":""}},"categories":[10820,10826,11,10819,37,42],"tags":[1174,2849,5586,5587,5588,5589,5590,181,252,617,1135],"_links":{"self":[{"href":"https:\/\/www.monempresarial.com\/ca\/wp-json\/wp\/v2\/posts\/15689"}],"collection":[{"href":"https:\/\/www.monempresarial.com\/ca\/wp-json\/wp\/v2\/posts"}],"about":[{"href":"https:\/\/www.monempresarial.com\/ca\/wp-json\/wp\/v2\/types\/post"}],"author":[{"embeddable":true,"href":"https:\/\/www.monempresarial.com\/ca\/wp-json\/wp\/v2\/users\/74"}],"replies":[{"embeddable":true,"href":"https:\/\/www.monempresarial.com\/ca\/wp-json\/wp\/v2\/comments?post=15689"}],"version-history":[{"count":6,"href":"https:\/\/www.monempresarial.com\/ca\/wp-json\/wp\/v2\/posts\/15689\/revisions"}],"predecessor-version":[{"id":46229,"href":"https:\/\/www.monempresarial.com\/ca\/wp-json\/wp\/v2\/posts\/15689\/revisions\/46229"}],"wp:featuredmedia":[{"embeddable":true,"href":"https:\/\/www.monempresarial.com\/ca\/wp-json\/wp\/v2\/media\/15685"}],"wp:attachment":[{"href":"https:\/\/www.monempresarial.com\/ca\/wp-json\/wp\/v2\/media?parent=15689"}],"wp:term":[{"taxonomy":"category","embeddable":true,"href":"https:\/\/www.monempresarial.com\/ca\/wp-json\/wp\/v2\/categories?post=15689"},{"taxonomy":"post_tag","embeddable":true,"href":"https:\/\/www.monempresarial.com\/ca\/wp-json\/wp\/v2\/tags?post=15689"}],"curies":[{"name":"wp","href":"https:\/\/api.w.org\/{rel}","templated":true}]}}