{"id":1592,"date":"2014-11-10T08:00:22","date_gmt":"2014-11-10T07:00:22","guid":{"rendered":"http:\/\/monempresarial.com\/?p=1592"},"modified":"2025-06-06T10:55:53","modified_gmt":"2025-06-06T08:55:53","slug":"universitat-barcelona-institucio-referencia","status":"publish","type":"post","link":"https:\/\/www.monempresarial.com\/ca\/2014\/11\/10\/universitat-barcelona-institucio-referencia\/","title":{"rendered":"Universitat de Barcelona. <\/span>Una instituci\u00f3 de refer\u00e8ncia"},"content":{"rendered":"<h4>La UB \u00e9s capdavantera en nombre d&#8217;estudiants, oferta docent i recerca a Catalunya, aix\u00ed com tamb\u00e9 en prestigi internacional. Tant el r\u00e0nquing de Shanghai com el QS, ambd\u00f3s centrats sobretot en la recerca, la situen com a primera universitat espanyola i entre les millors 200 del m\u00f3n. Les retallades han afectat directament el seu pressupost, una circumst\u00e0ncia que es capeja amb diverses iniciatives per buscar i refor\u00e7ar altres vies de finan\u00e7ament.<\/h4>\n<h4>Text: <a style=\"color: #ae0f09;\" href=\"http:\/\/monempresarial.com\/author\/acortes\/\">Ariadna Cort\u00e9s<\/a><br \/>\nFoto: <span style=\"color: #ae0f09;\">Cedida<\/span><\/h4>\n<hr style=\"color: #b72126;\" \/>\n<figure id=\"attachment_1591\" aria-describedby=\"caption-attachment-1591\" style=\"width: 387px\" class=\"wp-caption alignright\"><a href=\"http:\/\/monempresarial.com\/wp-content\/uploads\/2014\/11\/monempresarial-155-didac-ramirez-e1507631656543.png\"><img decoding=\"async\" loading=\"lazy\" class=\"wp-image-1591 \" title=\"D\u00eddac Ram\u00edrez, rector de la Universitat de Barcelona\" src=\"http:\/\/monempresarial.com\/wp-content\/uploads\/2014\/11\/monempresarial-155-didac-ramirez-e1507631656543.png\" alt=\"D\u00eddac Ram\u00edrez, rector de la Universitat de Barcelona\" width=\"387\" height=\"333\" srcset=\"https:\/\/www.monempresarial.com\/wp-content\/uploads\/2014\/11\/monempresarial-155-didac-ramirez-e1507631656543.png 465w, https:\/\/www.monempresarial.com\/wp-content\/uploads\/2014\/11\/monempresarial-155-didac-ramirez-e1507631656543-300x258.png 300w\" sizes=\"(max-width: 387px) 100vw, 387px\" \/><\/a><figcaption id=\"caption-attachment-1591\" class=\"wp-caption-text\">El rector de la UB, D\u00eddac Ram\u00edrez.<\/figcaption><\/figure>\n<p><span style=\"color: #ae0f09; font-weight: bold; text-transform: uppercase;\">Fa pocs dies, concretament el passat 15 d&#8217;octubre, es va celebrar l&#8217;acte inaugural del curs 2014-2015 de la Universitat de Barcelona (UB),<\/span> una instituci\u00f3 amb m\u00e9s de cinc-cents anys d&#8217;hist\u00f2ria apassionants. La UB t\u00e9 els seus or\u00edgens en l&#8217;Estudi General de Medicina i Arts impulsat pel rei Mart\u00ed l&#8217;Hum\u00e0 el 1402, tot i que no fou fins el 1450 que s&#8217;unificaren tots els centres universitaris en l&#8217;Estudi General de Barcelona. Despr\u00e9s de la derrota en la Guerra de Successi\u00f3 els estudis van ser traslladats a Cervera, i no van restablir-se definitivament a la ciutat comtal fins el 1842. La instituci\u00f3 va anar engrandint-se i enfortint-se des de llavors, una progressi\u00f3 que es van veure frenada en certa mesura per la repressi\u00f3 franquista. Amb el final de la dictadura comen\u00e7\u00e0 la normalitzaci\u00f3, la modernitzaci\u00f3 i democratitzaci\u00f3 de la universitat i el 1985 es recuper\u00e0 finalment l&#8217;autonomia universit\u00e0ria.<br \/>\nActualment la UB \u00e9s capdavantera en nombre d&#8217;estudiants, oferta docent i recerca a Catalunya i gaudeix d&#8217;un prestigi que sovint queda reflectit en els r\u00e0nquings internacionals. &#8220;El prestigi de la UB respon a la combinaci\u00f3 de tradici\u00f3 i modernitat i tamb\u00e9 deriva d&#8217;un esfor\u00e7 i inversi\u00f3 continuats durant d\u00e8cades&#8221;, explica D\u00eddac Ram\u00edrez, rector de la Universitat de Barcelona des del 2008. &#8220;Per altra banda, les universitats som la principal instituci\u00f3 que genera recerca en aquest pa\u00eds, i \u00e9s generalment aquesta intensitat en la producci\u00f3 cient\u00edfica la que \u00e9s coneguda i reconeguda internacionalment&#8221;, afegeix Ram\u00edrez. I precisament la UB destaca especialment en els r\u00e0nquings relacionats amb la recerca. Aix\u00ed, per exemple, tant el r\u00e0nquing de Shanghai com el QS la situen com a primera universitat espanyola i entre les millors 200 del m\u00f3n.<\/p>\n<blockquote>\n<h2 style=\"color: #ae0f09;\">Ram\u00edrez: &#8220;La UB est\u00e0 immersa en un proc\u00e9s de reforma \u00abque simplificar\u00e0 estructures, refor\u00e7ar\u00e0 serveis, impulsar\u00e0 la internacionalitzaci\u00f3, la recerca i la doc\u00e8ncia.&#8221;<\/h2>\n<\/blockquote>\n<p>La recerca \u00e9s una de les tres missions de la universitat, juntament amb la doc\u00e8ncia i la transfer\u00e8ncia de coneixement. El rector de la UB, per\u00f2, en destaca dos m\u00e9s. \u00abEn primer lloc, la capil\u00b7laritat de la UB amb el territori i el seu paper d\u2019agent social, no nom\u00e9s a Barcelona sin\u00f3 tamb\u00e9 a tota l\u2019\u00e0rea metropolitana. I, per altra banda, la seva funci\u00f3 de pont entre institucions, cultures i pobles\u00bb. A aix\u00f2 se li ha de sumar la funci\u00f3 de servei p\u00fablic que ha d&#8217;exercir un instituci\u00f3 p\u00fablica com la UB, \u00abque t\u00e9 la responsabilitat de desenvolupar aquestes tasques amb qualitat i des d\u2019un acc\u00e9s obert a tothom per capacitat i m\u00e8rit\u00bb, en paraules del rector.<\/p>\n<figure id=\"attachment_1590\" aria-describedby=\"caption-attachment-1590\" style=\"width: 400px\" class=\"wp-caption alignright\"><img decoding=\"async\" loading=\"lazy\" class=\"wp-image-1590\" title=\"Edifici hist\u00f2ric de la UB\" src=\"http:\/\/monempresarial.com\/wp-content\/uploads\/2014\/11\/monempresarial-155-ub-edifici-historic.png\" alt=\"Edifici hist\u00f2ric de la UB\" width=\"400\" height=\"602\" srcset=\"https:\/\/www.monempresarial.com\/wp-content\/uploads\/2014\/11\/monempresarial-155-ub-edifici-historic.png 600w, https:\/\/www.monempresarial.com\/wp-content\/uploads\/2014\/11\/monempresarial-155-ub-edifici-historic-199x300.png 199w, https:\/\/www.monempresarial.com\/wp-content\/uploads\/2014\/11\/monempresarial-155-ub-edifici-historic-199x300@2x.png 398w\" sizes=\"(max-width: 400px) 100vw, 400px\" \/><figcaption id=\"caption-attachment-1590\" class=\"wp-caption-text\">Malgrat les retallades, la UB mant\u00e9 el seu prestigi, especialment en recerca. \/\u00a0SHUTTERSTOCK<\/figcaption><\/figure>\n<p><span style=\"color: #ae0f09; font-weight: bold; text-transform: uppercase;\">El repte de les retallades<\/span><br \/>\nPrecisament la seva condici\u00f3 d&#8217;universitat p\u00fablica ha fet que es vei\u00e9s directament afectada per les retallades. Aix\u00ed, tal com recorda el rector, el finan\u00e7ament p\u00fablic ha caigut un 30% en 3 anys, una circumst\u00e0ncia que juntament amb l&#8217;encariment de les matr\u00edcules est\u00e0 posant \u00aben perill la igualtat de l&#8217;acc\u00e9s a l&#8217;educaci\u00f3 superior\u00bb. Per contrarrestar els efectes d&#8217;aquestes mesures, la UB est\u00e0 impulsant diverses iniciatives per generar o augmentar les vies de finan\u00e7ament. \u00abAix\u00ed, hem refor\u00e7at els programes de participaci\u00f3 en convocat\u00f2ries internacionals de recerca i el curs passat vam posar en marxa per segon any consecutiu el programa bkUB d\u2019ajudes complement\u00e0ries als estudiants amb un fons de 600.000 euros\u00bb, argumenta Ram\u00edrez. El rector assegura que malgrat tot \u00ables retallades no debiliten la independ\u00e8ncia de la universitat p\u00fablica\u00bb, per\u00f2 \u00abs\u00ed la seva autonomia\u00bb, adverteix.<br \/>\nLa relaci\u00f3 amb el teixit empresarial \u00e9s un dels altres m\u00e8todes per pal\u00b7liar els efectes de les retallades. Aix\u00ed, per exemple, la col\u00b7laboraci\u00f3 amb el Banc Santander ha perm\u00e8s refor\u00e7ar el finan\u00e7ament de la recerca de la UB. Ram\u00edrez opina que els interessos empresarials no han d&#8217;estar lligats a la universitat, per\u00f2 alhora recorda que aquests \u00abno s\u00f3n sempre econ\u00f2mics ni comercials\u00bb i afegeix que la relaci\u00f3 entre empresa i universitat hauria de ser m\u00e9s intensa. \u00abLes universitats d\u2019Estats Units i del Regne Unit ens podrien donar moltes lli\u00e7ons en aquest sentit\u00bb, afirma. Un altre dels aspectes a millorar de la UB, segons el seu rector, \u00e9s la innovaci\u00f3. \u00abHem de fer un pas endavant\u00bb, sentencia.<\/p>\n<blockquote>\n<h2 style=\"color: #ae0f09;\">Ram\u00edrez: &#8220;Les retallades no debiliten la independ\u00e8ncia de la universitat p\u00fablica, s\u00ed la seva autonomia.&#8221;<\/h2>\n<\/blockquote>\n<p>Actualment la Universitat de Barcelona est\u00e0 immersa en un proc\u00e9s de reforma interna, tant de les seves estructures acad\u00e8miques com de les administratives. \u00abUn proc\u00e9s que simplificar\u00e0 estructures, refor\u00e7ar\u00e0 serveis, impulsar\u00e0 la internacionalitzaci\u00f3, la recerca i la doc\u00e8ncia\u00bb, assegura Ram\u00edrez. I com que el canvi \u00e9s una constant a la universitat, la UB no s&#8217;ha volgut quedar enrere amb una de les tend\u00e8ncies m\u00e9s en auge a nivell internacional: els cursos oberts de formaci\u00f3 a dist\u00e0ncia, MOOC per les seves sigles en angl\u00e8s. Aix\u00ed, aquest curs que acaba de comen\u00e7ar s&#8217;ha posat en marxa el Barcelona World Race Ocean Campus, que de moment ofereix cinc MOOC de les disciplines de Meteorologia, Medicina, Alimentaci\u00f3 i Diet\u00e8tica, Oceanografia i Cronobiologia.<\/p>\n","protected":false},"excerpt":{"rendered":"<p>La UB \u00e9s capdavantera en nombre d&#8217;estudiants, oferta docent i recerca a Catalunya, aix\u00ed com tamb\u00e9 en prestigi internacional. Tant el r\u00e0nquing de Shanghai com el QS, ambd\u00f3s centrats sobretot en la recerca, la situen com a primera universitat espanyola i entre les millors 200 del m\u00f3n. Les retallades han afectat directament el seu pressupost, una circumst\u00e0ncia que es capeja amb diverses iniciatives per buscar i refor\u00e7ar altres vies de finan\u00e7ament.<\/p>\n","protected":false},"author":1,"featured_media":16470,"comment_status":"closed","ping_status":"open","sticky":false,"template":"","format":"standard","meta":{"_mi_skip_tracking":false,"mc4wp_mailchimp_campaign":[],"jnews-multi-image_gallery":[],"jnews_single_post":[],"jnews_primary_category":[]},"categories":[9,10820,10821,10825,21],"tags":[116,239,763,941,2671,6049,6050,6051,10868],"_links":{"self":[{"href":"https:\/\/www.monempresarial.com\/ca\/wp-json\/wp\/v2\/posts\/1592"}],"collection":[{"href":"https:\/\/www.monempresarial.com\/ca\/wp-json\/wp\/v2\/posts"}],"about":[{"href":"https:\/\/www.monempresarial.com\/ca\/wp-json\/wp\/v2\/types\/post"}],"author":[{"embeddable":true,"href":"https:\/\/www.monempresarial.com\/ca\/wp-json\/wp\/v2\/users\/1"}],"replies":[{"embeddable":true,"href":"https:\/\/www.monempresarial.com\/ca\/wp-json\/wp\/v2\/comments?post=1592"}],"version-history":[{"count":1,"href":"https:\/\/www.monempresarial.com\/ca\/wp-json\/wp\/v2\/posts\/1592\/revisions"}],"predecessor-version":[{"id":46328,"href":"https:\/\/www.monempresarial.com\/ca\/wp-json\/wp\/v2\/posts\/1592\/revisions\/46328"}],"wp:featuredmedia":[{"embeddable":true,"href":"https:\/\/www.monempresarial.com\/ca\/wp-json\/wp\/v2\/media\/16470"}],"wp:attachment":[{"href":"https:\/\/www.monempresarial.com\/ca\/wp-json\/wp\/v2\/media?parent=1592"}],"wp:term":[{"taxonomy":"category","embeddable":true,"href":"https:\/\/www.monempresarial.com\/ca\/wp-json\/wp\/v2\/categories?post=1592"},{"taxonomy":"post_tag","embeddable":true,"href":"https:\/\/www.monempresarial.com\/ca\/wp-json\/wp\/v2\/tags?post=1592"}],"curies":[{"name":"wp","href":"https:\/\/api.w.org\/{rel}","templated":true}]}}