{"id":15958,"date":"2017-09-21T12:23:16","date_gmt":"2017-09-21T10:23:16","guid":{"rendered":"http:\/\/monempresarial.com\/?p=15958\/"},"modified":"2025-06-06T10:31:19","modified_gmt":"2025-06-06T08:31:19","slug":"el-ceta-entra-en-vigor","status":"publish","type":"post","link":"https:\/\/www.monempresarial.com\/ca\/2017\/09\/21\/el-ceta-entra-en-vigor\/","title":{"rendered":"El CETA<\/span> entra en vigor"},"content":{"rendered":"<p class=\"5Normal\" style=\"margin-top: 6.0pt; line-height: 150%;\"><b>Avui entra en vigor i de manera provisional l\u2019Acord Integral d&#8217;Economia i Comer\u00e7 entre la Uni\u00f3 Europea i el Canad\u00e0, m\u00e9s conegut com a CETA. Segons el president de la Comissi\u00f3 Europea,\u00a0Jean-Claude Juncker, &#8220;no es tracta nom\u00e9s d&#8217;un instrument per impulsar el creixement que benefici\u00ef empreses i ciutadans europeus, sin\u00f3 tamb\u00e9 una eina per projectar els nostres valors, supervisar la globalitzaci\u00f3 i regular el comer\u00e7 mundial&#8221;.<\/b><\/p>\n<hr style=\"color: #b72126;\" \/>\n<p class=\"5Normal\">Els pa\u00efsos membres de la UE, el Consell i el Parlament Europeu han aprovat avui l&#8217;<b>Acord Integral d&#8217;Economia i Comer\u00e7<\/b>\u00a0(CETA). Tot i aix\u00ed, el CETA\u00a0nom\u00e9s ser\u00e0 de plena aplicaci\u00f3 un cop tots els estats membres de la UE hagin ratificat l\u2019acord de conformitat amb els seus respectius ordenaments constitucionals. De seguida que el CETA entri plenament en vigor, un nou sistema de tribunals d\u2019inversions substituir\u00e0 l\u2019actual mecanisme de resoluci\u00f3 de litigis entre estats i inversors que existeix en molts dels acords comercials bilaterals que els governs dels estats membres de la UE han negociat en el passat. Segons han informat des de la Comissi\u00f3 Europea, &#8220;el nou mecanisme ser\u00e0 transparent i no es basar\u00e0 en cap tribunal <i>ad hoc&#8221;.\u00a0<\/i><\/p>\n<p><span style=\"color: #719f8c; font-weight: bold;\">PRIMERES DECLARACIONS<\/span><br \/>\nEl president de la Comissi\u00f3 Europea, <b>Jean-Claude Juncker<\/b>, ha estat un dels primers a acollir amb satisfacci\u00f3 aquesta fita de la pol\u00edtica comercial europea, deixant clar que &#8220;l&#8217;acord reflecteix la manera com volem que sigui la nostra pol\u00edtica comercial&#8221; i remarcant que el CETA no \u00e9s nom\u00e9s &#8220;un instrument per impulsar el creixement, sin\u00f3 tamb\u00e9 una eina per projectar els nostres valors, supervisar la globalitzaci\u00f3 i regular el comer\u00e7 mundial&#8221;.<br \/>\n<a href=\"http:\/\/monempresarial.com\/2015\/02\/19\/entrevista-cecilia-malmstrom-comissaria-europea-comerc\/\" target=\"_blank\" rel=\"noopener noreferrer\"><strong>Cecilia Malmstr\u00f6m<\/strong>, comiss\u00e0ria europea de Comer\u00e7<\/a>, tamb\u00e9 ha volgut afegir que l\u2019entrada en vigor provisional del CETA &#8220;\u00e9s un senyal positiu per a l\u2019economia global perqu\u00e8 t\u00e9 el potencial d\u2019impulsar el creixement econ\u00f2mic i crear llocs de treball&#8221;. D&#8217;altra banda, ha destacat que l&#8217;acord &#8220;subratlla el nostre ferm comprom\u00eds amb el desenvolupament sostenible i protegeix la capacitat dels nostres governs de legislar en nom de l\u2019inter\u00e8s p\u00fablic&#8221;. Per \u00faltim, desde la Comissi\u00f3 Europea s&#8217;ha volgut remarcar que s&#8217;han refor\u00e7at considerablement les relacions de la UE amb el Canad\u00e0, &#8220;un soci i aliat estrat\u00e8gic amb qui mantenim uns profunds lla\u00e7os hist\u00f2rics i culturals&#8221;.<\/p>\n<p><img decoding=\"async\" loading=\"lazy\" class=\" wp-image-15961 aligncenter\" src=\"http:\/\/monempresarial.com\/wp-content\/uploads\/2017\/09\/EXPORTACIONES.jpg\" alt=\"\" width=\"676\" height=\"451\" srcset=\"https:\/\/www.monempresarial.com\/wp-content\/uploads\/2017\/09\/EXPORTACIONES.jpg 1000w, https:\/\/www.monempresarial.com\/wp-content\/uploads\/2017\/09\/EXPORTACIONES-300x200.jpg 300w, https:\/\/www.monempresarial.com\/wp-content\/uploads\/2017\/09\/EXPORTACIONES-252x167.jpg 252w, https:\/\/www.monempresarial.com\/wp-content\/uploads\/2017\/09\/EXPORTACIONES-300x200@2x.jpg 600w, https:\/\/www.monempresarial.com\/wp-content\/uploads\/2017\/09\/EXPORTACIONES-252x167@2x.jpg 504w\" sizes=\"(max-width: 676px) 100vw, 676px\" \/><br \/>\n<span style=\"color: #719f8c; font-weight: bold;\">QUINS S\u00d3N ELS BENEFICIS DEL CETA?<\/span><\/p>\n<ul>\n<li class=\"5Normal\" style=\"margin-top: 6.0pt; line-height: 150%;\"><strong>El CETA ofereix noves oportunitats perqu\u00e8 tota mena d\u2019empreses europees (grans i especialment petites) puguin exportar al Canad\u00e0.<\/strong> Segons la CE, aquest acord els estalviar\u00e0 590\u00a0milions d\u2019euros l\u2019any, \u00e9s a dir, l\u2019import que paguen pels aranzels de les mercaderies que ja exporten al Canad\u00e0. A partir del 21 de setembre l\u2019acord elimina els aranzels que s\u2019apliquen al 98% dels productes que intercanvien la UE i el Canad\u00e0.<\/li>\n<li class=\"5Normal\" style=\"margin-top: 6.0pt; line-height: 150%;\">Tamb\u00e9 ofereix a les empreses europees l&#8217;oportunitat de presentar-se a les<strong> convocat\u00f2ries de contractaci\u00f3 p\u00fablica<\/strong> d&#8217;aquest pa\u00eds, no nom\u00e9s a nivell federal, sin\u00f3 tamb\u00e9 a nivell provincial i municipal.<\/li>\n<li class=\"5Normal\" style=\"margin-top: 6.0pt; line-height: 150%;\">La UE ja ha <strong>obert de manera limitada i equilibrada el seu mercat<\/strong> a alguns productes canadencs i en contrapartida el Canad\u00e0 ha perm\u00e8s l\u2019acc\u00e9s d\u2019importants productes europeus al seu mercat com ara formatge, vi i begudes destil\u00b7lades, fruita i hortalisses o productes transformats. El CETA tamb\u00e9 protegir\u00e0 en aquell pa\u00eds 143 indicacions geogr\u00e0fiques europees, a m\u00e9s de begudes i productes alimentaris regionals d\u2019alta qualitat.<\/li>\n<li class=\"5Normal\" style=\"margin-top: 6.0pt; line-height: 150%;\"><strong>Els 500\u00a0milions de consumidors de la UE tamb\u00e9 es beneficiaran del CETA.<\/strong> L\u2019acord ofereix una m\u00e9s gran possibilitat de tria de productes sempre que es respectin les normes europees perqu\u00e8 val a dir que nom\u00e9s els productes i serveis que respectin plenament totes les disposicions de la UE podran entrar en el mercat de la UE. El CETA no canviar\u00e0 la manera com regula la UE la seguretat aliment\u00e0ria, els productes modificats gen\u00e8ticament o la prohibici\u00f3 de vendre carn de bov\u00ed tractada amb hormones.<\/li>\n<li class=\"5Normal\" style=\"margin-top: 6.0pt; line-height: 150%;\">A m\u00e9s, l\u2019acord ofereix m\u00e9s seguretat jur\u00eddica en l\u2019\u00e0mbit dels serveis, m\u00e9s possibilitats de <strong>mobilitat per als empleats de les empreses i un marc per permetre el reconeixement mutu de les qualificacions professionals<\/strong>, des dels arquitectes als conductors de grues.<\/li>\n<li class=\"5Normal\" style=\"margin-top: 6.0pt; line-height: 150%;\">D\u2019altra part, <strong>els estats membres de la UE poden continuar organitzant els serveis p\u00fablics tal com vulguin.<\/strong> Un instrument interpretatiu conjunt amb for\u00e7a legal aclarir\u00e0 aquesta i d\u2019altres q\u00fcestions. Aquest \u00f2rgan especifica de manera clara i inequ\u00edvoca el que el Canad\u00e0 i la UE han decidit pel que fa a tota una s\u00e8rie d\u2019articles del CETA.<\/li>\n<\/ul>\n<p class=\"5Normal\" style=\"margin-top: 6.0pt; line-height: 150%;\"><a href=\"http:\/\/ec.europa.eu\/trade\/policy\/in-focus\/ceta\/ceta-in-your-town\/spain_es.htm\" target=\"_blank\" rel=\"noopener noreferrer\"><span style=\"color: #719f8c; font-weight: bold;\">Com afectar\u00e0 el CETA a Espanya?<\/span><\/a><\/p>\n<p class=\"5Normal\" style=\"margin-top: 6.0pt; line-height: 150%;\"><a href=\"http:\/\/trade.ec.europa.eu\/doclib\/docs\/2017\/september\/tradoc_156062.pdf\" target=\"_blank\" rel=\"noopener noreferrer\"><span class=\"InternetLink\"><span style=\"color: #719f8c; font-weight: bold;\">Guia sobre el CETA per a les empreses (43 p\u00e0gines)<\/span><\/span><\/a><\/p>\n","protected":false},"excerpt":{"rendered":"<p>Avui entra en vigor i de manera provisional l\u2019Acord Integral d&#8217;Economia i Comer\u00e7, m\u00e9s conegut com a CETA, entre la Uni\u00f3 Europea i el Canad\u00e0. Segons el president de la Comissi\u00f3 Europea, Jean-Claude Juncker, &#8220;no es tracta nom\u00e9s d&#8217;un instrument per impulsar el creixement que benefici\u00ef empreses i ciutadans europeus, sin\u00f3 tamb\u00e9 una eina per projectar els nostres valors, supervisar la globalitzaci\u00f3 i regular el comer\u00e7 mundial&#8221;.<\/p>\n","protected":false},"author":1,"featured_media":15960,"comment_status":"open","ping_status":"open","sticky":false,"template":"","format":"standard","meta":{"_mi_skip_tracking":false,"mc4wp_mailchimp_campaign":[],"jnews-multi-image_gallery":[],"jnews_single_post":[],"jnews_primary_category":[]},"categories":[5694,10820,10821,10825,10],"tags":[113,141,142,143,180,1135,1782,4169,5617,5730,5731,5732],"_links":{"self":[{"href":"https:\/\/www.monempresarial.com\/ca\/wp-json\/wp\/v2\/posts\/15958"}],"collection":[{"href":"https:\/\/www.monempresarial.com\/ca\/wp-json\/wp\/v2\/posts"}],"about":[{"href":"https:\/\/www.monempresarial.com\/ca\/wp-json\/wp\/v2\/types\/post"}],"author":[{"embeddable":true,"href":"https:\/\/www.monempresarial.com\/ca\/wp-json\/wp\/v2\/users\/1"}],"replies":[{"embeddable":true,"href":"https:\/\/www.monempresarial.com\/ca\/wp-json\/wp\/v2\/comments?post=15958"}],"version-history":[{"count":1,"href":"https:\/\/www.monempresarial.com\/ca\/wp-json\/wp\/v2\/posts\/15958\/revisions"}],"predecessor-version":[{"id":46225,"href":"https:\/\/www.monempresarial.com\/ca\/wp-json\/wp\/v2\/posts\/15958\/revisions\/46225"}],"wp:featuredmedia":[{"embeddable":true,"href":"https:\/\/www.monempresarial.com\/ca\/wp-json\/wp\/v2\/media\/15960"}],"wp:attachment":[{"href":"https:\/\/www.monempresarial.com\/ca\/wp-json\/wp\/v2\/media?parent=15958"}],"wp:term":[{"taxonomy":"category","embeddable":true,"href":"https:\/\/www.monempresarial.com\/ca\/wp-json\/wp\/v2\/categories?post=15958"},{"taxonomy":"post_tag","embeddable":true,"href":"https:\/\/www.monempresarial.com\/ca\/wp-json\/wp\/v2\/tags?post=15958"}],"curies":[{"name":"wp","href":"https:\/\/api.w.org\/{rel}","templated":true}]}}