{"id":16091,"date":"2017-09-26T10:10:52","date_gmt":"2017-09-26T08:10:52","guid":{"rendered":"http:\/\/monempresarial.com\/?p=16091\/"},"modified":"2025-09-25T09:39:29","modified_gmt":"2025-09-25T07:39:29","slug":"infografia-ingressos-a-la-baixa-desigualtats-a-lalca","status":"publish","type":"post","link":"https:\/\/www.monempresarial.com\/ca\/2017\/09\/26\/infografia-ingressos-a-la-baixa-desigualtats-a-lalca\/","title":{"rendered":"Ingressos a la baixa; desigualtats a l\u2019al\u00e7a"},"content":{"rendered":"<h4>La singular &#8220;parella&#8221; que configuren les dades de creixement i desigualtat en diversos pa\u00efsos del m\u00f3n no deixa cap dubte: a la nostra societat post-crisi, si b\u00e9 el ritme de l&#8217;economia ha pres el cam\u00ed de la desacceleraci\u00f3, la bretxa de les desigualtats, en canvi, no nom\u00e9s no s&#8217;ha redu\u00eft sin\u00f3 que s&#8217;ha eixamplat.<\/h4>\n<figure id=\"attachment_16092\" aria-describedby=\"caption-attachment-16092\" style=\"width: 1117px\" class=\"wp-caption alignleft\"><a href=\"http:\/\/monempresarial.com\/wp-content\/uploads\/2017\/09\/cat1.jpg\" target=\"_blank\" rel=\"noopener noreferrer\"><img decoding=\"async\" loading=\"lazy\" class=\"wp-image-16092 size-full\" src=\"http:\/\/monempresarial.com\/wp-content\/uploads\/2017\/09\/cat1.jpg\" alt=\"\" width=\"1117\" height=\"607\" srcset=\"https:\/\/www.monempresarial.com\/wp-content\/uploads\/2017\/09\/cat1.jpg 1117w, https:\/\/www.monempresarial.com\/wp-content\/uploads\/2017\/09\/cat1-300x163.jpg 300w, https:\/\/www.monempresarial.com\/wp-content\/uploads\/2017\/09\/cat1-1024x556.jpg 1024w, https:\/\/www.monempresarial.com\/wp-content\/uploads\/2017\/09\/cat1-300x163@2x.jpg 600w\" sizes=\"(max-width: 1117px) 100vw, 1117px\" \/><\/a><figcaption id=\"caption-attachment-16092\" class=\"wp-caption-text\"><strong>Fonts:<\/strong> <em>World Economic Outlook,<\/em>\u00a0octubre 2016, FMI. <em>World DataBank<\/em>, octubre 2016, Banc Mundial.<\/figcaption><\/figure>\n<p><em>*Projeccions.<\/em><br \/>\n<em> **L&#8217;\u00edndex de Gini mesura fins a quin punt la distribuci\u00f3 dels ingressos (o, en alguns casos, les despeses de consum) entre individus o llars dins d&#8217;una economia es desvia d&#8217;una distribuci\u00f3 perfectament igual, representant un \u00edndex 0 una igualtat perfecta i 100 total desigualtat.<\/em><\/p>\n<p>Aix\u00ed ho demostren les dades que recopilen diversos organismes com, entre d&#8217;altres, el Banc Mundial o l&#8217;OCDE. I \u00e9s que segons l&#8217;Organitzaci\u00f3 per a la Cooperaci\u00f3 i el Desenvolupament Econ\u00f2mics, la desigualtat dels ingressos en els pa\u00efsos de l&#8217;OCDE es troba en el seu nivell m\u00e9s alt dels \u00faltims 25 anys: un quart de segle enrere, el 10% de la poblaci\u00f3 m\u00e9s rica d\u2019aquests pa\u00efsos tenia uns ingressos mitjans set vegades superiors als de la poblaci\u00f3 m\u00e9s pobra. Avui, l\u2019escletxa s&#8217;ha ampliat en 2,5 punts. Un entorn dif\u00edcil on les tensions socials i les friccions pol\u00edtiques troben un apropiat<em> brou de cultiu<\/em>.<\/p>\n<h4>Llegeix tamb\u00e9: <a href=\"http:\/\/monempresarial.com\/2017\/01\/31\/recuperar-mas-y-mejor-crecimiento-economico\/\" target=\"_blank\" rel=\"noopener noreferrer\">Recuperar m\u00e9s (i millor) creixement econ\u00f2mic<\/a><\/h4>\n","protected":false},"excerpt":{"rendered":"<p>La singular &#8220;parella&#8221; que configuren les dades de creixement i desigualtat en diversos pa\u00efsos del m\u00f3n no deixa cap dubte: a la nostra societat post-crisi, si b\u00e9 el ritme de l&#8217;economia ha pres el cam\u00ed de la desacceleraci\u00f3, la bretxa de les desigualtats, en canvi, no nom\u00e9s no s&#8217;ha redu\u00eft sin\u00f3 que s&#8217;ha eixamplat.<\/p>\n","protected":false},"author":1,"featured_media":16096,"comment_status":"open","ping_status":"open","sticky":false,"template":"","format":"standard","meta":{"_mi_skip_tracking":false,"mc4wp_mailchimp_campaign":[],"jnews-multi-image_gallery":[],"jnews_single_post":[],"jnews_primary_category":[]},"categories":[10839,9,10815,10842,17],"tags":[179,567,718,1865,5699,5767,5768,113],"_links":{"self":[{"href":"https:\/\/www.monempresarial.com\/ca\/wp-json\/wp\/v2\/posts\/16091"}],"collection":[{"href":"https:\/\/www.monempresarial.com\/ca\/wp-json\/wp\/v2\/posts"}],"about":[{"href":"https:\/\/www.monempresarial.com\/ca\/wp-json\/wp\/v2\/types\/post"}],"author":[{"embeddable":true,"href":"https:\/\/www.monempresarial.com\/ca\/wp-json\/wp\/v2\/users\/1"}],"replies":[{"embeddable":true,"href":"https:\/\/www.monempresarial.com\/ca\/wp-json\/wp\/v2\/comments?post=16091"}],"version-history":[{"count":1,"href":"https:\/\/www.monempresarial.com\/ca\/wp-json\/wp\/v2\/posts\/16091\/revisions"}],"predecessor-version":[{"id":48053,"href":"https:\/\/www.monempresarial.com\/ca\/wp-json\/wp\/v2\/posts\/16091\/revisions\/48053"}],"wp:featuredmedia":[{"embeddable":true,"href":"https:\/\/www.monempresarial.com\/ca\/wp-json\/wp\/v2\/media\/16096"}],"wp:attachment":[{"href":"https:\/\/www.monempresarial.com\/ca\/wp-json\/wp\/v2\/media?parent=16091"}],"wp:term":[{"taxonomy":"category","embeddable":true,"href":"https:\/\/www.monempresarial.com\/ca\/wp-json\/wp\/v2\/categories?post=16091"},{"taxonomy":"post_tag","embeddable":true,"href":"https:\/\/www.monempresarial.com\/ca\/wp-json\/wp\/v2\/tags?post=16091"}],"curies":[{"name":"wp","href":"https:\/\/api.w.org\/{rel}","templated":true}]}}