{"id":16195,"date":"2017-09-27T13:20:26","date_gmt":"2017-09-27T11:20:26","guid":{"rendered":"http:\/\/monempresarial.com\/?p=16195\/"},"modified":"2025-06-06T10:30:37","modified_gmt":"2025-06-06T08:30:37","slug":"tot-a-punt-per-a-la-diada-de-les-tic","status":"publish","type":"post","link":"https:\/\/www.monempresarial.com\/ca\/2017\/09\/27\/tot-a-punt-per-a-la-diada-de-les-tic\/","title":{"rendered":"Tot a punt per a<\/span> la Diada de les TIC"},"content":{"rendered":"<h4 class=\"5Normal\" style=\"margin-top: 6.0pt; line-height: 150%;\">Dem\u00e0 dijous 28 de setembre tindr\u00e0 lloc la Diada de les Tecnologies de la Informaci\u00f3 i la Comunicaci\u00f3 TIC de Catalunya, una jornada que, sota el t\u00edtol &#8220;Societat Digital: La Ind\u00fastria es reinventa&#8221;, reunir\u00e0 al CosmoCaixa de Barcelona ponents i moderadors de nivell. Tamb\u00e9 es far\u00e0 entrega\u00a0dels Premis Excel\u00b7l\u00e8ncia a algunes de les millors contribucions per al foment de les TIC al nostre pa\u00eds.<\/h4>\n<hr style=\"color: #b72126;\" \/>\n<p>A la jornada organitzada per <strong><a href=\"http:\/\/www.graustic.cat\/cat\/\" target=\"_blank\" rel=\"noopener noreferrer\">GrausTIC<\/a> <\/strong>s&#8217;aprofundir\u00e0 en cinc temes de debat, sobre els quals pivotaran les confer\u00e8ncies de l&#8217;edici\u00f3 d&#8217;enguany:<\/p>\n<ul>\n<li style=\"list-style-type: none;\">\n<ul>\n<li style=\"list-style-type: none;\">\n<ul>\n<li class=\"5Normal\"><span style=\"color: #719f8c; font-weight: bold;\">H\u00e0bits digitals: noves compet\u00e8ncies i professions.\u00a0<\/span>El poder de les xarxes socials; la figura emergent de <em>bloggers<\/em> i <em>influencers<\/em>\u00a0en la comercialitzaci\u00f3 de productes i serveis, per\u00f2 tamb\u00e9 en la vida pol\u00edtica i cultural; les principals tend\u00e8ncies que configuren a partir d&#8217;ara la forma de fer negocis, la publicitat, el m\u00e0rqueting i els nous h\u00e0bits de consum, etc.<\/li>\n<li class=\"5Normal\"><span style=\"color: #719f8c; font-weight: bold;\">Ciberseguretat: la nova ind\u00fastria associada emergent.\u00a0<\/span>La creixent necessitat de protegir les dades de les persones i els agents implicats en aquest afer; les diferents les visions (seguretat f\u00edsica, l\u00f2gica, enginyeria social, etc.) que entren en joc; la irrupci\u00f3 de l&#8217;\u00fas de dispositius connectats de manera massiva i de la Intel\u00b7lig\u00e8ncia Artificial a gran escala, etc.<\/li>\n<\/ul>\n<\/li>\n<\/ul>\n<p><a href=\"http:\/\/monempresarial.com\/wp-content\/uploads\/2017\/09\/shutterstock_530775229.jpg\"><img decoding=\"async\" loading=\"lazy\" class=\" wp-image-16198 aligncenter\" src=\"http:\/\/monempresarial.com\/wp-content\/uploads\/2017\/09\/shutterstock_530775229.jpg\" alt=\"\" width=\"576\" height=\"384\" srcset=\"https:\/\/www.monempresarial.com\/wp-content\/uploads\/2017\/09\/shutterstock_530775229.jpg 1000w, https:\/\/www.monempresarial.com\/wp-content\/uploads\/2017\/09\/shutterstock_530775229-300x200.jpg 300w, https:\/\/www.monempresarial.com\/wp-content\/uploads\/2017\/09\/shutterstock_530775229-252x167.jpg 252w, https:\/\/www.monempresarial.com\/wp-content\/uploads\/2017\/09\/shutterstock_530775229-300x200@2x.jpg 600w, https:\/\/www.monempresarial.com\/wp-content\/uploads\/2017\/09\/shutterstock_530775229-252x167@2x.jpg 504w\" sizes=\"(max-width: 576px) 100vw, 576px\" \/><\/a><\/p>\n<ul>\n<li class=\"5Normal\"><span style=\"color: #719f8c; font-weight: bold;\">Intel\u00b7lig\u00e8ncia artificial i <em>big data<\/em>: l&#8217;aparici\u00f3 dels serveis a mida.\u00a0<\/span>El cam\u00ed que s\u2019inicia amb la recopilaci\u00f3 de les dades o <em>big data;<\/em>\u00a0la seva transformaci\u00f3 en informaci\u00f3 i posteriorment en coneixement; l\u2019aparici\u00f3 de nous models de negoci, organitzatius i de relaci\u00f3 amb les persones; l&#8217;augment en els nivells de personalitzaci\u00f3; l&#8217;aven\u00e7 en la recerca d\u2019efici\u00e8ncies i productivitat a partir del D3 (\u201cData Driven Decisions\u201d), etc.<\/li>\n<li class=\"5Normal\"><span style=\"color: #719f8c; font-weight: bold;\">Compet\u00e8ncies digitals: clau per a l&#8217;accessibilitat social.\u00a0<\/span>La transformaci\u00f3 digital planteja a l\u2019administraci\u00f3 l\u2019oportunitat de construir una relaci\u00f3 amb la ciutadania propera, simple i confiable. Ens adrecem a persones empoderades digitalment que demanden serveis innovadors, personalitzats i proactius, equivalents a iniciatives digitals capdavanteres en el sector privat. Hem de repensar com prestem els serveis, i dissenyar-los atenent a les demandes de la ciutadania.\u00a0Per\u00f2, quin \u00e9s el cam\u00ed a seguir?<\/li>\n<li class=\"5Normal\"><span style=\"color: #719f8c; font-weight: bold;\">Disrupci\u00f3 i emprenedoria. <\/span>El que pretenen els emprenedors \u00e9s reinventar les ind\u00fastries i per aix\u00f2 es dur\u00e0 a terme una taula rodona on els convidats puguin compartir la seva experi\u00e8ncia sobre la innovaci\u00f3 disruptiva i el cam\u00ed per fer-la realitat.<\/li>\n<\/ul>\n<\/li>\n<\/ul>\n<h4><a href=\"http:\/\/www.graustic.cat\/upload\/2017\/09\/dossier-graus-tic-web_file_2.pdf\" target=\"_blank\" rel=\"noopener noreferrer\">Aqu\u00ed podeu consultar el programa sencer de la Diada de les TIC<\/a><\/h4>\n","protected":false},"excerpt":{"rendered":"<p>Dem\u00e0 dijous 28 de setembre tindr\u00e0 lloc la Diada de les Tecnologies de la Informaci\u00f3 i la Comunicaci\u00f3 TIC de Catalunya, una jornada que, sota el t\u00edtol &#8220;Societat Digital: La Ind\u00fastria es reinventa&#8221;, reunir\u00e0 al CosmoCaixa de Barcelona a ponents i moderadors de nivell. Tamb\u00e9 es far\u00e0 entrega dels Premis Excel\u00b7l\u00e8ncia a algunes de les millors contribucions per al foment de les TIC al nostre pa\u00eds.<\/p>\n","protected":false},"author":1,"featured_media":16196,"comment_status":"open","ping_status":"open","sticky":false,"template":"","format":"standard","meta":{"_mi_skip_tracking":false,"mc4wp_mailchimp_campaign":[],"jnews-multi-image_gallery":[],"jnews_single_post":[],"jnews_primary_category":[]},"categories":[5694,10820,10821,10,10825],"tags":[5855,5856,116,194,290,4282,5641,5852,5853,5854],"_links":{"self":[{"href":"https:\/\/www.monempresarial.com\/ca\/wp-json\/wp\/v2\/posts\/16195"}],"collection":[{"href":"https:\/\/www.monempresarial.com\/ca\/wp-json\/wp\/v2\/posts"}],"about":[{"href":"https:\/\/www.monempresarial.com\/ca\/wp-json\/wp\/v2\/types\/post"}],"author":[{"embeddable":true,"href":"https:\/\/www.monempresarial.com\/ca\/wp-json\/wp\/v2\/users\/1"}],"replies":[{"embeddable":true,"href":"https:\/\/www.monempresarial.com\/ca\/wp-json\/wp\/v2\/comments?post=16195"}],"version-history":[{"count":1,"href":"https:\/\/www.monempresarial.com\/ca\/wp-json\/wp\/v2\/posts\/16195\/revisions"}],"predecessor-version":[{"id":46222,"href":"https:\/\/www.monempresarial.com\/ca\/wp-json\/wp\/v2\/posts\/16195\/revisions\/46222"}],"wp:featuredmedia":[{"embeddable":true,"href":"https:\/\/www.monempresarial.com\/ca\/wp-json\/wp\/v2\/media\/16196"}],"wp:attachment":[{"href":"https:\/\/www.monempresarial.com\/ca\/wp-json\/wp\/v2\/media?parent=16195"}],"wp:term":[{"taxonomy":"category","embeddable":true,"href":"https:\/\/www.monempresarial.com\/ca\/wp-json\/wp\/v2\/categories?post=16195"},{"taxonomy":"post_tag","embeddable":true,"href":"https:\/\/www.monempresarial.com\/ca\/wp-json\/wp\/v2\/tags?post=16195"}],"curies":[{"name":"wp","href":"https:\/\/api.w.org\/{rel}","templated":true}]}}