{"id":16201,"date":"2017-09-27T14:30:19","date_gmt":"2017-09-27T12:30:19","guid":{"rendered":"http:\/\/monempresarial.com\/?p=16201\/"},"modified":"2025-06-06T10:30:31","modified_gmt":"2025-06-06T08:30:31","slug":"els-auditors-catalans-reaccionen-a-laplicacio-de-la-nova-llei-dauditoria","status":"publish","type":"post","link":"https:\/\/www.monempresarial.com\/ca\/2017\/09\/27\/els-auditors-catalans-reaccionen-a-laplicacio-de-la-nova-llei-dauditoria\/","title":{"rendered":"Els auditors catalans reaccionen a<\/span> l\u2019aplicaci\u00f3 de la nova Llei d\u2019Auditoria"},"content":{"rendered":"<h4 class=\"5Normal\" style=\"margin-top: 6.0pt; line-height: 150%;\">El <a href=\"https:\/\/www.auditorscensors.com\/\" target=\"_blank\" rel=\"noopener noreferrer\">Col\u00b7legi de Censors Jurats de Comptes de Catalunya (CCJCC)<\/a> va acollir el passat 18 de setembre la VI Jornada d&#8217;Investigaci\u00f3 en Auditoria, on es va posar de manifest la dificultat que suposa per als auditors explicar als clients\u00a0que fins ara tenien un informe net la informaci\u00f3 addicional derivada de l\u2019aplicaci\u00f3 de la nova Llei d\u2019Auditoria.<\/h4>\n<hr style=\"color: #b72126;\" \/>\n<p>Per a <strong><a href=\"http:\/\/monempresarial.com\/2016\/06\/27\/entrevista-daniel-faura-president-col%c2%b7legi-censors-jurats-comptes-catalunya\/\" target=\"_blank\" rel=\"noopener noreferrer\">Daniel Faura, president del Col\u00b7legi de Censors Jurats de Comptes de Catalunya<\/a><\/strong>, \u201cel primer any de l\u2019aplicaci\u00f3 de la nova normativa requerir\u00e0 d\u2019una tasca pedag\u00f2gica molt important per part de l\u2019auditor\u201d. I \u00e9s que amb l&#8217;entrada en vigor de la nova Llei d&#8217;Auditoria (que afecta tots els exercicis iniciats a partir del 17 de juny de 2016) els informes nets poden arribar a incloure dos o tres par\u00e0grafs m\u00e9s de q\u00fcestions clau, que no s\u00f3n excepcions sin\u00f3 informaci\u00f3 addicional. Aix\u00f2 ha donat peu a un nou esquema de treball i tamb\u00e9 a nous desafiaments per al m\u00f3n de l&#8217;auditoria catalana, sobretot en la manera\u00a0de relacionar-se amb el client.<\/p>\n<p>La jornada celebrada per l\u2019Associaci\u00f3 Espanyola de Professors Universitaris de Comptabilitat, tamb\u00e9 va servir per\u00a0debatre q\u00fcestions com la independ\u00e8ncia dels auditors amb la nova llei, la qualitat de la informaci\u00f3 comptable, l\u2019auditoria externa a les administracions locals, i les oportunitats i reptes de l\u2019an\u00e0lisi digital. Entre els assistents, no hi va faltar el professor i economista <strong><a href=\"http:\/\/monempresarial.com\/2017\/06\/13\/biblioteca-empresarial-entrevista-a-jose-maria-gay-de-liebana\/\" target=\"_blank\" rel=\"noopener noreferrer\">Jos\u00e9 Maria Gay de Li\u00e9bana.<\/a><\/strong><\/p>\n","protected":false},"excerpt":{"rendered":"<p>El Col\u00b7legi de Censors Jurats de Comptes de Catalunya (CCJCC) va acollir el passat 18 de setembre la VI Jornada d&#8217;Investigaci\u00f3 en Auditoria, on es va posar de manifest la dificultat que suposa per als auditors explicar als clients\u00a0que fins ara tenien un informe net la informaci\u00f3 addicional derivada de l\u2019aplicaci\u00f3 de la nova Llei [&hellip;]<\/p>\n","protected":false},"author":1,"featured_media":16203,"comment_status":"open","ping_status":"open","sticky":false,"template":"","format":"standard","meta":{"_mi_skip_tracking":false,"mc4wp_mailchimp_campaign":[],"jnews-multi-image_gallery":[],"jnews_single_post":[],"jnews_primary_category":[]},"categories":[5694,10820,10821,10825,10],"tags":[5857,5858,5859,5860,5861,5862,431,1654,4254,5421],"_links":{"self":[{"href":"https:\/\/www.monempresarial.com\/ca\/wp-json\/wp\/v2\/posts\/16201"}],"collection":[{"href":"https:\/\/www.monempresarial.com\/ca\/wp-json\/wp\/v2\/posts"}],"about":[{"href":"https:\/\/www.monempresarial.com\/ca\/wp-json\/wp\/v2\/types\/post"}],"author":[{"embeddable":true,"href":"https:\/\/www.monempresarial.com\/ca\/wp-json\/wp\/v2\/users\/1"}],"replies":[{"embeddable":true,"href":"https:\/\/www.monempresarial.com\/ca\/wp-json\/wp\/v2\/comments?post=16201"}],"version-history":[{"count":1,"href":"https:\/\/www.monempresarial.com\/ca\/wp-json\/wp\/v2\/posts\/16201\/revisions"}],"predecessor-version":[{"id":46221,"href":"https:\/\/www.monempresarial.com\/ca\/wp-json\/wp\/v2\/posts\/16201\/revisions\/46221"}],"wp:featuredmedia":[{"embeddable":true,"href":"https:\/\/www.monempresarial.com\/ca\/wp-json\/wp\/v2\/media\/16203"}],"wp:attachment":[{"href":"https:\/\/www.monempresarial.com\/ca\/wp-json\/wp\/v2\/media?parent=16201"}],"wp:term":[{"taxonomy":"category","embeddable":true,"href":"https:\/\/www.monempresarial.com\/ca\/wp-json\/wp\/v2\/categories?post=16201"},{"taxonomy":"post_tag","embeddable":true,"href":"https:\/\/www.monempresarial.com\/ca\/wp-json\/wp\/v2\/tags?post=16201"}],"curies":[{"name":"wp","href":"https:\/\/api.w.org\/{rel}","templated":true}]}}