{"id":16243,"date":"2017-09-28T12:21:39","date_gmt":"2017-09-28T10:21:39","guid":{"rendered":"http:\/\/monempresarial.com\/?p=16243\/"},"modified":"2025-09-25T09:38:34","modified_gmt":"2025-09-25T07:38:34","slug":"perspectiva-del-trimestre-previsions-economiques-per-enguany","status":"publish","type":"post","link":"https:\/\/www.monempresarial.com\/ca\/2017\/09\/28\/perspectiva-del-trimestre-previsions-economiques-per-enguany\/","title":{"rendered":"Perspectiva del trimestre:<\/span> Previsions econ\u00f2miques per enguany"},"content":{"rendered":"<h4><img decoding=\"async\" loading=\"lazy\" class=\"alignright wp-image-8620\" src=\"http:\/\/monempresarial.com\/wp-content\/uploads\/2016\/01\/mon-empresarial-005-joan-tugores.png\" alt=\"mon-empresarial-005-joan-tugores\" width=\"226\" height=\"215\" \/>A principis del 2017, tant el Fons Monetari Internacional com el Banc Mundial han publicat documents d&#8217;actualitzaci\u00f3 de les seves previsions econ\u00f2miques.<\/h4>\n<h4><span style=\"color: #829c92; text-transform: uppercase;\">Joan Tugores Ques. <\/span>Catedr\u00e0tic d&#8217;Economia de la UB.<\/h4>\n<hr style=\"color: #b72126;\" \/>\n<p><span style=\"color: #829c92; text-transform: uppercase; font-weight: bold;\">fmi:<\/span>\u00a0Entre els trets destacats que durant l\u2019any 2017 caldr\u00e0 seguir per valorar si es ratifiquen o alteren, cal recalcar:<\/p>\n<ol>\n<li>Una<strong> dosi d&#8217;incertesa<\/strong> m\u00e9s elevada que en altres anys, no nom\u00e9s \u2013i no tant\u2013 per causes econ\u00f2miques sin\u00f3 pol\u00edtiques. En particular les anomenades <em>hiperincerteses<\/em> (per part del professor Eichengreen) sobre la pol\u00edtica dels Estats Units i les respostes d&#8217;altres pa\u00efsos, a m\u00e9s del preu del petroli i de conting\u00e8ncies geopol\u00edtiques.<\/li>\n<li>Un<strong> to lleugerament a l&#8217;al\u00e7a<\/strong> de les previsions del conjunt de l&#8217;economia mundial, que deixarien 2016 com un any de m\u00ednim creixement des del 2012, subjecte a les esmentades incerteses.<\/li>\n<li>Una <strong>expansi\u00f3 a curt termini m\u00e9s important als Estats Units<\/strong> que en d\u2019altres pa\u00efsos avan\u00e7ats, inclosa la zona euro.<\/li>\n<li>Una <strong>desacceleraci\u00f3 suau a la Xina<\/strong> compensada per altes taxes de creixement a l&#8217;\u00cdndia i millors perspectives en altres llocs, inclosa l\u2019Am\u00e8rica Llatina, que conduirien a l&#8217;al\u00e7a al conjunt de les economies emergents i en desenvolupament.<\/li>\n<\/ol>\n<figure id=\"attachment_16244\" aria-describedby=\"caption-attachment-16244\" style=\"width: 778px\" class=\"wp-caption aligncenter\"><a href=\"http:\/\/monempresarial.com\/wp-content\/uploads\/2017\/09\/fmi.jpg\"><img decoding=\"async\" loading=\"lazy\" class=\"wp-image-16244\" src=\"http:\/\/monempresarial.com\/wp-content\/uploads\/2017\/09\/fmi.jpg\" alt=\"\" width=\"778\" height=\"396\" srcset=\"https:\/\/www.monempresarial.com\/wp-content\/uploads\/2017\/09\/fmi.jpg 847w, https:\/\/www.monempresarial.com\/wp-content\/uploads\/2017\/09\/fmi-300x153.jpg 300w, https:\/\/www.monempresarial.com\/wp-content\/uploads\/2017\/09\/fmi-300x153@2x.jpg 600w\" sizes=\"(max-width: 778px) 100vw, 778px\" \/><\/a><figcaption id=\"caption-attachment-16244\" class=\"wp-caption-text\"><strong>Font:<\/strong> FMI, actualitzaci\u00f3 del <em>World Economic Outlook<\/em>, gener del 2017.<\/figcaption><\/figure>\n<p><span style=\"color: #829c92; text-transform: uppercase; font-weight: bold;\">BM:\u00a0<\/span>Pel que fa a les previsions del Banc Mundial, aquestes van substancialment en la mateixa l\u00ednia. La <strong>figura adjunta<\/strong> mostra l&#8217;evoluci\u00f3 segons aquest organisme tant del conjunt de l&#8217;economia mundial com dels dos importants grups dels pa\u00efsos avan\u00e7ats, d&#8217;una banda, i les economies emergents i en desenvolupament, de l\u2019altra. Una dada que destaca i que caldr\u00e0 seguir per veure si es confirma (o no) \u00e9s que el diferencial de creixement en favor del segon grup, que va ser molt notable abans de la crisi i que des del 2012 es venia reduint, hauria arribat a un m\u00ednim els anys 2015-2016 per tornar a eixamplar-se des del 2017. De nou, les dimensions econ\u00f2miques i geopol\u00edtiques associades a aquestes dades s&#8217;entrecreuen.<\/p>\n<figure id=\"attachment_16245\" aria-describedby=\"caption-attachment-16245\" style=\"width: 755px\" class=\"wp-caption aligncenter\"><a href=\"http:\/\/monempresarial.com\/wp-content\/uploads\/2017\/09\/bm.jpg\"><img decoding=\"async\" loading=\"lazy\" class=\"wp-image-16245\" src=\"http:\/\/monempresarial.com\/wp-content\/uploads\/2017\/09\/bm.jpg\" alt=\"\" width=\"755\" height=\"337\" srcset=\"https:\/\/www.monempresarial.com\/wp-content\/uploads\/2017\/09\/bm.jpg 847w, https:\/\/www.monempresarial.com\/wp-content\/uploads\/2017\/09\/bm-300x134.jpg 300w, https:\/\/www.monempresarial.com\/wp-content\/uploads\/2017\/09\/bm-300x134@2x.jpg 600w\" sizes=\"(max-width: 755px) 100vw, 755px\" \/><\/a><figcaption id=\"caption-attachment-16245\" class=\"wp-caption-text\"><strong>Font:<\/strong> Banc Mundial, <em>Global Economic Prospects<\/em>, gener 2017.<\/figcaption><\/figure>\n<h4><strong>Llegeix tamb\u00e9:\u00a0<a href=\"http:\/\/monempresarial.com\/2017\/09\/26\/el-final-de-la-globalitzacio\/\" target=\"_blank\" rel=\"noopener noreferrer\">El final de la globalitzaci\u00f3?<\/a><\/strong><\/h4>\n<h4><strong>Llegeix tamb\u00e9:\u00a0<a href=\"http:\/\/monempresarial.com\/2017\/09\/26\/infografia-exportacions-i-pib-una-relacio-de-pes\/\" target=\"_blank\" rel=\"noopener noreferrer\">Infografia: Exportacions i PIB, una relaci\u00f3 de pes<\/a><\/strong><\/h4>\n","protected":false},"excerpt":{"rendered":"<p>A principis del 2017, tant el Fons Monetari Internacional com el Banc Mundial han publicat documents d&#8217;actualitzaci\u00f3 de les seves previsions econ\u00f2miques. <\/p>\n","protected":false},"author":1,"featured_media":16246,"comment_status":"open","ping_status":"open","sticky":false,"template":"","format":"standard","meta":{"_mi_skip_tracking":false,"mc4wp_mailchimp_campaign":[],"jnews-multi-image_gallery":[],"jnews_single_post":[],"jnews_primary_category":[]},"categories":[9],"tags":[1405,2295,5578,5699,5714,5905,5906,5907,5908,1048],"_links":{"self":[{"href":"https:\/\/www.monempresarial.com\/ca\/wp-json\/wp\/v2\/posts\/16243"}],"collection":[{"href":"https:\/\/www.monempresarial.com\/ca\/wp-json\/wp\/v2\/posts"}],"about":[{"href":"https:\/\/www.monempresarial.com\/ca\/wp-json\/wp\/v2\/types\/post"}],"author":[{"embeddable":true,"href":"https:\/\/www.monempresarial.com\/ca\/wp-json\/wp\/v2\/users\/1"}],"replies":[{"embeddable":true,"href":"https:\/\/www.monempresarial.com\/ca\/wp-json\/wp\/v2\/comments?post=16243"}],"version-history":[{"count":1,"href":"https:\/\/www.monempresarial.com\/ca\/wp-json\/wp\/v2\/posts\/16243\/revisions"}],"predecessor-version":[{"id":48046,"href":"https:\/\/www.monempresarial.com\/ca\/wp-json\/wp\/v2\/posts\/16243\/revisions\/48046"}],"wp:featuredmedia":[{"embeddable":true,"href":"https:\/\/www.monempresarial.com\/ca\/wp-json\/wp\/v2\/media\/16246"}],"wp:attachment":[{"href":"https:\/\/www.monempresarial.com\/ca\/wp-json\/wp\/v2\/media?parent=16243"}],"wp:term":[{"taxonomy":"category","embeddable":true,"href":"https:\/\/www.monempresarial.com\/ca\/wp-json\/wp\/v2\/categories?post=16243"},{"taxonomy":"post_tag","embeddable":true,"href":"https:\/\/www.monempresarial.com\/ca\/wp-json\/wp\/v2\/tags?post=16243"}],"curies":[{"name":"wp","href":"https:\/\/api.w.org\/{rel}","templated":true}]}}