{"id":16278,"date":"2017-09-28T14:20:34","date_gmt":"2017-09-28T12:20:34","guid":{"rendered":"http:\/\/monempresarial.com\/2017\/09\/28\/debate-politico-primarias\/"},"modified":"2025-09-25T09:38:12","modified_gmt":"2025-09-25T07:38:12","slug":"debat-politic-primaries","status":"publish","type":"post","link":"https:\/\/www.monempresarial.com\/ca\/2017\/09\/28\/debat-politic-primaries\/","title":{"rendered":"Debat pol\u00edtic:Prim\u00e0ries"},"content":{"rendered":"<h4>S\u2019haurien de fer amb la participaci\u00f3 dels ciutadans o nom\u00e9s dels afiliats?<br \/>\nEls debats p\u00fablics als mitjans de comunicaci\u00f3, com als EUA, tamb\u00e9 s\u2019haurien de promoure?<\/h4>\n<h4>Coordinaci\u00f3: <a style=\"color: #ae0f09;\" href=\"http:\/\/monempresarial.com\/author\/acosialls\/\">Berta Seijo<\/a>\u00a0\u00a0\u00a0Fotos: <span style=\"color: #ae0f09;\">Cedides<\/span><\/h4>\n<hr style=\"color: #b72126;\" \/>\n<div style=\"background-color: #ae0f09; text-align: center;\"><span style=\"color: #ffffff; font-weight: bold; font-size: 20px;\">Junts pel S\u00ed <\/span><\/div>\n<p><a href=\"http:\/\/monempresarial.com\/wp-content\/uploads\/2017\/09\/junts.jpg\"><img decoding=\"async\" loading=\"lazy\" class=\"size-full wp-image-16283 alignleft\" src=\"http:\/\/monempresarial.com\/wp-content\/uploads\/2017\/09\/junts.jpg\" alt=\"\" width=\"180\" height=\"275\" \/><\/a>&#8220;Des de Junts pel S\u00ed sempre ens hem mostrat molt respectuosos amb els procediments interns de tots els partits, no nom\u00e9s els que formen part de la coalici\u00f3, i creiem que han de ser els militants de cadascun d\u2019ells els que tri\u00efn quina \u00e9s la millor opci\u00f3 per escollir els seus \u00f2rgans de direcci\u00f3. Dit aix\u00f2, creiem que les prim\u00e0ries, i totes les mesures de participaci\u00f3 que fomentin la democr\u00e0cia interna, s\u00f3n positives. Els ciutadans reclamen una major participaci\u00f3 i les prim\u00e0ries esdevenen una de les millors eines.&#8221;<\/p>\n<p>&nbsp;<\/p>\n<p>&nbsp;<\/p>\n<p>&nbsp;<\/p>\n<p>&nbsp;<\/p>\n<p>&nbsp;<\/p>\n<div style=\"background-color: #ae0f09; text-align: center;\"><span style=\"color: #ffffff; font-weight: bold; font-size: 20px;\">Partit Socialista de Catalunya<\/span><\/div>\n<p><a href=\"http:\/\/monempresarial.com\/wp-content\/uploads\/2017\/09\/psc.jpg\"><img decoding=\"async\" loading=\"lazy\" class=\"size-full wp-image-16285 alignright\" src=\"http:\/\/monempresarial.com\/wp-content\/uploads\/2017\/09\/psc.jpg\" alt=\"\" width=\"173\" height=\"264\" \/><\/a>&#8220;Les prim\u00e0ries s\u00f3n un exercici d\u2019aprofundiment democr\u00e0tic i de millora de la participaci\u00f3 que ha arribat per quedar-se, i han de ser obertes a totes aquelles persones que comparteixin projecte pol\u00edtic i model de societat. Els debats als mitjans de comunicaci\u00f3 s\u00f3n imprescindibles per fer arribar les propostes a la ciutadania; nosaltres ho vam demostrar amb les prim\u00e0ries per escollir el candidat a l\u2019alcaldia de Barcelona el 2014.&#8221;<\/p>\n<p>&nbsp;<\/p>\n<p>&nbsp;<\/p>\n<p>&nbsp;<\/p>\n<p>&nbsp;<\/p>\n<div style=\"background-color: #ae0f09; text-align: center;\"><span style=\"color: #ffffff; font-weight: bold; font-size: 20px;\">Catalunya S\u00ed que es Pot\u00a0<\/span><\/div>\n<p><a href=\"http:\/\/monempresarial.com\/wp-content\/uploads\/2017\/09\/rabell.jpg\"><img decoding=\"async\" loading=\"lazy\" class=\"wp-image-16288 alignleft\" src=\"http:\/\/monempresarial.com\/wp-content\/uploads\/2017\/09\/rabell.jpg\" alt=\"\" width=\"189\" height=\"280\" srcset=\"https:\/\/www.monempresarial.com\/wp-content\/uploads\/2017\/09\/rabell.jpg 270w, https:\/\/www.monempresarial.com\/wp-content\/uploads\/2017\/09\/rabell-202x300.jpg 202w\" sizes=\"(max-width: 189px) 100vw, 189px\" \/><\/a>&#8220;No hi ha un model inq\u00fcestionable de prim\u00e0ries. Entre afiliats, tenen major pes l\u2019ortod\u00f2xia pol\u00edtica, la tradici\u00f3 i cultura militants. Si s\u00f3n obertes, es pot certament projectar un candidat amb major acceptaci\u00f3 popular. La influ\u00e8ncia medi\u00e0tica condiciona i distorsiona, per\u00f2, l\u2019elecci\u00f3 del candidat.&#8221;<\/p>\n<p>&nbsp;<\/p>\n<p>&nbsp;<\/p>\n<p>&nbsp;<\/p>\n<p>&nbsp;<\/p>\n<p><span style=\"color: #ffffff; font-weight: bold; font-size: 20px;\">P<\/span><\/p>\n<div style=\"background-color: #ae0f09; text-align: center;\"><span style=\"color: #ffffff; font-weight: bold; font-size: 20px;\">Partit Popular Catal\u00e0<\/span><\/div>\n<p><a href=\"http:\/\/monempresarial.com\/wp-content\/uploads\/2017\/09\/pp-catal\u00e0.jpg\"><img decoding=\"async\" loading=\"lazy\" class=\"wp-image-16284 alignleft\" src=\"http:\/\/monempresarial.com\/wp-content\/uploads\/2017\/09\/pp-catal\u00e0.jpg\" alt=\"\" width=\"186\" height=\"297\" srcset=\"https:\/\/www.monempresarial.com\/wp-content\/uploads\/2017\/09\/pp-catal\u00e0.jpg 212w, https:\/\/www.monempresarial.com\/wp-content\/uploads\/2017\/09\/pp-catal\u00e0-188x300.jpg 188w\" sizes=\"(max-width: 186px) 100vw, 186px\" \/><\/a>&#8220;Les prim\u00e0ries obertes poden pervertir el sistema: els electors d\u2019una opci\u00f3 poden participar en les prim\u00e0ries dels seus adversaris i triar el pitjor candidat. Les acotades als membres del partit eviten aquest risc. En democr\u00e0cia el contrast d\u2019idees \u00e9s b\u00e0sic, els mitjans de comunicaci\u00f3 s\u00f3n clau.&#8221;<em>\u00a0<\/em><\/p>\n<p>&nbsp;<\/p>\n<p>&nbsp;<\/p>\n<p>&nbsp;<\/p>\n<p>&nbsp;<\/p>\n<p>&nbsp;<\/p>\n<p>&nbsp;<\/p>\n<div style=\"background-color: #ae0f09; text-align: center;\"><span style=\"color: #ffffff; font-weight: bold; font-size: 20px;\">Ciutadans<\/span><\/div>\n<p><a href=\"http:\/\/monempresarial.com\/wp-content\/uploads\/2017\/09\/ciutadans.jpg\"><img decoding=\"async\" loading=\"lazy\" class=\"wp-image-16281 alignright\" src=\"http:\/\/monempresarial.com\/wp-content\/uploads\/2017\/09\/ciutadans.jpg\" alt=\"\" width=\"178\" height=\"269\" srcset=\"https:\/\/www.monempresarial.com\/wp-content\/uploads\/2017\/09\/ciutadans.jpg 217w, https:\/\/www.monempresarial.com\/wp-content\/uploads\/2017\/09\/ciutadans-198x300.jpg 198w\" sizes=\"(max-width: 178px) 100vw, 178px\" \/><\/a>&#8220;Ciutadans \u00e9s de tots els seus afiliats: tots poden participar en les prim\u00e0ries. A d\u2019altres partits ho tenen prohibit. Tamb\u00e9 afavoreix la democr\u00e0cia interna que les prim\u00e0ries permetin presentar-s\u2019hi a tots els militants sense avals. Com m\u00e9s debats i intercanvi d\u2019idees entre partits, m\u00e9s eines t\u00e9 la ciutadania per participar en la pol\u00edtica.&#8221;<\/p>\n<h4><\/h4>\n<h4><\/h4>\n<h4><\/h4>\n<p>&nbsp;<\/p>\n<p><em>*La CUP ha preferit no fer declaracions sobre aquest assumpte.\u00a0<\/em><\/p>\n<h4>Llegeix tamb\u00e9:\u00a0<a href=\"http:\/\/monempresarial.com\/2017\/09\/28\/primaries-de-debo-partits-ferris-o-participacio\/\" target=\"_blank\" rel=\"noopener noreferrer\">Prim\u00e0ries de deb\u00f2: partits ferris o participaci\u00f3<\/a><\/h4>\n","protected":false},"excerpt":{"rendered":"<p>S\u2019haurien de fer amb la participaci\u00f3 dels ciutadans o nom\u00e9s dels afiliats?<br \/>\nEls debats p\u00fablics als mitjans de comunicaci\u00f3, com als EUA, tamb\u00e9 s\u2019haurien de promoure?<\/p>\n","protected":false},"author":1,"featured_media":16276,"comment_status":"closed","ping_status":"closed","sticky":false,"template":"","format":"standard","meta":{"_mi_skip_tracking":false,"mc4wp_mailchimp_campaign":[],"jnews-multi-image_gallery":[],"jnews_single_post":[],"jnews_primary_category":[]},"categories":[9,10820,10821,10822,25],"tags":[1533,5808,5918,5920,5934,351,389,1070,1508],"_links":{"self":[{"href":"https:\/\/www.monempresarial.com\/ca\/wp-json\/wp\/v2\/posts\/16278"}],"collection":[{"href":"https:\/\/www.monempresarial.com\/ca\/wp-json\/wp\/v2\/posts"}],"about":[{"href":"https:\/\/www.monempresarial.com\/ca\/wp-json\/wp\/v2\/types\/post"}],"author":[{"embeddable":true,"href":"https:\/\/www.monempresarial.com\/ca\/wp-json\/wp\/v2\/users\/1"}],"replies":[{"embeddable":true,"href":"https:\/\/www.monempresarial.com\/ca\/wp-json\/wp\/v2\/comments?post=16278"}],"version-history":[{"count":2,"href":"https:\/\/www.monempresarial.com\/ca\/wp-json\/wp\/v2\/posts\/16278\/revisions"}],"predecessor-version":[{"id":48043,"href":"https:\/\/www.monempresarial.com\/ca\/wp-json\/wp\/v2\/posts\/16278\/revisions\/48043"}],"wp:featuredmedia":[{"embeddable":true,"href":"https:\/\/www.monempresarial.com\/ca\/wp-json\/wp\/v2\/media\/16276"}],"wp:attachment":[{"href":"https:\/\/www.monempresarial.com\/ca\/wp-json\/wp\/v2\/media?parent=16278"}],"wp:term":[{"taxonomy":"category","embeddable":true,"href":"https:\/\/www.monempresarial.com\/ca\/wp-json\/wp\/v2\/categories?post=16278"},{"taxonomy":"post_tag","embeddable":true,"href":"https:\/\/www.monempresarial.com\/ca\/wp-json\/wp\/v2\/tags?post=16278"}],"curies":[{"name":"wp","href":"https:\/\/api.w.org\/{rel}","templated":true}]}}