{"id":16325,"date":"2017-09-29T14:32:10","date_gmt":"2017-09-29T12:32:10","guid":{"rendered":"http:\/\/monempresarial.com\/2017\/09\/29\/como-se-ha-de-regular-la-economia-colaborativa-marco-fiscal-y-tributario-adaptado-a-los-diferentes-agentes\/"},"modified":"2025-09-25T09:37:09","modified_gmt":"2025-09-25T07:37:09","slug":"economia-colaborativa-marc-fiscal-i-tributari-adaptat-als-diferents-agents","status":"publish","type":"post","link":"https:\/\/www.monempresarial.com\/ca\/2017\/09\/29\/economia-colaborativa-marc-fiscal-i-tributari-adaptat-als-diferents-agents\/","title":{"rendered":"Com s\u2019ha de regular l\u2019economia col\u00b7laborativa? Marc fiscal i tributari adaptat als diferents agents"},"content":{"rendered":"<h4><a href=\"https:\/\/www.monempresarial.com\/wp-content\/uploads\/2016\/03\/mon-empresarial-005-joan-b-casas.png\"><img decoding=\"async\" loading=\"lazy\" class=\" wp-image-9256 alignright\" src=\"https:\/\/www.monempresarial.com\/wp-content\/uploads\/2016\/03\/mon-empresarial-005-joan-b-casas.png\" alt=\"\" width=\"251\" height=\"259\" srcset=\"https:\/\/www.monempresarial.com\/wp-content\/uploads\/2016\/03\/mon-empresarial-005-joan-b-casas.png 300w, https:\/\/www.monempresarial.com\/wp-content\/uploads\/2016\/03\/mon-empresarial-005-joan-b-casas-290x300.png 290w\" sizes=\"(max-width: 251px) 100vw, 251px\" \/><\/a>Entenem per economia col\u00b7laborativa el sistema econ\u00f2mic en qu\u00e8 es comparteixen i intercanvien b\u00e9ns i serveis a trav\u00e9s de plataformes digitals. Cal destacar, per tant, la seva depend\u00e8ncia tecnol\u00f2gica inserida en all\u00f2 que es defineix com la digitalitzaci\u00f3 de l\u2019economia.<\/h4>\n<h4><span style=\"color: #88576b; text-transform: uppercase;\">JOAN B. CASAS.<\/span><span style=\"color: #663300; text-transform: uppercase;\">\u00a0<\/span>Deg\u00e0 del Col\u00b7legi d\u2019Economistes de Catalunya.<\/h4>\n<hr style=\"color: #b72126;\" \/>\n<p>L\u2019evoluci\u00f3 experimentada, no prevista en els seus inicis, ha comportat que pr\u00e0cticament una activitat que mou gran quantitat de recursos econ\u00f2mics, financers i materials s\u2019hagi desenvolupat en un marc legal feble i, en molts casos, conf\u00fas. A t\u00edtol d\u2019exemple podem analitzar el cas d\u2019Airbnb, que disposa de 800.000 allotjaments i est\u00e0 present a 34.000 ciutats i 196 pa\u00efsos, sense tenir cap apartament en propietat. Pel que fa als ingressos de les plataformes han passat del bili\u00f3 d\u2019euros el 2013, a 1\u20198 bilions d\u2019euros el 2014 i 3\u20196 bilions el 2015. Aquesta realitat, que a m\u00e9s t\u00e9 un enorme potencial, precisa, per tant, d\u2019una regulaci\u00f3 que abasti tots els \u00e0mbits de l\u2019activitat (laboral, administratiu, fiscal, etc.).<\/p>\n<p>Pel que fa espec\u00edficament a l\u2019aspecte fiscal i tributari, crec que \u00e9s \u00fatil referir-se al document elaborat per la Comissi\u00f3 Europea (Agenda Europea per a l&#8217;Economia Col\u00b7laborativa) que estableix unes recomanacions no vinculants de cara a disposar d\u2019un marc homogeni a la UE. El principi b\u00e0sic sobre el qual es fonamenta el text \u00e9s que els prove\u00efdors de serveis i les plataformes d\u2019economia col\u00b7laborativa han de pagar impostos que afecten a tots els agents de l\u2019economia; entre ells, l\u2019Impost sobre la Renda Personal (IRPF), l\u2019Impost sobre Societats i l\u2019Impost sobre el Valor Afegit (IVA).<\/p>\n<blockquote>\n<h2 style=\"color: #88576b;\">A t\u00edtol d\u2019exemple podem analitzar el cas d\u2019Airbnb, que disposa de 800.000 allotjaments i est\u00e0 present a 34.000 ciutats i 196 pa\u00efsos, sense tenir cap apartament en propietat<\/h2>\n<\/blockquote>\n<p>Aquesta \u00f2bvia definici\u00f3 de principis precisa, naturalment, d\u2019un aprofundiment en funci\u00f3 de les caracter\u00edstiques de cadascun dels agents que intervenen en el proc\u00e9s de l\u2019economia col\u00b7laborativa. Aix\u00ed, en primer lloc, caldria distingir entre les grans empreses multinacionals i aquells que es mouen en una col\u00b7laboraci\u00f3 real entre usuaris de b\u00e9ns i serveis. Les empreses intermedi\u00e0ries que cobren una comissi\u00f3 per aquesta funci\u00f3 estarien subjectes a IVA, i tamb\u00e9 a l\u2019Impost de Societats si tenen la seu social a l\u2019estat espanyol o, en cas contrari, per l\u2019impost de la renda a no residents. Cal dir que, en la majoria dels casos, l\u2019enginyeria i l\u2019elusi\u00f3 fiscal els permet tributar a pa\u00efsos de baixa pressi\u00f3 fiscal, com ara Irlanda.<\/p>\n<p>Pel que fa al particular que col\u00b7labori amb una plataforma (per exemple, llogant una habitaci\u00f3 amb Airbnb), en el cas que ho faci d\u2019una forma recurrent estaria subjecte a IAE (Impost d\u2019Activitats Econ\u00f2miques) i tamb\u00e9 a l\u2019IVA. I en funci\u00f3 de si actua com a persona f\u00edsica o com a societat, caldria tributar en l\u2019IRPF o b\u00e9 en Societats.<\/p>\n","protected":false},"excerpt":{"rendered":"<p>Entenem per economia col\u00b7laborativa el sistema econ\u00f2mic en qu\u00e8 es comparteixen i intercanvien b\u00e9ns i serveis a trav\u00e9s de plataformes digitals. Cal destacar, per tant, la seva depend\u00e8ncia tecnol\u00f2gica inserida en all\u00f2 que es defineix com la digitalitzaci\u00f3 de l\u2019economia.<\/p>\n","protected":false},"author":1,"featured_media":16323,"comment_status":"closed","ping_status":"closed","sticky":false,"template":"","format":"standard","meta":{"_mi_skip_tracking":false,"mc4wp_mailchimp_campaign":[],"jnews-multi-image_gallery":[],"jnews_single_post":[],"jnews_primary_category":[]},"categories":[32,10846,12,10816,13],"tags":[116,119,5274,5744,5884,5885,5961,5962,5963,5964,5965,5966,5967,10573,10931],"_links":{"self":[{"href":"https:\/\/www.monempresarial.com\/ca\/wp-json\/wp\/v2\/posts\/16325"}],"collection":[{"href":"https:\/\/www.monempresarial.com\/ca\/wp-json\/wp\/v2\/posts"}],"about":[{"href":"https:\/\/www.monempresarial.com\/ca\/wp-json\/wp\/v2\/types\/post"}],"author":[{"embeddable":true,"href":"https:\/\/www.monempresarial.com\/ca\/wp-json\/wp\/v2\/users\/1"}],"replies":[{"embeddable":true,"href":"https:\/\/www.monempresarial.com\/ca\/wp-json\/wp\/v2\/comments?post=16325"}],"version-history":[{"count":1,"href":"https:\/\/www.monempresarial.com\/ca\/wp-json\/wp\/v2\/posts\/16325\/revisions"}],"predecessor-version":[{"id":48040,"href":"https:\/\/www.monempresarial.com\/ca\/wp-json\/wp\/v2\/posts\/16325\/revisions\/48040"}],"wp:featuredmedia":[{"embeddable":true,"href":"https:\/\/www.monempresarial.com\/ca\/wp-json\/wp\/v2\/media\/16323"}],"wp:attachment":[{"href":"https:\/\/www.monempresarial.com\/ca\/wp-json\/wp\/v2\/media?parent=16325"}],"wp:term":[{"taxonomy":"category","embeddable":true,"href":"https:\/\/www.monempresarial.com\/ca\/wp-json\/wp\/v2\/categories?post=16325"},{"taxonomy":"post_tag","embeddable":true,"href":"https:\/\/www.monempresarial.com\/ca\/wp-json\/wp\/v2\/tags?post=16325"}],"curies":[{"name":"wp","href":"https:\/\/api.w.org\/{rel}","templated":true}]}}