{"id":1635,"date":"2014-11-14T08:00:22","date_gmt":"2014-11-14T07:00:22","guid":{"rendered":"http:\/\/monempresarial.com\/?p=1635"},"modified":"2022-12-22T10:25:15","modified_gmt":"2022-12-22T09:25:15","slug":"contacte-conscient-massatges-que-curen","status":"publish","type":"post","link":"https:\/\/www.monempresarial.com\/ca\/2014\/11\/14\/contacte-conscient-massatges-que-curen\/","title":{"rendered":"El contacte conscient: massatges que curen"},"content":{"rendered":"<h5>La fisioterapeuta Therese Bertherat \u00e9s la mare d\u2019aquesta ter\u00e0pia corporal que converteix un massatge en remei per alliberar cos, ment i esperit.<\/h5>\n<figure id=\"attachment_1636\" aria-describedby=\"caption-attachment-1636\" style=\"width: 600px\" class=\"wp-caption aligncenter\"><img decoding=\"async\" loading=\"lazy\" src=\"http:\/\/monempresarial.com\/wp-content\/uploads\/2014\/11\/monempresarial-155-massatges-que-curen.png\" alt=\"Massatges que curen\" width=\"600\" height=\"308\" class=\"size-full wp-image-1636\" srcset=\"https:\/\/www.monempresarial.com\/wp-content\/uploads\/2014\/11\/monempresarial-155-massatges-que-curen-300x154@2x.png 600w, https:\/\/www.monempresarial.com\/wp-content\/uploads\/2014\/11\/monempresarial-155-massatges-que-curen-300x154.png 300w\" sizes=\"(max-width: 600px) 100vw, 600px\" \/><figcaption id=\"caption-attachment-1636\" class=\"wp-caption-text\">Per molt fort i muscul\u00f3s que sigui l\u2019aspecte d\u2019un pacient, unes mans poden fer miracles. Amb un massatge ben fet, la tensi\u00f3 i la crispaci\u00f3 acumulades poden desapar\u00e8ixer.&nbsp;&nbsp;&nbsp;&nbsp;&nbsp;\/&nbsp;SHUTTERSTOCK<\/figcaption><\/figure>\n<p style=\"text-align: right;\"><strong>M. Llu\u00efsa Valls Carreres<\/strong><br \/>\nMassagista a l\u2019<a href=\"http:\/\/www.hotelbalneariovichycatalan.com\/CA\/hotel.html\" target=\"_blank\" rel=\"noopener\">Hotel Balneari Vichy Catalan<\/a><br \/>\nTitulada en Reflexologia Podal, Reflexologia Chakres, Massatge Terapeutic,<br \/>\nDrenatge Limfatic, Digitocupuntura, Reiki i Terapia regressiva<\/p>\n<p>El contacte conscient \u00e9s una de les eines b\u00e0siques amb les quals treballen els massatgistes. Es tracta d\u2019un tipus de contacte que convida el pacient a recuperar la flu\u00efdesa energ\u00e8tica del seu propi cos mitjan\u00e7ant la confian\u00e7a en unes mans \u2013les del terapeuta- que treballaran per tornar el to adient a uns m\u00fasculs tensos i crispats, aconseguint, d\u2019aquesta manera, un massatge terap\u00e8utic o sanador.<br \/>\nPer realitzar aquest tipus de contacte, per\u00f2, el propi terapeuta ha d\u2019estar-hi predisposat. Aix\u00ed, per comen\u00e7ar, ha de percebre l\u2019alineaci\u00f3 del seu propi cos, de la seva ment i del seu esperit, per tal d\u2019abordar, despr\u00e9s, el cos del pacient amb un contacte que va m\u00e9s enll\u00e0 d\u2019efectuar manipulacions sobre m\u00fasculs i simples tendons. \u00c9s un contacte, per tant, que es realitza en silenci -sense presses i sense pauses- i en el qual s\u2019exerceix pressi\u00f3 sobre els peus, el rostre i l\u2019esquena de l\u2019altre amb la presencia necess\u00e0ria que permeti connectar \u2013subtilment i alhora de forma evident- un mateix amb l\u2019altre. S\u2019aconsegueix, aix\u00ed que el cos s\u2019obri i s\u2019alliberi de les seves tensions f\u00edsiques i emocionals. <\/p>\n<blockquote>\n<h2>\u00c9s un contacte sense presses i sense pauses, a trav\u00e9s del qual el cos s\u2019obre i es redimeix de les seves tensions f\u00edsiques i emocionals<\/h2>\n<\/blockquote>\n<p><strong>La for\u00e7a no ho \u00e9s tot<\/strong><br \/>\nDurant el massatge, per\u00f2, cal recordar que les mans del terapeuta i la seva for\u00e7a no s\u00f3n el m\u00e9s transcendent. Per molt fort i muscul\u00f3s que sigui l\u2019aspecte d\u2019un pacient, unes mans poden fer miracles! Amb un massatge ben fet, tenint en compte els criteris esmentats, la tensi\u00f3 i la crispaci\u00f3 acumulades poden desapar\u00e8ixer. La clau rau a percebre com, encara que sembli per art de m\u00e0gia, amb aquesta consci\u00e8ncia cada m\u00fascul va cedint i prenent el seu to muscular apropiat.<br \/>\nEl terapeuta nota que no \u00e9s la for\u00e7a f\u00edsica de les seves mans la responsable de relaxar un cos engarrotat, sin\u00f3 la pr\u00f2pia voluntat de la persona que descansa a la llitera. Perqu\u00e8 gr\u00e0cies al contacte conscient, no hi ha cap problema a deixar fluir l\u2019energia.<br \/>\nEn sentir-se <em>escoltat<\/em> -per dir-ho d\u2019una manera peculiar-, el mateix pacient es deixa anar des de la punta dels dits fins l\u2019\u00faltim cabell.<br \/>\n<\/p>\n<div>\n<table width=\"500\" cellpadding=\"5\" bgcolor=\"#8FBC8F\">\n<tbody>\n<tr>\n<td width=\"2\" bgcolor=\"#548B54\" \/>\n<th bgcolor=\"#548B54\">&nbsp;<span style=\"color: #ffffff; text-transform:uppercase;\">&nbsp;<strong>Entendre i reconduir el cos<\/strong><\/span><\/th>\n<td width=\"2\" bgcolor=\"#548B54\" \/>\n<\/tr>\n<tr>\n<td width=\"2\" \/>\n<td valign=\"top\" width=\"496\">Al llibre <em>El cos t\u00e9 les seves raons<\/em>, l\u2019escriptora i fisioterapeuta francesa Therese Bertherat afirma, a trav\u00e9s de met\u00e0fores, com un individu pot recuperar la seva pr\u00f2pia identitat i benestar a partir de tractaments que, com en el cas del contacte conscient, tenen com a base entendre i reconduir el nostre cos.<\/td>\n<td width=\"2\" \/>\n<\/tr>\n<\/tbody>\n<\/table>\n<\/div>\n","protected":false},"excerpt":{"rendered":"<p>La fisioterapeuta Therese Bertherat \u00e9s la mare d\u2019aquesta ter\u00e0pia corporal que converteix un massatge en remei per alliberar cos, ment i esperit. M. Llu\u00efsa Valls Carreres Massagista a l\u2019Hotel Balneari Vichy Catalan Titulada en Reflexologia Podal, Reflexologia Chakres, Massatge Terapeutic, Drenatge Limfatic, Digitocupuntura, Reiki i Terapia regressiva El contacte conscient \u00e9s una de les eines [&hellip;]<\/p>\n","protected":false},"author":1,"featured_media":1636,"comment_status":"closed","ping_status":"open","sticky":false,"template":"","format":"standard","meta":{"_mi_skip_tracking":false,"mc4wp_mailchimp_campaign":[],"jnews-multi-image_gallery":[],"jnews_single_post":[],"jnews_primary_category":[]},"categories":[10847,12,10816,52],"tags":[],"_links":{"self":[{"href":"https:\/\/www.monempresarial.com\/ca\/wp-json\/wp\/v2\/posts\/1635"}],"collection":[{"href":"https:\/\/www.monempresarial.com\/ca\/wp-json\/wp\/v2\/posts"}],"about":[{"href":"https:\/\/www.monempresarial.com\/ca\/wp-json\/wp\/v2\/types\/post"}],"author":[{"embeddable":true,"href":"https:\/\/www.monempresarial.com\/ca\/wp-json\/wp\/v2\/users\/1"}],"replies":[{"embeddable":true,"href":"https:\/\/www.monempresarial.com\/ca\/wp-json\/wp\/v2\/comments?post=1635"}],"version-history":[{"count":0,"href":"https:\/\/www.monempresarial.com\/ca\/wp-json\/wp\/v2\/posts\/1635\/revisions"}],"wp:featuredmedia":[{"embeddable":true,"href":"https:\/\/www.monempresarial.com\/ca\/wp-json\/wp\/v2\/media\/1636"}],"wp:attachment":[{"href":"https:\/\/www.monempresarial.com\/ca\/wp-json\/wp\/v2\/media?parent=1635"}],"wp:term":[{"taxonomy":"category","embeddable":true,"href":"https:\/\/www.monempresarial.com\/ca\/wp-json\/wp\/v2\/categories?post=1635"},{"taxonomy":"post_tag","embeddable":true,"href":"https:\/\/www.monempresarial.com\/ca\/wp-json\/wp\/v2\/tags?post=1635"}],"curies":[{"name":"wp","href":"https:\/\/api.w.org\/{rel}","templated":true}]}}