{"id":16378,"date":"2017-10-02T14:31:37","date_gmt":"2017-10-02T12:31:37","guid":{"rendered":"http:\/\/monempresarial.com\/?p=16378\/"},"modified":"2025-06-06T10:29:53","modified_gmt":"2025-06-06T08:29:53","slug":"la-diputacio-de-barcelona-i-pimec-organitzen-la-sisena-edicio-daccelera-el-creixement","status":"publish","type":"post","link":"https:\/\/www.monempresarial.com\/ca\/2017\/10\/02\/la-diputacio-de-barcelona-i-pimec-organitzen-la-sisena-edicio-daccelera-el-creixement\/","title":{"rendered":"La Diputaci\u00f3 de Barcelona i PIMEC<\/span> organitzen la sisena edici\u00f3 d'&#8221;Accelera el creixement&#8221;"},"content":{"rendered":"<h4>PIMEC i la Diputaci\u00f3 de Barcelona ja han donat el tret de sortida a una nova edici\u00f3 del programa &#8220;Accelera el creixement&#8221;, que comptar\u00e1 amb la participaci\u00f3 de 50 pimes de la demarcaci\u00f3 de Barcelona, amb l&#8217;objectiu\u00a0d&#8217;ajudar-les a impulsar el seu desenvolupament.<\/h4>\n<hr style=\"color: #b72126;\" \/>\n<p>Divendres dia 29 de setembre, la diputada de Promoci\u00f3 Econ\u00f2mica i Ocupaci\u00f3 de la <strong>Diputaci\u00f3 de Barcelona<\/strong>, <strong>S\u00f2nia Recasens<\/strong>, i el secretari general de <strong>PIMEC<\/strong>, <strong>Antoni Ca\u00f1ete<\/strong>, van encetar una sessi\u00f3 inaugural on van assistir representants de la cinquantena d\u2019empreses escollides del programa &#8220;Accelera el creixement&#8221;. A continuaci\u00f3, destaquem les caracter\u00edstiques d&#8217;aquest grup d&#8217;organitzacions empresarials disposades a deixar-se ajudar:<\/p>\n<ul>\n<li>El\u00a0<strong>62%<\/strong>\u00a0s\u00f3n petites empreses, el\u00a0<strong>30%<\/strong>\u00a0s\u00f3n micro, i el\u00a0<strong>8%<\/strong>\u00a0restant s\u00f3n mitjanes.<\/li>\n<li>Per comarques, un\u00a0<strong>26%<\/strong>\u00a0procedeixen del Vall\u00e8s Occidental, un\u00a0<strong>24%<\/strong>\u00a0del Baix Llobregat, un\u00a0<strong>14%\u00a0<\/strong>del Vall\u00e8s Oriental, un\u00a0<strong>10%<\/strong>\u00a0del Maresme, un\u00a0<strong>8%<\/strong>\u00a0del Barcelon\u00e8s, un\u00a0<strong>6%<\/strong>\u00a0d\u2019Osona, un\u00a0<strong>4%<\/strong>\u00a0de l\u2019Anoia i tamb\u00e9 de l\u2019Alt Pened\u00e8s, i un <strong>2%<\/strong> del Bergued\u00e0 i tamb\u00e9 del Garraf.<\/li>\n<li>Per sectors d\u2019activitat, el\u00a0<strong>60%<\/strong>\u00a0de les empreses pertanyen al sector industrial, un\u00a0<strong>22%<\/strong>\u00a0al de serveis, un\u00a0<strong>16%<\/strong>\u00a0al comer\u00e7 i un\u00a0<strong>2% <\/strong>a la\u00a0construcci\u00f3 i la ind\u00fastria auxiliar.<\/li>\n<li>Les motivacions inicials de les empreses s\u00f3n diverses: rebre assessorament en l&#8217;\u00e0mbit de la <strong>comercialitzaci\u00f3<\/strong> (en primer lloc), en l&#8217;<strong>equip directiu<\/strong> (en segon lloc), en <strong>internacionalitzaci\u00f3<\/strong> (en tercer lloc), i en <strong>innovaci\u00f3<\/strong> (en quart lloc).<\/li>\n<\/ul>\n<p>En aquesta nova edici\u00f3, es comptar\u00e1 amb la participaci\u00f3 de 34 ens locals de la demarcaci\u00f3. Des dels seus Centres Locals de Serveis a les Empreses, juntament amb les delegacions de PIMEC, es garanteix fer un seguiment i suport adequat durant tot el programa.<\/p>\n","protected":false},"excerpt":{"rendered":"<p>PIMEC i la Diputaci\u00f3 de Barcelona ja han donat el tret de sortida a una nova edici\u00f3 del programa &#8220;Accelera el creixement&#8221;, que comptar\u00e1 amb la participaci\u00f3 de 50 pimes de la demarcaci\u00f3 de Barcelona, amb l&#8217;objectiu d&#8217;ajudar-les a impulsar el seu desenvolupament.<\/p>\n","protected":false},"author":1,"featured_media":16380,"comment_status":"open","ping_status":"open","sticky":false,"template":"","format":"standard","meta":{"_mi_skip_tracking":false,"mc4wp_mailchimp_campaign":[],"jnews-multi-image_gallery":[],"jnews_single_post":[],"jnews_primary_category":[]},"categories":[5694,10820,10821,10825,10],"tags":[613,763,1167,5920,6011,6012,6013,7675],"_links":{"self":[{"href":"https:\/\/www.monempresarial.com\/ca\/wp-json\/wp\/v2\/posts\/16378"}],"collection":[{"href":"https:\/\/www.monempresarial.com\/ca\/wp-json\/wp\/v2\/posts"}],"about":[{"href":"https:\/\/www.monempresarial.com\/ca\/wp-json\/wp\/v2\/types\/post"}],"author":[{"embeddable":true,"href":"https:\/\/www.monempresarial.com\/ca\/wp-json\/wp\/v2\/users\/1"}],"replies":[{"embeddable":true,"href":"https:\/\/www.monempresarial.com\/ca\/wp-json\/wp\/v2\/comments?post=16378"}],"version-history":[{"count":1,"href":"https:\/\/www.monempresarial.com\/ca\/wp-json\/wp\/v2\/posts\/16378\/revisions"}],"predecessor-version":[{"id":46218,"href":"https:\/\/www.monempresarial.com\/ca\/wp-json\/wp\/v2\/posts\/16378\/revisions\/46218"}],"wp:featuredmedia":[{"embeddable":true,"href":"https:\/\/www.monempresarial.com\/ca\/wp-json\/wp\/v2\/media\/16380"}],"wp:attachment":[{"href":"https:\/\/www.monempresarial.com\/ca\/wp-json\/wp\/v2\/media?parent=16378"}],"wp:term":[{"taxonomy":"category","embeddable":true,"href":"https:\/\/www.monempresarial.com\/ca\/wp-json\/wp\/v2\/categories?post=16378"},{"taxonomy":"post_tag","embeddable":true,"href":"https:\/\/www.monempresarial.com\/ca\/wp-json\/wp\/v2\/tags?post=16378"}],"curies":[{"name":"wp","href":"https:\/\/api.w.org\/{rel}","templated":true}]}}