{"id":16385,"date":"2017-10-04T12:57:17","date_gmt":"2017-10-04T10:57:17","guid":{"rendered":"http:\/\/monempresarial.com\/?p=16385\/"},"modified":"2025-09-25T09:34:51","modified_gmt":"2025-09-25T07:34:51","slug":"el-model-de-gestio-de-les-entitats-socials-a-debat","status":"publish","type":"post","link":"https:\/\/www.monempresarial.com\/ca\/2017\/10\/04\/el-model-de-gestio-de-les-entitats-socials-a-debat\/","title":{"rendered":"El model de gesti\u00f3 de les entitats socials, a debat <\/span>"},"content":{"rendered":"<h4>L&#8217;objectiu de la jornada promoguda per la Fundaci\u00f3 Pere Tarr\u00e9s i Sant Pere Claver (en el marc del projecte europeu Eu3Leader) ha estat definir quins s\u00f3n els elements que les entitats del Tercer Sector necessiten per esdevenir m\u00e9s fortes i aconseguir aix\u00ed el desenvolupament i implicaci\u00f3 de les persones que hi treballen. A continuaci\u00f3, repassem algunes de les conclusions a les que van arribar la cinquantena de directius europeus d\u2019entitats del Tercer Sector que van assistir a la trobada organitzada a Barcelona la setmana passada.<\/h4>\n<hr style=\"color: #b72126;\" \/>\n<p><a href=\"http:\/\/monempresarial.com\/wp-content\/uploads\/2017\/10\/Reinventing-organizations.jpg\"><img decoding=\"async\" loading=\"lazy\" class=\"wp-image-16386 alignright\" src=\"http:\/\/monempresarial.com\/wp-content\/uploads\/2017\/10\/Reinventing-organizations.jpg\" alt=\"\" width=\"224\" height=\"333\" srcset=\"https:\/\/www.monempresarial.com\/wp-content\/uploads\/2017\/10\/Reinventing-organizations.jpg 1287w, https:\/\/www.monempresarial.com\/wp-content\/uploads\/2017\/10\/Reinventing-organizations-202x300.jpg 202w, https:\/\/www.monempresarial.com\/wp-content\/uploads\/2017\/10\/Reinventing-organizations-691x1024.jpg 691w, https:\/\/www.monempresarial.com\/wp-content\/uploads\/2017\/10\/Reinventing-organizations-202x300@2x.jpg 404w\" sizes=\"(max-width: 224px) 100vw, 224px\" \/><\/a>Prenent com a model el m\u00e8tode descrit per Frederic Laloux al seu llibre <em>Reinventar las organizaciones<\/em> (Arpa, 2017), els assistents a la reuni\u00f3 convocada per la <a href=\"https:\/\/www.peretarres.org\/wps\/wcm\/connect\/peretarres_ca\/peretarres\/home\" target=\"_blank\" rel=\"noopener noreferrer\"><strong>Fundaci\u00f3 Pere Tarr\u00e9s<\/strong><\/a> i <a href=\"http:\/\/www.santpereclaver.org\/\" target=\"_blank\" rel=\"noopener noreferrer\"><strong>Sant Pere Claver<\/strong><\/a> han pogut con\u00e8ixer de prop com diverses organitzacions han posat en pr\u00e0ctica (total o parcialment) aquesta filosofia.<\/p>\n<p><span style=\"color: #719f8c;\"><strong>Major potencial, sostenibilitat i\u00a0flu\u00efdesa<\/strong><\/span><br \/>\nUn dels casos exposats a la jornada va ser el de David Mart\u00ed, director del Conservatori Municipal de M\u00fasica de Barcelona. Per a ell, \u201cno ha estat un proc\u00e9s f\u00e0cil i ens hem trobat amb algunes resist\u00e8ncies internes\u201d. Tot i aix\u00f2, Mart\u00ed es va mostrar molt satisfet amb el nivell assolit, afirmant que quan s\u2019aplica aquest model de gesti\u00f3, les organitzacions resultants aconsegueixen el m\u00e0xim potencial de les persones, s\u00f3n m\u00e9s sostenibles humana i econ\u00f2micament, i funcionen amb m\u00e9s flu\u00efdesa.<\/p>\n<p><span style=\"color: #719f8c;\"><strong>De la teoria a la pr\u00e0ctica\u00a0<\/strong><\/span><br \/>\nPer esbrinar de quina manera s\u2019est\u00e0 implementant ja aquest model a Espanya i Europa, Pablo Aretxabala, de NER Group, va explicar als assistents exemples d&#8217;entitats concretes que tamb\u00e9 han treballat amb l\u2019estil de lideratge que proposa el model de Laloux. De la mateixa manera, directius del Regne Unit, Cro\u00e0cia i It\u00e0lia van voler compartir les seves experi\u00e8ncies en una taula rodona.<\/p>\n<blockquote>\n<h2 style=\"color: #719f8c;\">A Catalunya, les entitat socials generen el 3% del PIB catal\u00e0 i s\u00f3n font d&#8217;ocupaci\u00f3 per a m\u00e9s de 100.000 persones<\/h2>\n<\/blockquote>\n<p><span style=\"color: #719f8c;\"><strong>Beneficis tamb\u00e9 per al Tercer Sector<\/strong><\/span><br \/>\nLes entitats del Tercer Sector tamb\u00e9 poden respondre a les seves finalitats incorporant aspectes del model de Laloux. En aquesta l\u00ednia es va pronunciar Rafael Ruiz de Gauna, director de Formaci\u00f3, Consultoria i Estudis de la Fundaci\u00f3 Pere Tarr\u00e9s, qui va destacar que \u201cles entitats del Tercer Sector han d\u2019esdevenir agents econ\u00f2mics i reivindicar el seu paper com a generadores de riquesa, amb un model m\u00e9s social\u201d. D&#8217;altra banda, Carles Descalzi, de la Fundaci\u00f3 Pere Claver, tamb\u00e9 va destacar el lideratge i la participaci\u00f3 com a elements clau per a les organitzacions que volen esdevenir referents en el seu entorn.<\/p>\n","protected":false},"excerpt":{"rendered":"<p>L&#8217;objectiu de la jornada promoguda per la Fundaci\u00f3 Pere Tarr\u00e9s i Sant Pere Claver (en el marc del projecte europeu Eu3Leader) ha estat definir quins s\u00f3n els elements que les entitats del tercer sector necessiten per esdevenir m\u00e9s fortes i aconseguir aix\u00ed el desenvolupament i implicaci\u00f3 de les persones que hi treballen.<\/p>\n","protected":false},"author":1,"featured_media":16387,"comment_status":"open","ping_status":"open","sticky":false,"template":"","format":"standard","meta":{"_mi_skip_tracking":false,"mc4wp_mailchimp_campaign":[],"jnews-multi-image_gallery":[],"jnews_single_post":[],"jnews_primary_category":[]},"categories":[5696,62],"tags":[5421,6014,6015,6016,6017,6018,6019,6020,7412,8616],"_links":{"self":[{"href":"https:\/\/www.monempresarial.com\/ca\/wp-json\/wp\/v2\/posts\/16385"}],"collection":[{"href":"https:\/\/www.monempresarial.com\/ca\/wp-json\/wp\/v2\/posts"}],"about":[{"href":"https:\/\/www.monempresarial.com\/ca\/wp-json\/wp\/v2\/types\/post"}],"author":[{"embeddable":true,"href":"https:\/\/www.monempresarial.com\/ca\/wp-json\/wp\/v2\/users\/1"}],"replies":[{"embeddable":true,"href":"https:\/\/www.monempresarial.com\/ca\/wp-json\/wp\/v2\/comments?post=16385"}],"version-history":[{"count":1,"href":"https:\/\/www.monempresarial.com\/ca\/wp-json\/wp\/v2\/posts\/16385\/revisions"}],"predecessor-version":[{"id":48030,"href":"https:\/\/www.monempresarial.com\/ca\/wp-json\/wp\/v2\/posts\/16385\/revisions\/48030"}],"wp:featuredmedia":[{"embeddable":true,"href":"https:\/\/www.monempresarial.com\/ca\/wp-json\/wp\/v2\/media\/16387"}],"wp:attachment":[{"href":"https:\/\/www.monempresarial.com\/ca\/wp-json\/wp\/v2\/media?parent=16385"}],"wp:term":[{"taxonomy":"category","embeddable":true,"href":"https:\/\/www.monempresarial.com\/ca\/wp-json\/wp\/v2\/categories?post=16385"},{"taxonomy":"post_tag","embeddable":true,"href":"https:\/\/www.monempresarial.com\/ca\/wp-json\/wp\/v2\/tags?post=16385"}],"curies":[{"name":"wp","href":"https:\/\/api.w.org\/{rel}","templated":true}]}}