{"id":16861,"date":"2017-10-23T11:53:29","date_gmt":"2017-10-23T09:53:29","guid":{"rendered":"http:\/\/monempresarial.com\/?p=16861\/"},"modified":"2025-06-06T10:29:48","modified_gmt":"2025-06-06T08:29:48","slug":"premis-ief-2017-a-lexcellencia-financera-els-guardonats","status":"publish","type":"post","link":"https:\/\/www.monempresarial.com\/ca\/2017\/10\/23\/premis-ief-2017-a-lexcellencia-financera-els-guardonats\/","title":{"rendered":"Premis IEF 2017 a l\u2019Excel\u00b7l\u00e8ncia Financera: <\/span> els guardonats"},"content":{"rendered":"<h4>El passat mes de juliol, dos jurats formats per personalitats del m\u00f3n econ\u00f2mic i de la premsa econ\u00f2mica van deliberar els guardonats de la 10a edici\u00f3 dels Premis IEF a l\u2019Excel\u00b7l\u00e8ncia Financera. Ara, la cerim\u00f2nia d&#8217;entrega dels guardons ja t\u00e9 data i lloc de celebraci\u00f3: ser\u00e0 el proper 6 de novembre a Foment del Treball.<\/h4>\n<hr style=\"color: #b72126;\" \/>\n<p>El proper dilluns 6 de novembre, l\u2019<strong><a href=\"http:\/\/www.iefweb.org\/ca\/index\" target=\"_blank\" rel=\"noopener noreferrer\">Institut d\u2019Estudis Financers (IEF)<\/a><\/strong> lliurar\u00e0 els <strong>X Premis IEF a l\u2019Excel\u00b7l\u00e8ncia Financera<\/strong> en reconeixement a la traject\u00f2ria professional i a l\u2019acad\u00e8mica, a la implicaci\u00f3 en divulgaci\u00f3 financera, aix\u00ed com a la transpar\u00e8ncia en comunicaci\u00f3.<br \/>\nLa cerim\u00f2nia, que tindr\u00e0 lloc a Foment del Treball (Via Laietana, 32), comen\u00e7ar\u00e0 a les 19h amb el lliurament dels premis, els diferents parlaments i un petit homenatge als guardonats de les anteriors edicions.<\/p>\n<p><span style=\"color: #719f8c;\"><strong>ELS PROTAGONISTES D&#8217;ENGUANY<\/strong><\/span><\/p>\n<ul>\n<li><strong><span style=\"color: #719f8c;\">Premi IEF a l\u2019Excel\u00b7l\u00e8ncia en la Carrera Professional<\/span><\/strong> a<strong><span style=\"color: #719f8c;\">\u00a0<\/span>Arist\u00f3bulo de Juan<\/strong>, antic director general del Banc d\u2019Espanya i del Banc Mundial, i destacat analista de la crisi banc\u00e0ria.<\/li>\n<li><span style=\"color: #719f8c;\"><strong>Premi IEF a l\u2019Excel\u00b7l\u00e8ncia Financera a la Carrera Acad\u00e8mica <\/strong><\/span>a\u00a0<strong>Joaquin Trigo<\/strong>, professor universitari, autor de m\u00e9s de 21 llibres i antic director executiu de Foment del Treball i de l&#8217;Instituto de Estudios Econ\u00f3micos (IEE).<\/li>\n<li><strong><span style=\"color: #719f8c;\">Premi IEF a l\u2019Excel\u00b7l\u00e8ncia Financera en Divulgaci\u00f3 <\/span><\/strong>al programa de TV3\u00a0<strong>\u201cValor afegit\u201d<\/strong>,\u00a0per la seva tasca divulgadora durant els darrers 14 anys.<\/li>\n<li><strong><span style=\"color: #719f8c;\">Premi IEF a l\u2019Excel\u00b7l\u00e8ncia Financera en Comunicaci\u00f3 <\/span><\/strong>a<strong><span style=\"color: #719f8c;\">\u00a0<\/span>Antoni Brunet<\/strong>, responsable de comunicaci\u00f3 de Cellnex.<\/li>\n<\/ul>\n","protected":false},"excerpt":{"rendered":"<p>El passat mes de juliol, dos jurats formats per personalitats del m\u00f3n econ\u00f2mic i de la premsa econ\u00f2mica van deliberar els guardonats de la 10a edici\u00f3 dels Premis IEF a l\u2019Excel\u00b7l\u00e8ncia Financera. Ara, la cerim\u00f2nia d&#8217;entrega dels guardons ja t\u00e9 data i lloc de celebraci\u00f3: ser\u00e0 el proper 6 de novembre a Foment del Treball. <\/p>\n","protected":false},"author":1,"featured_media":16862,"comment_status":"open","ping_status":"open","sticky":false,"template":"","format":"standard","meta":{"_mi_skip_tracking":false,"mc4wp_mailchimp_campaign":[],"jnews-multi-image_gallery":[],"jnews_single_post":[],"jnews_primary_category":[]},"categories":[5694,10820,10821,10,10825],"tags":[5153,5154,6091,6092,6093,6094],"_links":{"self":[{"href":"https:\/\/www.monempresarial.com\/ca\/wp-json\/wp\/v2\/posts\/16861"}],"collection":[{"href":"https:\/\/www.monempresarial.com\/ca\/wp-json\/wp\/v2\/posts"}],"about":[{"href":"https:\/\/www.monempresarial.com\/ca\/wp-json\/wp\/v2\/types\/post"}],"author":[{"embeddable":true,"href":"https:\/\/www.monempresarial.com\/ca\/wp-json\/wp\/v2\/users\/1"}],"replies":[{"embeddable":true,"href":"https:\/\/www.monempresarial.com\/ca\/wp-json\/wp\/v2\/comments?post=16861"}],"version-history":[{"count":1,"href":"https:\/\/www.monempresarial.com\/ca\/wp-json\/wp\/v2\/posts\/16861\/revisions"}],"predecessor-version":[{"id":46217,"href":"https:\/\/www.monempresarial.com\/ca\/wp-json\/wp\/v2\/posts\/16861\/revisions\/46217"}],"wp:featuredmedia":[{"embeddable":true,"href":"https:\/\/www.monempresarial.com\/ca\/wp-json\/wp\/v2\/media\/16862"}],"wp:attachment":[{"href":"https:\/\/www.monempresarial.com\/ca\/wp-json\/wp\/v2\/media?parent=16861"}],"wp:term":[{"taxonomy":"category","embeddable":true,"href":"https:\/\/www.monempresarial.com\/ca\/wp-json\/wp\/v2\/categories?post=16861"},{"taxonomy":"post_tag","embeddable":true,"href":"https:\/\/www.monempresarial.com\/ca\/wp-json\/wp\/v2\/tags?post=16861"}],"curies":[{"name":"wp","href":"https:\/\/api.w.org\/{rel}","templated":true}]}}