{"id":17045,"date":"2017-10-27T13:46:42","date_gmt":"2017-10-27T11:46:42","guid":{"rendered":"http:\/\/monempresarial.com\/?p=17045\/"},"modified":"2025-06-06T10:29:30","modified_gmt":"2025-06-06T08:29:30","slug":"enginyeria-i-economia-circular-els-projectes-mes-innovadors","status":"publish","type":"post","link":"https:\/\/www.monempresarial.com\/ca\/2017\/10\/27\/enginyeria-i-economia-circular-els-projectes-mes-innovadors\/","title":{"rendered":"Enginyeria i economia circular: <\/span>els projectes m\u00e9s innovadors"},"content":{"rendered":"<h4>El passat\u00a026 d&#8217;octubre, el Palau Robert de Barcelona va acollir la 6a edici\u00f3 d\u2019iGenium,\u00a0trobada anual de totes les associacions d&#8217;<wbr \/>enginyeria, que organitza l\u2019Institut d\u2019Enginyers de Catalunya (INEC).\u00a0Enguany, la jornada s&#8217;ha centrat a aprofundir en l\u2019economia circular com a eix tem\u00e0tic de recerca, reflexi\u00f3 i debat. Les importants repercussions mediambientals, econ\u00f2miques i socials s\u2019han posat de manifest en tots els projectes d\u2019economia circular presentats per professionals i estudiants a l&#8217;acte.<\/h4>\n<hr style=\"color: #b72126;\" \/>\n<p>El president de l\u2019Institut d\u2019Enginyers de Catalunya (INEC), Ricard Granados, ha estat l&#8217;encarregat d&#8217;obrir la jornada, deixant clar que l\u2019edici\u00f3 d\u2019enguany s&#8217;ha dedicat a l\u2019economia circular &#8220;per demostrar com l\u2019enginyeria \u00e9s imprescindible per a trobar solucions que contribueixin a un creixement ambiental m\u00e9s sostenible i socialment important&#8221;. Aix\u00ed mateix, Granados ha subratllat la import\u00e0ncia que els enginyers concibeixin des del mateix moment del disseny &#8220;productes i l\u00ednies de fabricaci\u00f3 i de reciclatge vinculats a una economia sostenible, baixa en carboni, eficient i econ\u00f2micament competitiva&#8221;.<\/p>\n<p><span style=\"color: #619a88;\"><strong>Catalunya, al mapa de l&#8217;economia circular<\/strong><\/span><br \/>\nD&#8217;altra banda, com ha afirmat el director general d\u2019Energia, Mines i Seguretat Industrial, Pere Palac\u00edn, &#8220;l\u2019objectiu \u00e9s reduir els residus el m\u00ednim possible i, en aquest sentit, Catalunya no es vol quedar enrere&#8221;, doncs &#8220;compta amb els actius, l<em>&#8216;expertise<\/em>, el mercat, les empreses tractores, les pimes, les <em>startups<\/em>, els centres tecnol\u00f2gics, i els grups de recerca i tecnologia necessaris per a ser un referent internacional en l\u2019\u00e0mbit de l\u2019economia circular&#8221;. Segons dades ofertes per Palac\u00edn, el mapa catal\u00e0 compta amb 391 empreses vinculades a l\u2019economia circular que facturen 2.100 milions d\u2019euros i donen feina a 70.500 treballadors.<\/p>\n<p><span style=\"color: #619a88;\"><strong>L\u2019aposta dels professionals per l\u2019economia circular i la recerca en l&#8217;\u00e0mbit universitari<\/strong><\/span><br \/>\nJoaquim Llagostera, secretari de Col\u00b7legi d\u2019Enginyers de Camins, Canals i Ports de Catalunya, ha introdu\u00eft la primera taula rodona que ha donat a con\u00e8ixer els projectes professionals presentats:\u00a0<em>Manresa en simbiosi<\/em>, <em>Gestora de Runes de la Construcci\u00f3 al Port de Barcelona<\/em>, <em>Economia Circular i Aigua<\/em>,\u00a0<em>Cadena de valor de l\u2019\u00fas de la fusta provinent de la gesti\u00f3 de boscos p\u00fablics catalans<\/em>, i\u00a0<em>Projecte Labdoo: Junts, l\u2019Educaci\u00f3 a l\u2019abast de tot el M\u00f3n.<\/em><\/p>\n<blockquote>\n<h2><span style=\"color: #619a88;\">A la jornada, ha quedat pal\u00e8s que l\u2019enginyeria \u00e9s una de les claus de l\u2019ecosistema industrial i econ\u00f2mic que pot trobar solucions transformadores, amb un marcat accent de progr\u00e9s i sostenibilitat.<\/span><\/h2>\n<\/blockquote>\n<p>Acte seguit, l&#8217;iGenium&#8217;17 ha continuat amb l\u2019exposici\u00f3 dels seg\u00fcents projectes universitaris d\u2019economia circular, coordinats per Joan Carles Tarrason, de l\u2019Associaci\u00f3 d\u2019Enginyers de Mines:\u00a0<em>UP!<\/em>,\u00a0<em>(eC)2. Canvi de paradigma, de consumidors a generadors energ\u00e8tics al Cicle Integra de l\u2019Aigua<\/em>, i\u00a0<em>Polieco-sign.<\/em><\/p>\n<p><span style=\"color: #619a88;\"><strong>Debat d&#8217;experts i cloenda<\/strong><\/span><br \/>\nEl darrer bloc tem\u00e0tic d\u2019iGenium17 l\u2019ha protagonitzat un di\u00e0leg d\u2019experts, els quals han analitzat alguns exemples d\u2019inversions responsables que ja s\u2019estan donant en l\u2019\u00e0mbit de l\u2019economia circular. Moderada per la periodista de Catalunya R\u00e0dio, Nati Adell, hi han participat Xavier F\u00e0bregas, director general de Caixa d\u2019Enginyers Gesti\u00f3 i col\u00b7laborador del M\u00e0ster de Mercats Financers de la Universitat de Barcelona; Merc\u00e8 Tell, <em>managing partner<\/em> de Nekko Capital; Josephine Ragni, <em>social investment manager<\/em> de Fundaci\u00f3 Netri, i Juan \u00c0lvarez de Lara, cofundador &amp; GP d&#8217;Origen Ventures Fund i CEO &amp; Founder Seed&amp;Click.<\/p>\n<p>La cloenda oficial de iGenium17 ha anat a c\u00e0rrec de Merc\u00e8 Rius, directora general de Qualitat Ambiental i Canvi Clim\u00e0tic de la Generalitat de Catalunya. Rius ha volgut subratllar que l\u2019economia circular i la sostenibilitat s\u00f3n conceptes molt relacionats. En aquest sentit s\u2019ha referit a la recent llei de canvi clim\u00e0tic aprovada pel Parlament de Catalunya, amb l\u2019objectiu d\u2019estalviar materials i recursos. Finalment, Rius ha incidit en la idea que l\u2019economia circular implica dissenyar els productes i serveis de manera sostenible &#8220;per tal de necessitar menys recursos i generar menys externalitats negatives&#8221;. En aquest sentit, les noves tecnologies i l\u2019Internet de les coses &#8220;ens han d\u2019ajudar en el cam\u00ed cap a l\u2019economia circular&#8221;.<\/p>\n<p><a href=\"http:\/\/www.igenium.cat\/\" target=\"_blank\" rel=\"noopener noreferrer\"><span style=\"color: #619a88;\"><strong>M\u00e9s informaci\u00f3 sobre els projectes presentats aqu\u00ed.<\/strong><\/span><\/a><\/p>\n","protected":false},"excerpt":{"rendered":"<p>El passat 26 d&#8217;octubre, el Palau Robert de Barcelona va acollir la 6a edici\u00f3 d\u2019iGenium, trobada anual de totes les associacions d&#8217;enginyeria, que organitza l\u2019Institut d\u2019Enginyers de Catalunya (INEC). Enguany, la jornada s&#8217;ha centrat a aprofundir en l\u2019economia circular com a eix tem\u00e0tic de recerca, reflexi\u00f3 i debat. Les importants repercussions mediambientals, econ\u00f2miques i socials s\u2019han posat de manifest en tots els projectes professionals i d\u2019estudiants d\u2019economia circular exposats a l&#8217;acte.<\/p>\n","protected":false},"author":1,"featured_media":17046,"comment_status":"open","ping_status":"open","sticky":false,"template":"","format":"standard","meta":{"_mi_skip_tracking":false,"mc4wp_mailchimp_campaign":[],"jnews-multi-image_gallery":[],"jnews_single_post":[],"jnews_primary_category":[]},"categories":[5694,10820,10821,10825,10],"tags":[1125,1127,1130,4280],"_links":{"self":[{"href":"https:\/\/www.monempresarial.com\/ca\/wp-json\/wp\/v2\/posts\/17045"}],"collection":[{"href":"https:\/\/www.monempresarial.com\/ca\/wp-json\/wp\/v2\/posts"}],"about":[{"href":"https:\/\/www.monempresarial.com\/ca\/wp-json\/wp\/v2\/types\/post"}],"author":[{"embeddable":true,"href":"https:\/\/www.monempresarial.com\/ca\/wp-json\/wp\/v2\/users\/1"}],"replies":[{"embeddable":true,"href":"https:\/\/www.monempresarial.com\/ca\/wp-json\/wp\/v2\/comments?post=17045"}],"version-history":[{"count":1,"href":"https:\/\/www.monempresarial.com\/ca\/wp-json\/wp\/v2\/posts\/17045\/revisions"}],"predecessor-version":[{"id":46215,"href":"https:\/\/www.monempresarial.com\/ca\/wp-json\/wp\/v2\/posts\/17045\/revisions\/46215"}],"wp:featuredmedia":[{"embeddable":true,"href":"https:\/\/www.monempresarial.com\/ca\/wp-json\/wp\/v2\/media\/17046"}],"wp:attachment":[{"href":"https:\/\/www.monempresarial.com\/ca\/wp-json\/wp\/v2\/media?parent=17045"}],"wp:term":[{"taxonomy":"category","embeddable":true,"href":"https:\/\/www.monempresarial.com\/ca\/wp-json\/wp\/v2\/categories?post=17045"},{"taxonomy":"post_tag","embeddable":true,"href":"https:\/\/www.monempresarial.com\/ca\/wp-json\/wp\/v2\/tags?post=17045"}],"curies":[{"name":"wp","href":"https:\/\/api.w.org\/{rel}","templated":true}]}}