{"id":17057,"date":"2017-11-03T12:07:19","date_gmt":"2017-11-03T11:07:19","guid":{"rendered":"http:\/\/monempresarial.com\/?p=17057\/"},"modified":"2025-06-06T10:29:13","modified_gmt":"2025-06-06T08:29:13","slug":"lluny-dassolir-la-igualtat-salarial-a-europa-les-dones-cobren-un-163-menys-que-els-homes","status":"publish","type":"post","link":"https:\/\/www.monempresarial.com\/ca\/2017\/11\/03\/lluny-dassolir-la-igualtat-salarial-a-europa-les-dones-cobren-un-163-menys-que-els-homes\/","title":{"rendered":"Lluny d&#8217;assolir la igualtat salarial:<\/span> a Europa les dones cobren un 16,3% menys que els homes"},"content":{"rendered":"<h4>Avui \u00e9s el Dia europeu de la Igualtat Salarial o el dia en qu\u00e8 es posa de manifest que des de principis de novembre fins a finals de desembre les dones europees treballen sense percebre cap remuneraci\u00f3, si ho comparem amb els homes. Una realitat que el passat dimarts la Comissi\u00f3 Europea va fer palesa amb una sola xifra: la bretxa salarial en el conjunt dels 28 pa\u00efsos de la UE \u00e9s encara del 16,3%.<\/h4>\n<hr style=\"color: #b72126;\" \/>\n<p>&#8220;La igualtat de g\u00e8nere, inclosa la igualtat salarial entre homes i dones, \u00e9s un dels valors fundacionals de la UE. Per\u00f2 encara som lluny d\u2019haver-la assolit: en els darrers anys la desigualtat salarial per ra\u00f3 de g\u00e8nere no ha millorat gaire&#8221;. D&#8217;aquesta manera, i amb les xifres a la m\u00e0, van voler valorar el vicepresident primer de la Comissi\u00f3 Europea, <strong>Frans Timmermans,<\/strong>\u00a0i les comiss\u00e0ries\u00a0<a href=\"http:\/\/monempresarial.com\/2016\/10\/06\/entrevista-a-marianne-thyssen-comissaria-europea-docupacio-afers-socials-capacitats-i-mobilitat-laboral\/\" target=\"_blank\" rel=\"noopener noreferrer\"><strong>Marianne Thyssen<\/strong><\/a> i <strong>V\u011bra Jourov\u00e1<\/strong> una problem\u00e0tica que en ple segle XXI encara afecta la meitat de la poblaci\u00f3.<\/p>\n<blockquote>\n<h2><span style=\"color: #619a88;\">Les dones de la UE guanyen un 16,3% menys de mitjana per hora treballada que els seus companys homes. A Espanya, la difer\u00e8ncia \u00e9s del 14,9%<\/span><\/h2>\n<\/blockquote>\n<p>A m\u00e9s a m\u00e9s, des de la Comissi\u00f3 es va deixar clar que la desigualtat salarial no \u00e9s l&#8217;\u00fanica q\u00fcesti\u00f3 a la qual s&#8217;ha de posar fi. Les autoritats europees tamb\u00e9 van denunciar que les dones acostumin a tenir feines m\u00e9s mal pagades, que aconsegueixin menys ascensos o que estiguin infrarepresentades en els c\u00e0rrecs directius. D&#8217;altra banda, els estudis m\u00e9s recents sobre l\u2019assetjament sexual demostren que sovint elles han de fer front a entorns laborals hostils amb tot el que aix\u00f2 comporta: conseq\u00fc\u00e8ncies negatives evidents en el seu desenvolupament professional i en el seu benestar.<\/p>\n<p><span style=\"color: #619a88;\"><strong>LES XIFRES DE LA UE:<\/strong><\/span><\/p>\n<ul style=\"list-style-type: circle;\">\n<li style=\"list-style-type: none;\">\n<ul style=\"list-style-type: circle;\">\n<li>El 2016 hi havia a Europa un <strong>33% de dones amb estudis superiors i un 29% d\u2019homes.<\/strong><\/li>\n<li>La <strong>taxa d\u2019ocupaci\u00f3 femenina \u00e9s 11,6 punts percentuals inferior<\/strong> a la dels homes.<\/li>\n<li>Nom\u00e9s <strong>1 dona de cada 14 presideix algun consell d\u2019administraci\u00f3.<\/strong><\/li>\n<li>Nom\u00e9s <strong>1 dona de cada 20 \u00e9s directora executiva (CEO).<\/strong><\/li>\n<\/ul>\n<\/li>\n<\/ul>\n<blockquote>\n<h2><span style=\"color: #619a88;\">La Comissi\u00f3 Europea vol encap\u00e7alar la lluita contra aquesta injust\u00edcia. D\u2019aqu\u00ed a poques setmanes presentaran un pla d\u2019acci\u00f3 per tal de fer front a la desigualtat salarial per ra\u00f3 de g\u00e8nere\u00a0<\/span><\/h2>\n<\/blockquote>\n<p><span style=\"color: #619a88;\"><strong>PROPERES CITES A FAVOR DE LA IGUALTAT DE G\u00c8NERE:<\/strong><\/span><\/p>\n<ul style=\"list-style-type: circle;\">\n<li style=\"list-style-type: none;\">\n<ul style=\"list-style-type: circle;\">\n<li><strong>17 de novembre:<\/strong> Presentaci\u00f3 del <strong>Pilar Europeu de Drets Socials<\/strong> a la Cimera social sobre ocupaci\u00f3 justa i creixement. Anir\u00e0 a c\u00e0rrec de les tres institucions de la UE (Comissi\u00f3 Europea, Consell i Parlament Europeu).<\/li>\n<li><strong>20-21 de novembre:<\/strong> Col\u00b7loqui anual <strong><a href=\"http:\/\/ec.europa.eu\/newsroom\/just\/item-detail.cfm?item_id=115277\" target=\"_blank\" rel=\"noopener noreferrer\">&#8220;Els drets de la dona en temps turbulents&#8221;<\/a>.<\/strong> Es dedicar\u00e0 una part del programa a esbrinar noves solucions per a fer front a la desigualtat salarial per ra\u00f3 de g\u00e8nere.<\/li>\n<\/ul>\n<\/li>\n<\/ul>\n","protected":false},"excerpt":{"rendered":"<p>Avui \u00e9s el Dia europeu de la Igualtat Salarial o el dia en qu\u00e8 es posa de manifest que des de principis de novembre fins a finals de desembre les dones europees treballen sense percebre cap remuneraci\u00f3, si ho comparem amb els homes. Una realitat que el passat dimarts la Comissi\u00f3 Europea va fer palesa amb una sola xifra: la bretxa salarial en el conjunt dels 28 pa\u00efsos de la UE \u00e9s encara del 16,3%.<\/p>\n","protected":false},"author":1,"featured_media":17071,"comment_status":"open","ping_status":"open","sticky":false,"template":"","format":"standard","meta":{"_mi_skip_tracking":false,"mc4wp_mailchimp_campaign":[],"jnews-multi-image_gallery":[],"jnews_single_post":[],"jnews_primary_category":[]},"categories":[5694,10820,10821,10,10825],"tags":[6144,6145,6146,6147,143,170,4644,5455,5518,5767,6140,6141,6142,6143],"_links":{"self":[{"href":"https:\/\/www.monempresarial.com\/ca\/wp-json\/wp\/v2\/posts\/17057"}],"collection":[{"href":"https:\/\/www.monempresarial.com\/ca\/wp-json\/wp\/v2\/posts"}],"about":[{"href":"https:\/\/www.monempresarial.com\/ca\/wp-json\/wp\/v2\/types\/post"}],"author":[{"embeddable":true,"href":"https:\/\/www.monempresarial.com\/ca\/wp-json\/wp\/v2\/users\/1"}],"replies":[{"embeddable":true,"href":"https:\/\/www.monempresarial.com\/ca\/wp-json\/wp\/v2\/comments?post=17057"}],"version-history":[{"count":1,"href":"https:\/\/www.monempresarial.com\/ca\/wp-json\/wp\/v2\/posts\/17057\/revisions"}],"predecessor-version":[{"id":46213,"href":"https:\/\/www.monempresarial.com\/ca\/wp-json\/wp\/v2\/posts\/17057\/revisions\/46213"}],"wp:featuredmedia":[{"embeddable":true,"href":"https:\/\/www.monempresarial.com\/ca\/wp-json\/wp\/v2\/media\/17071"}],"wp:attachment":[{"href":"https:\/\/www.monempresarial.com\/ca\/wp-json\/wp\/v2\/media?parent=17057"}],"wp:term":[{"taxonomy":"category","embeddable":true,"href":"https:\/\/www.monempresarial.com\/ca\/wp-json\/wp\/v2\/categories?post=17057"},{"taxonomy":"post_tag","embeddable":true,"href":"https:\/\/www.monempresarial.com\/ca\/wp-json\/wp\/v2\/tags?post=17057"}],"curies":[{"name":"wp","href":"https:\/\/api.w.org\/{rel}","templated":true}]}}