{"id":17080,"date":"2017-12-22T09:00:45","date_gmt":"2017-12-22T08:00:45","guid":{"rendered":"http:\/\/monempresarial.com\/?p=17080\/"},"modified":"2025-09-25T09:34:07","modified_gmt":"2025-09-25T07:34:07","slug":"entrevista-a-vytenis-andriukaitis-comissari-europeu-de-salut-i-seguretat-alimentaria","status":"publish","type":"post","link":"https:\/\/www.monempresarial.com\/ca\/2017\/12\/22\/entrevista-a-vytenis-andriukaitis-comissari-europeu-de-salut-i-seguretat-alimentaria\/","title":{"rendered":"Entrevista a Vytenis Andriukaitis,<\/span><\/span> comissari europeu de Salut i Seguretat Aliment\u00e0ria"},"content":{"rendered":"<h4>Vytenis Andriukaitis (Kioussour, Sib\u00e8ria, 1951) \u00e9s el comissari europeu de Salut i Seguretat Aliment\u00e0ria. Cardi\u00f2leg de professi\u00f3, va n\u00e9ixer en un camp de concentraci\u00f3 durant el terror de Josef Stalin. Va ser fundador del Partit Socialdem\u00f2crata de Litu\u00e0nia i un dels signants de la declaraci\u00f3 d\u2019indep\u00e8ndencia del seu pa\u00eds. Abans de treballar a la capital europea, va ser vicepresident de l\u2019Organitzaci\u00f3 Mundial de la Salut. En una entrevista exclusiva amb <em>M\u00f3n Empresarial,<\/em> parla de la seva feina en els \u00faltims dos anys.<\/h4>\n<h4>Text: <a style=\"color: #719f8c;\" href=\"http:\/\/monempresarial.com\/author\/eherrera\/\">Esther Herrera. Brussel\u00b7les<\/a><br \/>\nFotos: <a style=\"color: #719f8c;\">Comissi\u00f3 Europea<\/a><\/h4>\n<hr style=\"color: #b72126;\" \/>\n<p><a href=\"http:\/\/monempresarial.com\/wp-content\/uploads\/2017\/11\/P027009000101-784269.jpg\"><img decoding=\"async\" loading=\"lazy\" class=\"wp-image-17083 alignright\" src=\"http:\/\/monempresarial.com\/wp-content\/uploads\/2017\/11\/P027009000101-784269.jpg\" alt=\"\" width=\"303\" height=\"455\" srcset=\"https:\/\/www.monempresarial.com\/wp-content\/uploads\/2017\/11\/P027009000101-784269.jpg 2420w, https:\/\/www.monempresarial.com\/wp-content\/uploads\/2017\/11\/P027009000101-784269-200x300.jpg 200w, https:\/\/www.monempresarial.com\/wp-content\/uploads\/2017\/11\/P027009000101-784269-683x1024.jpg 683w, https:\/\/www.monempresarial.com\/wp-content\/uploads\/2017\/11\/P027009000101-784269-200x300@2x.jpg 400w, https:\/\/www.monempresarial.com\/wp-content\/uploads\/2017\/11\/P027009000101-784269-683x1024@2x.jpg 1366w\" sizes=\"(max-width: 303px) 100vw, 303px\" \/><\/a><\/p>\n<p><span style=\"color: #719f8c; font-weight: bold;\">La Comissi\u00f3 Europea ha presentat recentment un pla d\u2019acci\u00f3 davant els greus problemes que provoca l\u2019augment de la resist\u00e8ncia als antibi\u00f2tics. Creu que hi ha suficient informaci\u00f3 dels riscos que comporta fer-ne un \u00fas excessiu?<\/span><br \/>\nNo hi ha dubte: la poblaci\u00f3 no est\u00e0 prou informada dels perills que comporta l\u2019ab\u00fas dels antibi\u00f2tics. Aquesta \u00e9s una de les raons per les quals hem impulsat un pla d\u2019acci\u00f3 i hem instaurat el Dia Europeu de Conscienciaci\u00f3 (15 de novembre). Les dades ens demostren que la societat disposa de poca informaci\u00f3 sobre aquesta q\u00fcesti\u00f3. Per exemple, sovint no sap quina \u00e9s la difer\u00e8ncia entre un virus i un bacteri, i desconeix que un virus no pot ser tractat amb antibi\u00f2tics. Per aquesta ra\u00f3, la detecci\u00f3 preco\u00e7 \u00e9s b\u00e0sica per evitar que se\u2019n receptin d\u2019innecessaris.<br \/>\nUna altra q\u00fcesti\u00f3 important \u00e9s que la poblaci\u00f3 tamb\u00e9 tingui en compte la prevenci\u00f3, per exemple, en virus com el de la grip. Si es fomenta que la poblaci\u00f3 es vacuni, es redueix el nombre de malalts.<br \/>\nFinalment, hi ha un tercer problema: l\u2019automedicaci\u00f3. Conec casos de pa\u00efsos on aquesta \u00e9s una pr\u00e0ctica molt comuna, on \u00e9s f\u00e0cil comprar antibi\u00f2tics sense recepta, provocant nombrosos problemes de salut p\u00fablica, com ara la resist\u00e8ncia bacteriana, que provoca m\u00e9s de 20.000 morts l\u2019any a la UE.<\/p>\n<blockquote>\n<h2><span lang=\"CA\" style=\"color: #719f8c;\">\u201cReduir la inversi\u00f3 en salut pot provocar problemes, com que no es puguin evitar morts i malalties que s\u00f3n, en realitat, curables\u201d<\/span><\/h2>\n<\/blockquote>\n<p><span style=\"color: #719f8c; font-weight: bold;\">La Comissi\u00f3 Europea ha aconseguit fer una llista completa sobre els compostos qu\u00edmics considerats disruptors endocrins \u2014subst\u00e0ncies que alteren el sistema hormonal\u2014. \u00c9s el pas definitiu per acabar amb aquests agents nocius?<\/span><br \/>\nPrimer, cal puntualitzar que hi ha molts tipus de disruptors endocrins. Per exemple, el caf\u00e8 \u00e9s un disruptor natural; despr\u00e9s estan els qu\u00edmics, els que es produeixen de forma sint\u00e8tica, i aquests s\u00f3n els que nosaltres hem incl\u00f2s en la llista. Per fer-la, hem utilitzat diversos criteris com la definici\u00f3 de l\u2019OMS, per adequar-la a la normativa europea. \u00c9s cert que hi ha hagut molta controv\u00e8rsia al respecte: el grup dels Verds al Parlament ens ha demanat que, a la llista, tamb\u00e9 hi incloguem els considerats com a \u201cpossibles\u201d, per\u00f2 sense proves que siguin nocius \u00e9s impossible aplicar-los una regulaci\u00f3. Aix\u00ed que proposem una llista \u201coberta\u201d on, un cop anem comprovant nous disruptors, els puguem incloure per prohibir-los.<\/p>\n<figure id=\"attachment_17084\" aria-describedby=\"caption-attachment-17084\" style=\"width: 718px\" class=\"wp-caption aligncenter\"><a href=\"http:\/\/monempresarial.com\/wp-content\/uploads\/2017\/11\/P027169000201-856807.jpg\"><img decoding=\"async\" loading=\"lazy\" class=\" wp-image-17084\" src=\"http:\/\/monempresarial.com\/wp-content\/uploads\/2017\/11\/P027169000201-856807.jpg\" alt=\"\" width=\"718\" height=\"478\" srcset=\"https:\/\/www.monempresarial.com\/wp-content\/uploads\/2017\/11\/P027169000201-856807.jpg 4386w, https:\/\/www.monempresarial.com\/wp-content\/uploads\/2017\/11\/P027169000201-856807-300x200.jpg 300w, https:\/\/www.monempresarial.com\/wp-content\/uploads\/2017\/11\/P027169000201-856807-1024x681.jpg 1024w, https:\/\/www.monempresarial.com\/wp-content\/uploads\/2017\/11\/P027169000201-856807-252x167.jpg 252w, https:\/\/www.monempresarial.com\/wp-content\/uploads\/2017\/11\/P027169000201-856807-300x200@2x.jpg 600w, https:\/\/www.monempresarial.com\/wp-content\/uploads\/2017\/11\/P027169000201-856807-1024x681@2x.jpg 2048w, https:\/\/www.monempresarial.com\/wp-content\/uploads\/2017\/11\/P027169000201-856807-252x167@2x.jpg 504w\" sizes=\"(max-width: 718px) 100vw, 718px\" \/><\/a><figcaption id=\"caption-attachment-17084\" class=\"wp-caption-text\">Andriukaitis va passar el seus primers anys de vida en un camp de concentraci\u00f3. Despr\u00e9s de treballar en un hospital com a cardi\u00f2leg, va fundar el Partit Socialdem\u00f2crata de Litu\u00e0nia i va ser un dels signataris de la declaraci\u00f3 de la independ\u00e8ncia. L\u2019exvicepresident de l\u2019OMS, actualment \u00e9s l\u2019encarregat de vetllar per la salut i la seguretat aliment\u00e0ria dels europeus.<\/figcaption><\/figure>\n<p><span style=\"color: #719f8c;\"><strong><span lang=\"CA\">El glifosat, un herbicida, va ser declarat per un informe com a \u201cpossiblement cancerigen\u201d, tot i que despr\u00e9s altres estudis ho han rebutjat. Malgrat aix\u00f2, hi ha molta controv\u00e8rsia, perqu\u00e8 un sector de la societat civil est\u00e0 en contra de la seva aprovaci\u00f3 pels seus efectes nocius\u2026<\/span><\/strong><\/span><br \/>\n<span lang=\"CA\">Hi ha certa confusi\u00f3 al respecte. Una ag\u00e8ncia que treballa amb l\u2019OMS (IARC) va publicar fa dos anys un informe on s\u2019apuntava \u201cla possibilitat\u201d que fos cancerigen. Tot i aix\u00ed, despr\u00e9s, l\u2019OMS va publicar una segona investigaci\u00f3 que desmentia aquest primer informe. A la UE tamb\u00e9 hem investigat sobre la q\u00fcesti\u00f3, i l\u2019Ag\u00e8ncia Europea de Seguretat Aliment\u00e0ria (EFSA) i tots els organismes nacionals competents han publicat els seus propis estudis, i tots han coincidit que \u00e9s \u201cimprobable\u201d que sigui cancerigen. Tamb\u00e9 aquesta ha estat la conclusi\u00f3 a altres pa\u00efsos com Austr\u00e0lia, el Jap\u00f3, Canad\u00e0 o els Estats Units. Per tant, nom\u00e9s hi ha un \u00fanic informe al m\u00f3n \u2013que, a m\u00e9s, va utilitzar la seva pr\u00f2pia metodologia\u2013 que parli d\u2019una probabilitat que s\u00ed que ho sigui. Tot i aix\u00ed, ens hem proposat que se\u2019n redueixi l\u2019\u00fas, per exemple, en algunes \u00e0rees com ara a escoles o parcs, perqu\u00e8 realment ens importa l\u2019opini\u00f3 p\u00fablica. Estem en contacte amb la ind\u00fastria perqu\u00e8 produeixi pesticides m\u00e9s verds i menys t\u00f2xics. En tot cas, jo no en tinc dubtes: el glifosat no \u00e9s cancerigen.<\/span><\/p>\n<p><span style=\"color: #719f8c;\"><strong><span lang=\"CA\">Durant aquests anys de crisi econ\u00f2mica, molts pa\u00efsos han optat per aplicar retallades en el sistema sanitari. No creu que aix\u00f2 afecta l\u2019Estat del benestar, que tan dif\u00edcil ha estat de construir?<\/span><\/strong><\/span><br \/>\n<span lang=\"CA\">Hi estic d\u2019acord. Estic molt preocupat per les retallades. \u00c9s cert que els estats membres tenen les compet\u00e8ncies en salut i d\u2019ells dep\u00e8n decidir quin sistema sanitari volen i com han d\u2019utilitzar els diners p\u00fablics. Tot i que els pa\u00efsos han de defensar els diners dels contribuents i com gastar-los, nosaltres podem advertir-los, a trav\u00e9s de les recomanacions per pa\u00efsos, que rebutgin les retallades en sanitat. Reduir la inversi\u00f3 en salut pot provocar problemes, com que no es puguin evitar morts i malalties que s\u00f3n, en realitat, curables.<\/span><\/p>\n<blockquote>\n<h2><span style=\"color: #719f8c;\">\u201cLa detecci\u00f3 preco\u00e7 \u00e9s b\u00e0sica per evitar que es receptin antibi\u00f2tics innecessaris.\u201d<\/span><\/h2>\n<\/blockquote>\n<p><span style=\"color: #719f8c;\"><strong><span lang=\"CA\">Aquest estiu hi ha hagut un frau alimentari per la contaminaci\u00f3 d\u2019ous amb el pesticida fipronil, que ha afectat a tota Europa i part del m\u00f3n. Qu\u00e8 creu que ha fallat?<\/span><\/strong><\/span><br \/>\n<span lang=\"CA\">Des del moment en qu\u00e8 B\u00e8lgica va comunicar el frau, el 20 de juliol, la Comissi\u00f3 Europea va actuar molt r\u00e0pid a trav\u00e9s del Sistema Europeu d\u2019Alerta R\u00e0pida. Vam oferir als pa\u00efsos totes les eines d\u2019ajuda disponibles i vam comunicar-nos-hi immediatament per assegurar-nos que s\u2019hi apliquessin totes les mesures nacionals. A la UE, cada dia es produeixen 330 milions d\u2019ous, o sigui que, en una setmana, se\u2019n generen m\u00e9s de mil milions, per\u00f2 els ous contaminats van ser una part \u00ednfima d\u2019aquest total, m\u00e9s o menys 40 o 60 milions. Ha estat dif\u00edcil seguir-ne la pista, per\u00f2 els vam detectar. Vam ser efectius a l\u2019hora de reaccionar davant d\u2019aquest problema, per\u00f2 tampoc se\u2019ns pot demanar que eliminem el fipronil, perqu\u00e8 el seu \u00fas \u00e9s legal per als animals que no es destinen al consum hum\u00e0. Holanda va detectar els primers casos d\u2019\u00fas de fipronil l\u2019any 2016, per\u00f2 en va descartar el perill en la salut humana i va comen\u00e7ar a investigar-ho com un frau; despr\u00e9s, B\u00e8lgica va demanar-ne explicacions i va ser aix\u00ed com es va descobrir. El problema ha radicat en el grau d\u2019informaci\u00f3 i coordinaci\u00f3 entre pa\u00efsos sobre el frau, per\u00f2 s\u2019ha evitat que es convert\u00eds en un problema de salut. <\/span><\/p>\n<blockquote>\n<h2><span style=\"color: #719f8c;\">\u201cNo en tinc dubtes: el glifosat no \u00e9s cancerigen.\u201d<\/span><\/h2>\n<\/blockquote>\n<p><span style=\"color: #719f8c;\"><strong><span lang=\"CA\">Per acabar, voldria fer-li una pregunta personal. Vost\u00e8 va n\u00e9ixer i va viure fins als sis anys en un gulag. Una experi\u00e8ncia dif\u00edcil\u2026<\/span><\/strong><\/span><br \/>\n<span lang=\"CA\">(Fa un llarg sospir) S\u00ed. deixi\u2019m ensenyar-li una cosa (mostra el mapa d\u2019Europa). Els meus pares van ser deportats l\u2019any 1942 a Sib\u00e8ria, en aquest camp, just a l\u2019Oce\u00e0 \u00c0rtic, a Kiossour, on Stalin va empla\u00e7ar un gulag. All\u00ed \u00e9s on jo vaig n\u00e9ixer, el 1951, i on vaig viure fins el 1956. Despr\u00e9s, ens van portar en una zona propera de Minsk, en un camp de despla\u00e7ats on era de nit les 24 hores del dia; no sabia qu\u00e8 significava el mat\u00ed. Als sis anys i mig vam tornar a Litu\u00e0nia. Quan vam arribar-hi, vaig tenir un xoc: mai no havia vist abans el que era la civilitzaci\u00f3. Moltes vegades penso en tot el que van patir els meus pares all\u00e0, i en totes les persones que hi van morir. Va ser dif\u00edcil, per\u00f2 tamb\u00e9 estic orgull\u00f3s d\u2019aquest passat, perqu\u00e8 els meus pares sempre van lluitar i, l\u2019any 1989, la hist\u00f2ria em va permetre poder signar la declaraci\u00f3 d\u2019independ\u00e8ncia de Litu\u00e0nia, un moment molt important de la meva vida. Despr\u00e9s del que he viscut, he apr\u00e8s el que \u00e9s la vida, l\u2019amistat, la humanitat, els drets humans, la just\u00edcia social i la igualtat que han perm\u00e8s la creaci\u00f3 de la Uni\u00f3 Europea actual.<\/span><\/p>\n<p><span style=\"color: #719f8c;\"><strong>Llegeix m\u00e9s:\u00a0<a href=\"http:\/\/monempresarial.com\/2017\/12\/26\/la-investigacio-farmaceutica-al-capdavant-de-la-ue\/\" target=\"_blank\" rel=\"noopener noreferrer\">La investigaci\u00f3 farmac\u00e8utica, al capdavant de la UE<\/a><\/strong><\/span><\/p>\n","protected":false},"excerpt":{"rendered":"<p>Vytenis Andriukaitis (Kioussour, Sib\u00e8ria, 1951) \u00e9s el comissari europeu de Salut i Seguretat Aliment\u00e0ria. Cardi\u00f2leg de professi\u00f3, va n\u00e9ixer en un camp de concentraci\u00f3 durant el terror de Josef Stalin. Va ser fundador del Partit Socialdem\u00f2crata de Litu\u00e0nia i un dels signants de la declaraci\u00f3 d\u2019indep\u00e8ndencia del seu pa\u00eds. Abans de treballar a la capital europea, va ser vicepresident de l\u2019Organitzaci\u00f3 Mundial de la Salut. En una entrevista exclusiva amb M\u00f3n Empresarial, parla de la seva feina en els \u00faltims dos anys.<\/p>\n","protected":false},"author":1,"featured_media":17082,"comment_status":"open","ping_status":"open","sticky":false,"template":"","format":"standard","meta":{"_mi_skip_tracking":false,"mc4wp_mailchimp_campaign":[],"jnews-multi-image_gallery":[],"jnews_single_post":[],"jnews_primary_category":[]},"categories":[9,10839,10815,10843,19],"tags":[133,143,146,170,954,1053,1114,6148,6149,6150],"_links":{"self":[{"href":"https:\/\/www.monempresarial.com\/ca\/wp-json\/wp\/v2\/posts\/17080"}],"collection":[{"href":"https:\/\/www.monempresarial.com\/ca\/wp-json\/wp\/v2\/posts"}],"about":[{"href":"https:\/\/www.monempresarial.com\/ca\/wp-json\/wp\/v2\/types\/post"}],"author":[{"embeddable":true,"href":"https:\/\/www.monempresarial.com\/ca\/wp-json\/wp\/v2\/users\/1"}],"replies":[{"embeddable":true,"href":"https:\/\/www.monempresarial.com\/ca\/wp-json\/wp\/v2\/comments?post=17080"}],"version-history":[{"count":1,"href":"https:\/\/www.monempresarial.com\/ca\/wp-json\/wp\/v2\/posts\/17080\/revisions"}],"predecessor-version":[{"id":48027,"href":"https:\/\/www.monempresarial.com\/ca\/wp-json\/wp\/v2\/posts\/17080\/revisions\/48027"}],"wp:featuredmedia":[{"embeddable":true,"href":"https:\/\/www.monempresarial.com\/ca\/wp-json\/wp\/v2\/media\/17082"}],"wp:attachment":[{"href":"https:\/\/www.monempresarial.com\/ca\/wp-json\/wp\/v2\/media?parent=17080"}],"wp:term":[{"taxonomy":"category","embeddable":true,"href":"https:\/\/www.monempresarial.com\/ca\/wp-json\/wp\/v2\/categories?post=17080"},{"taxonomy":"post_tag","embeddable":true,"href":"https:\/\/www.monempresarial.com\/ca\/wp-json\/wp\/v2\/tags?post=17080"}],"curies":[{"name":"wp","href":"https:\/\/api.w.org\/{rel}","templated":true}]}}