{"id":17103,"date":"2017-12-26T09:00:50","date_gmt":"2017-12-26T08:00:50","guid":{"rendered":"http:\/\/monempresarial.com\/?p=17103\/"},"modified":"2025-09-25T09:33:03","modified_gmt":"2025-09-25T07:33:03","slug":"la-investigacio-farmaceutica-al-capdavant-de-la-ue","status":"publish","type":"post","link":"https:\/\/www.monempresarial.com\/ca\/2017\/12\/26\/la-investigacio-farmaceutica-al-capdavant-de-la-ue\/","title":{"rendered":"La investigaci\u00f3 farmac\u00e8utica,<\/span> al capdavant de la UE"},"content":{"rendered":"<h4>Els governs nacionals tenen les compet\u00e8ncies d\u2019organitzaci\u00f3 de l\u2019assist\u00e8ncia sanit\u00e0ria i poden decidir quines s\u00f3n les partides nacionals que es destinen a la investigaci\u00f3 m\u00e8dica. Tot i aix\u00ed, la UE tamb\u00e9 assigna recursos p\u00fablics a l\u2019R+D en salut: en el per\u00edode 2014-2020, haur\u00e0 invertit 7.500 milions d\u2019euros per millorar l\u2019assist\u00e8ncia i la investigaci\u00f3 sanit\u00e0ria europea a trav\u00e9s del programa d\u2019investigaci\u00f3 Horitz\u00f3 2020.<\/h4>\n<h4>Text: <span style=\"color: #719f8c;\"><a style=\"color: #719f8c;\" href=\"http:\/\/monempresarial.com\/author\/eherrera\/\" target=\"_blank\" rel=\"noopener noreferrer\">Esther Herrera<\/a><\/span><\/h4>\n<hr style=\"color: #b72126;\" \/>\n<p>En l\u2019\u00e0mbit de la investigaci\u00f3 m\u00e8dica a la UE, la ind\u00fastria farmac\u00e8utica n\u2019\u00e9s la pot\u00e8ncia m\u00e9s destacada. Des de l\u2019Executiu comunitari admeten els canvis que s\u2019estan produint en el sector, especialment perqu\u00e8 medicaments considerats \u2018supervendes\u2019 (amb m\u00e9s de 1.000 milions d\u2019euros anuals en comercialitzacions) han deixat d\u2019estar protegits per patents i d\u2019altres aviat es trobaran en la mateixa situaci\u00f3. Per aquesta ra\u00f3, segons un informe publicat per la Comissi\u00f3 Europea, cada cop m\u00e9s empreses grans han comen\u00e7at a adquirir companyies m\u00e9s petites, que basen el seu negoci en la producci\u00f3 de medicaments gen\u00e8rics per diversificar-se; d\u2019altres tamb\u00e9 han trobat un forat en la biotecnologia.<\/p>\n<p>El sector es basa en l\u2019R+D i hi ha dos tipus d\u2019empreses: d\u2019una banda, les conegudes com a origin\u00e0ries (que es dediquen a la investigaci\u00f3, el desenvolupament i la gesti\u00f3 del proc\u00e9s regulador de nous productes), i que reben part dels seus beneficis de les patents que, en part, cobreixen els costos de la inversi\u00f3 en innovaci\u00f3; i, de l\u2019altra, les empreses de gen\u00e8rics. Durant l\u2019\u00faltim per\u00edode del 2007 al 2014, el 17% del volum de negoci de les empreses origin\u00e0ries va correspondre a medicaments que necessiten prescripci\u00f3. La Comissi\u00f3 Europea explica que el sector farmac\u00e8utic \u00e9s at\u00edpic, perqu\u00e8 no es regula nom\u00e9s per l\u2019oferta i la demanda, en tant que molts medicaments necessiten prescripci\u00f3 per poder \u00e9sser comprats.<\/p>\n<blockquote>\n<h2><span style=\"color: #719f8c;\">Despr\u00e9s de tres anys de negociacions, la UE ha posat en marxa una millora de la legislaci\u00f3 per refor\u00e7ar la seguretat dels dispositius m\u00e8dics<\/span><\/h2>\n<\/blockquote>\n<p>La ind\u00fastria farmac\u00e8utica no ha parat de cr\u00e9ixer a la UE. A Espanya, el seu augment \u00e9s sostingut, i segons dades de l\u2019Institut Nacional d\u2019Estad\u00edstica, aquest \u00faltim any ha superat el 2%. Per aquesta ra\u00f3, la ciutat de Barcelona ha estat una de les candidates a acollir l\u2019Ag\u00e8ncia Europea del Medicament (EMA), que abans del mar\u00e7 del 2019 ha d\u2019abandonar Londres, tot just quan es produeixi la sortida del Regne Unit de la UE. En els darrers mesos, el Govern espanyol ha defensat reiteradament les m\u00faltiples oportunitats que la Ciutat Comtal podia oferir com a nova seu de l\u2019Ag\u00e8ncia, no nom\u00e9s per la seva bona situaci\u00f3 geogr\u00e0fica, sin\u00f3 tamb\u00e9 pel fet que hi concentra un <em>hub<\/em> tecnol\u00f2gic i innovador. Malgrat aix\u00f2, finalment, l&#8217;EMA es traslladar\u00e0 a Amsterdam.<\/p>\n<p><span style=\"color: #719f8c;\"><strong>El paper de Brussel\u00b7les<\/strong><\/span><br \/>\nEn q\u00fcestions de salut, Brussel\u00b7les defensa que s\u00f3n els estats els qui en tenen les compet\u00e8ncies. Per\u00f2 el comissari de Salut i Seguretat Alimentaria, Vytenis Andriukaitis, subratlla \u201cel paper\u201d de la instituci\u00f3 per ajudar els pa\u00efsos en la prevenci\u00f3 de malalties. L\u2019actuaci\u00f3 contra c\u00e0ncers tan comuns en la poblaci\u00f3 europea com ara el de mama, el de coll d\u2019\u00fater i el colorectal n\u2019\u00e9s un exemple: aix\u00ed, s\u2019han dut a terme programes europeus per fer-ne prevenci\u00f3 (s\u2019han facilitat directrius sobre la garantia dels tractaments, alhora que s\u2019assegurava la posada en com\u00fa dels coneixements i recursos disponibles en aquest sentit entre tots els estats membres). A m\u00e9s, la UE tamb\u00e9 participa en la lluita contra el tabaquisme a trav\u00e9s de la legislaci\u00f3 i mitjan\u00e7ant accions per impactar en la sensibilitat de la poblaci\u00f3, com ara campanyes per advertir sobre els seus efectes en la salut.<\/p>\n<p><a href=\"http:\/\/monempresarial.com\/wp-content\/uploads\/2017\/11\/ABC-cat.jpg\"><img decoding=\"async\" loading=\"lazy\" class=\"aligncenter wp-image-17105\" src=\"http:\/\/monempresarial.com\/wp-content\/uploads\/2017\/11\/ABC-cat.jpg\" alt=\"\" width=\"626\" height=\"426\" srcset=\"https:\/\/www.monempresarial.com\/wp-content\/uploads\/2017\/11\/ABC-cat.jpg 923w, https:\/\/www.monempresarial.com\/wp-content\/uploads\/2017\/11\/ABC-cat-300x204.jpg 300w, https:\/\/www.monempresarial.com\/wp-content\/uploads\/2017\/11\/ABC-cat-300x204@2x.jpg 600w\" sizes=\"(max-width: 626px) 100vw, 626px\" \/><\/a><\/p>\n<p>D\u2019altra banda, la regulaci\u00f3 tamb\u00e9 \u00e9s b\u00e0sica. Aix\u00ed, despr\u00e9s de tres anys de negociacions, la UE ha posat en marxa una millora de la legislaci\u00f3 per refor\u00e7ar la seguretat dels dispositius m\u00e8dics: des de les simples lents de contacte fins als adhesius o els marcapassos m\u00e9s moderns, tots aquests instruments necessiten actualitzar-se gr\u00e0cies a un nou marc jur\u00eddic. El passat mes d\u2019abril, la normativa, que datava dels anys 90, es va modificar tenint en compte els darrers aven\u00e7os m\u00e8dics. Aquest canvi tamb\u00e9 t\u00e9 l\u2019objectiu de protegir millor els consumidors, especialment quant als productes que comporten m\u00e9s riscos (com ara les lents de contacte de colors o els procediments per a la inseminaci\u00f3 in vitro). Aix\u00ed mateix, Brussel\u00b7les ha posat en marxa una nova base de dades, coneguda com a EUDAMED, perqu\u00e8 tots els pa\u00efsos puguin saber de primera m\u00e0 quins s\u00f3n els instruments m\u00e8dics i quina \u00e9s la seva vida \u00fatil.<\/p>\n<p><span style=\"color: #719f8c;\"><strong>Llegeix tamb\u00e9:\u00a0<a href=\"http:\/\/monempresarial.com\/2017\/12\/22\/entrevista-a-vytenis-andriukaitis-comissari-europeu-de-salut-i-seguretat-alimentaria\/\" target=\"_blank\" rel=\"noopener noreferrer\">Entrevista a Vytenis Andriukaitis, comissari europeu de Salut i Seguretat Aliment\u00e0ria<\/a><\/strong><\/span><\/p>\n","protected":false},"excerpt":{"rendered":"<p>Els governs nacionals tenen les compet\u00e8ncies d\u2019organitzaci\u00f3 de l\u2019assist\u00e8ncia sanit\u00e0ria i poden decidir quines s\u00f3n les partides nacionals que es destinen a la investigaci\u00f3 m\u00e8dica. Tot i aix\u00ed, la UE tamb\u00e9 assigna recursos p\u00fablics a l\u2019R+D en salut: en el per\u00edode 2014-2020, haur\u00e0 invertit 7.500 milions d\u2019euros per millorar l\u2019assist\u00e8ncia i la investigaci\u00f3 sanit\u00e0ria europea a trav\u00e9s del programa d\u2019investigaci\u00f3 Horitz\u00f3 2020.<\/p>\n","protected":false},"author":1,"featured_media":17106,"comment_status":"open","ping_status":"open","sticky":false,"template":"","format":"standard","meta":{"_mi_skip_tracking":false,"mc4wp_mailchimp_campaign":[],"jnews-multi-image_gallery":[],"jnews_single_post":[],"jnews_primary_category":[]},"categories":[9,10839,10815,10843,19],"tags":[170,240,366,635,1167,1654,6158,6159,6160,6161,6162,6163,6164,143],"_links":{"self":[{"href":"https:\/\/www.monempresarial.com\/ca\/wp-json\/wp\/v2\/posts\/17103"}],"collection":[{"href":"https:\/\/www.monempresarial.com\/ca\/wp-json\/wp\/v2\/posts"}],"about":[{"href":"https:\/\/www.monempresarial.com\/ca\/wp-json\/wp\/v2\/types\/post"}],"author":[{"embeddable":true,"href":"https:\/\/www.monempresarial.com\/ca\/wp-json\/wp\/v2\/users\/1"}],"replies":[{"embeddable":true,"href":"https:\/\/www.monempresarial.com\/ca\/wp-json\/wp\/v2\/comments?post=17103"}],"version-history":[{"count":1,"href":"https:\/\/www.monempresarial.com\/ca\/wp-json\/wp\/v2\/posts\/17103\/revisions"}],"predecessor-version":[{"id":48022,"href":"https:\/\/www.monempresarial.com\/ca\/wp-json\/wp\/v2\/posts\/17103\/revisions\/48022"}],"wp:featuredmedia":[{"embeddable":true,"href":"https:\/\/www.monempresarial.com\/ca\/wp-json\/wp\/v2\/media\/17106"}],"wp:attachment":[{"href":"https:\/\/www.monempresarial.com\/ca\/wp-json\/wp\/v2\/media?parent=17103"}],"wp:term":[{"taxonomy":"category","embeddable":true,"href":"https:\/\/www.monempresarial.com\/ca\/wp-json\/wp\/v2\/categories?post=17103"},{"taxonomy":"post_tag","embeddable":true,"href":"https:\/\/www.monempresarial.com\/ca\/wp-json\/wp\/v2\/tags?post=17103"}],"curies":[{"name":"wp","href":"https:\/\/api.w.org\/{rel}","templated":true}]}}