{"id":17142,"date":"2017-11-08T14:36:46","date_gmt":"2017-11-08T13:36:46","guid":{"rendered":"http:\/\/monempresarial.com\/?p=17142\/"},"modified":"2025-07-16T12:54:57","modified_gmt":"2025-07-16T10:54:57","slug":"icf-comerc-una-linia-de-financament-dirigida-a-emprenedors-i-pimes","status":"publish","type":"post","link":"https:\/\/www.monempresarial.com\/ca\/2017\/11\/08\/icf-comerc-una-linia-de-financament-dirigida-a-emprenedors-i-pimes\/","title":{"rendered":"ICF Comer\u00e7,<\/span> una l\u00ednia de finan\u00e7ament dirigida a emprenedors i pimes"},"content":{"rendered":"<h4>L&#8217;Institut Catal\u00e0 de Finances ha creat, juntament amb la Direcci\u00f3 General de Comer\u00e7 de la Generalitat de Catalunya, una l\u00ednia de finan\u00e7ament destinada a emprenedors, aut\u00f2noms, microempreses i pimes dels \u00e0mbits del comer\u00e7, l&#8217;artesania, la moda i els serveis relacionats. Rep el nom &#8220;ICF Comer\u00e7&#8221; i incorpora condicions preferents per facilitar l&#8217;acc\u00e9s al cr\u00e8dit a aquells que volen enfortir el seu projecte empresarial.\u00a0Les sol\u00b7licituds d\u2019aquests pr\u00e9stecs es poden fer fins al 26 de setembre de 2018.<\/h4>\n<hr style=\"color: #b72126;\" \/>\n<p>La <strong>Generalitat de Catalunya<\/strong>, a trav\u00e9s de la <strong>Direcci\u00f3 General de Comer\u00e7<\/strong> i l\u2019<a href=\"http:\/\/www.icf.cat\/ca\/inici\/\" target=\"_blank\" rel=\"noopener noreferrer\"><strong>Institut Catal\u00e0 de Finances (ICF)<\/strong><\/a>, va posar en marxa ahir i <strong>fins al 26 de setembre de 2018<\/strong> una nova l\u00ednia de pr\u00e9stecs per al finan\u00e7ament de projectes d\u2019aut\u00f2noms, micro, petites i mitjanes empreses dels \u00e0mbits del comer\u00e7 i els serveis, l\u2019artesania i la moda.<\/p>\n<p><span style=\"color: #619a88;\"><strong>Pressupost destinat i condicions<\/strong><\/span><br \/>\nL\u2019<strong>ICF Comer\u00e7<\/strong> compta, per als anys 2017 i 2018, amb una dotaci\u00f3 de 15 milions d\u2019euros per a finan\u00e7ar operacions d\u2019inversi\u00f3 i\/o circulant. La Direcci\u00f3 General de Comer\u00e7, mitjan\u00e7ant el Consorci de Comer\u00e7, Artesania i Moda (CCAM), assumir\u00e0 el 70% del capital pendent del pr\u00e9stec amb l\u2019objectiu d\u2019afavorir l\u2019acc\u00e9s al finan\u00e7ament bancari dels beneficiaris.<br \/>\nLes <strong>sol\u00b7licituds<\/strong> es poden presentar a trav\u00e9s del portal web de l\u2019<a href=\"http:\/\/www.icf.cat\/ca\/productes-financers\/prestecs\/icf-comerc\" target=\"_blank\" rel=\"noopener noreferrer\">ICF<\/a>\u00a0o la web del\u00a0<a href=\"http:\/\/ccam.gencat.cat\/ca\/inici\/\">CCAM<\/a>.<br \/>\nD&#8217;altra banda, les <strong>condicions <\/strong>de les operacions (pr\u00e9stecs o l\u00edsings) d\u2019aquesta l\u00ednia s\u00f3n les seg\u00fcents:<\/p>\n<ul>\n<li><strong>Import:<\/strong> entre 15.000\u20ac i 100.000\u20ac per a aut\u00f2noms, i entre 25.000\u20ac i 100.000\u20ac per a microempreses i pimes.<\/li>\n<li><strong>Termini:<\/strong> fins a 5 anys (amb 1 any de car\u00e8ncia incl\u00f2s).<\/li>\n<li><strong>Inter\u00e8s:<\/strong> eur\u00edbor a 6 mesos (m\u00e9s un diferencial del 3,70% en funci\u00f3 del projecte).<\/li>\n<li><strong>Comissions:<\/strong> cap (a excepci\u00f3 d\u2019una comissi\u00f3 d\u2019amortitzaci\u00f3 anticipada de fins a l\u20191%).<\/li>\n<li><strong>Garanties:<\/strong> les que l\u2019entitat financera col\u00b7laboradora estimi adients i suficients per garantir l\u2019operaci\u00f3.<\/li>\n<li><strong>Desemborsament:<\/strong> el pr\u00e9stec es disposar\u00e0 \u00edntegrament en el moment de la signatura.<\/li>\n<\/ul>\n","protected":false},"excerpt":{"rendered":"<p>L&#8217;Institut Catal\u00e0 de Finances ha creat, juntament amb la Direcci\u00f3 General de Comer\u00e7 de la Generalitat de Catalunya, una l\u00ednia de finan\u00e7ament destinada a emprenedors, aut\u00f2noms, microempreses i pimes dels \u00e0mbits del comer\u00e7, l&#8217;artesania, la moda i els serveis relacionats. Rep el nom &#8220;ICF Comer\u00e7&#8221; i incorpora condicions preferents per facilitar l&#8217;acc\u00e9s al cr\u00e8dits d&#8217;aquells que compleixen el perfil citat anteriorment. Les sol\u00b7licituds d\u2019aquests pr\u00e9stecs es poden fer fins al 26 de setembre de 2018.<\/p>\n","protected":false},"author":1,"featured_media":17143,"comment_status":"open","ping_status":"open","sticky":false,"template":"","format":"standard","meta":{"_mi_skip_tracking":false,"mc4wp_mailchimp_campaign":[],"jnews-multi-image_gallery":[],"jnews_single_post":[],"jnews_primary_category":[]},"categories":[5694,10820,10821,10828,10,10825],"tags":[6225,115,116,141,894,1115,1210,2382,6222,6223,6224],"_links":{"self":[{"href":"https:\/\/www.monempresarial.com\/ca\/wp-json\/wp\/v2\/posts\/17142"}],"collection":[{"href":"https:\/\/www.monempresarial.com\/ca\/wp-json\/wp\/v2\/posts"}],"about":[{"href":"https:\/\/www.monempresarial.com\/ca\/wp-json\/wp\/v2\/types\/post"}],"author":[{"embeddable":true,"href":"https:\/\/www.monempresarial.com\/ca\/wp-json\/wp\/v2\/users\/1"}],"replies":[{"embeddable":true,"href":"https:\/\/www.monempresarial.com\/ca\/wp-json\/wp\/v2\/comments?post=17142"}],"version-history":[{"count":1,"href":"https:\/\/www.monempresarial.com\/ca\/wp-json\/wp\/v2\/posts\/17142\/revisions"}],"predecessor-version":[{"id":46212,"href":"https:\/\/www.monempresarial.com\/ca\/wp-json\/wp\/v2\/posts\/17142\/revisions\/46212"}],"wp:featuredmedia":[{"embeddable":true,"href":"https:\/\/www.monempresarial.com\/ca\/wp-json\/wp\/v2\/media\/17143"}],"wp:attachment":[{"href":"https:\/\/www.monempresarial.com\/ca\/wp-json\/wp\/v2\/media?parent=17142"}],"wp:term":[{"taxonomy":"category","embeddable":true,"href":"https:\/\/www.monempresarial.com\/ca\/wp-json\/wp\/v2\/categories?post=17142"},{"taxonomy":"post_tag","embeddable":true,"href":"https:\/\/www.monempresarial.com\/ca\/wp-json\/wp\/v2\/tags?post=17142"}],"curies":[{"name":"wp","href":"https:\/\/api.w.org\/{rel}","templated":true}]}}