{"id":17157,"date":"2017-12-28T09:00:43","date_gmt":"2017-12-28T08:00:43","guid":{"rendered":"http:\/\/monempresarial.com\/?p=17157\/"},"modified":"2025-09-25T09:32:35","modified_gmt":"2025-09-25T07:32:35","slug":"un-metge-per-a-malalts-no-per-a-malalties","status":"publish","type":"post","link":"https:\/\/www.monempresarial.com\/ca\/2017\/12\/28\/un-metge-per-a-malalts-no-per-a-malalties\/","title":{"rendered":"Un metge per a malalts, no per a malalties"},"content":{"rendered":"<h4>El metge del futur ser\u00e0 dona, jove, molt preparada i, sobretot, emp\u00e0tica i capa\u00e7 d&#8217;adaptar-se a una realitat canviant i flexible.<\/h4>\n<h4><span style=\"color: #88576b;\">Dr. Josep Vilaplana Birba.<\/span> President del Consell de Col\u00b7legis de Metges de Catalunya i president del Col\u00b7legi Oficial de Metges de Girona.<\/h4>\n<hr style=\"color: #b72126;\" \/>\n<p>La nostra societat, com la resta de societats modernes i avan\u00e7ades, est\u00e0 experimentant canvis sociodemogr\u00e0fics profunds. L&#8217;increment de l&#8217;esperan\u00e7a de vida \u00e9s, sens dubte, un gran \u00e8xit col\u00b7lectiu que, al mateix temps, ens presenta una poblaci\u00f3 m\u00e9s envellida amb nous problemes i reptes.<br \/>\nAix\u00ed mateix, els aven\u00e7os tecnol\u00f2gics i les noves tecnologies de la comunicaci\u00f3 han contribu\u00eft de forma not\u00f2ria al fet que els ciutadans estiguin m\u00e9s informats i disposats a participar activament en les decisions que afecten la seva salut. S\u00f3n ciutadans, i pacients, que volen decidir com ser atesos, per qui ser atesos, en quin lloc i, fins i tot, fins quan volen rebre tractament m\u00e8dic.<br \/>\n\u00d2bviament, i \u00e9s un bon senyal, els metges no som aliens a aquests canvis sociodemogr\u00e0fics que afecten el conjunt de la societat. De fet, la professi\u00f3 tamb\u00e9 viu immersa en un proc\u00e9s de transformaci\u00f3 propi que es va escenificar en el 3r Congr\u00e9s de la Professi\u00f3 M\u00e8dica que vam celebrar l&#8217;any passat a Girona. D&#8217;aquesta reuni\u00f3, i fruit del proc\u00e9s de reflexi\u00f3 que s&#8217;havia fet pr\u00e8viament, se\u2019n va consensuar la Declaraci\u00f3 de Girona, un document que recull els reptes que afrontar\u00e0 la professi\u00f3 en un futur pr\u00f2xim i la ferma decisi\u00f3 del col\u00b7lectiu m\u00e8dic de Catalunya de fer-hi front.<\/p>\n<p><span style=\"color: #88576b;\"><strong>El pacient, al centre de tot<\/strong><\/span><br \/>\nUn dels punts que recull el document \u00e9s la necessitat, especialment en la medicina que ens espera, que les persones estiguin al centre de la nostra activitat m\u00e8dica i de la nostra vocaci\u00f3 professional. Necessitem un metge que tracti malalts -i no malalties-, i que faciliti la coparticipaci\u00f3 del pacient en la presa de decisions sobre la seva salut, tenint una visi\u00f3 integral de les seves necessitats. El metge del futur, i tamb\u00e9 l&#8217;actual, ha de mirar m\u00e9s enll\u00e0 de les dades pr\u00f2piament cl\u00edniques del pacient i valorar-lo en el seu conjunt, a partir dels aspectes socials, personals i, fins i tot, econ\u00f2mics que l&#8217;envolten. En aquest sentit, la figura del metge de cap\u00e7alera \u00e9s clau, ja que \u00e9s qui t\u00e9, amb m\u00e9s facilitat, una idea m\u00e9s global del pacient. Per aquest motiu \u00e9s tan important donar poder al metge de fam\u00edlia i treballar en equips multidisciplinaris, per evitar que l&#8217;especialitzaci\u00f3 m\u00e8dica ens fragmenti en exc\u00e9s la visi\u00f3 del pacient.<\/p>\n<blockquote>\n<h2><span style=\"color: #88576b;\">M\u00e9s enll\u00e0 de ser capa\u00e7os de proporcionar el diagn\u00f2stic i tractament adequats en cada cas, els metges hem de tenir l&#8217;habilitat de compartir amb el pacient les decisions que n\u2019afecten la salut, i acompanyar-lo al llarg del tractament, especialment en els moments de m\u00e9s incertesa<\/span><\/h2>\n<\/blockquote>\n<p>Aquesta nova concepci\u00f3 del pacient posa l&#8217;accent en alguns matisos, ja que la confian\u00e7a, sobre la base del coneixement cient\u00edfic, el respecte, l&#8217;empatia i, fins i tot, la llibertat per triar el tractament, adquireix una rellev\u00e0ncia superior. M\u00e9s enll\u00e0 de ser capa\u00e7os de proporcionar el diagn\u00f2stic i tractament adequats en cada cas, els metges hem de tenir l&#8217;habilitat de compartir amb el pacient les decisions que n\u2019afecten la salut, i acompanyar-lo al llarg del tractament, especialment en els moments de m\u00e9s incertesa. Aquests aspectes han demostrat \u00e9sser molt importants a l&#8217;hora de millorar l&#8217;efectivitat terap\u00e8utica.<\/p>\n<p><span style=\"color: #88576b;\"><strong>2+2 no sempre sumen 4<\/strong><\/span><br \/>\nEls metges tamb\u00e9 hem de ser capa\u00e7os d&#8217;ajudar el pacient a entendre que, en medicina, no sempre hi ha una resposta correcta o, com a m\u00ednim no hi ha una \u00fanica resposta correcta.<br \/>\nMetges i pacients hem d&#8217;aprendre a tolerar i gestionar adequadament la incertesa cient\u00edfica i diagn\u00f2stica. Fins i tot en l&#8217;actualitat, en aquests temps d&#8217;alt\u00edssima tecnificaci\u00f3 que ens encaminen cap a una medicina de precisi\u00f3, la incertesa forma part de la nostra activitat m\u00e9s quotidiana i el seu maneig \u00e9s clau per no generar frustraci\u00f3 i neguit a metges i pacients. L&#8217;obsessi\u00f3 per trobar la resposta correcta a determinada malaltia o problema, amb el risc que aix\u00f2 comporta de simplificar excessivament la rica naturalesa del raonament cl\u00ednic, \u00e9s l&#8217;ant\u00edtesi de l&#8217;atenci\u00f3 sanit\u00e0ria m\u00e9s humanista que demana avui la societat.<br \/>\nPer aix\u00f2, crec que un canvi cap al reconeixement de la incertesa, juntament amb l&#8217;acceptaci\u00f3 dels resultats \u2013de vegades, imprevisibles\u2013 dels malalts a determinats tractaments, i aquesta visi\u00f3 global del pacient, per conrear la nostra vocaci\u00f3 d&#8217;atenci\u00f3 a les persones, \u00e9s essencial per a tots si volem que el nostre sistema sanitari evolucioni en els propers anys.<\/p>\n","protected":false},"excerpt":{"rendered":"<p>El metge del futur ser\u00e0 dona, jove, molt preparada i, sobretot, emp\u00e0tica i capa\u00e7 d&#8217;adaptar-se a una realitat canviant i flexible.<\/p>\n","protected":false},"author":1,"featured_media":17159,"comment_status":"open","ping_status":"open","sticky":false,"template":"","format":"standard","meta":{"_mi_skip_tracking":false,"mc4wp_mailchimp_campaign":[],"jnews-multi-image_gallery":[],"jnews_single_post":[],"jnews_primary_category":[]},"categories":[72,64],"tags":[5315,5885,6162,6229,6230,6231,6232,6233,116,3559,4932],"_links":{"self":[{"href":"https:\/\/www.monempresarial.com\/ca\/wp-json\/wp\/v2\/posts\/17157"}],"collection":[{"href":"https:\/\/www.monempresarial.com\/ca\/wp-json\/wp\/v2\/posts"}],"about":[{"href":"https:\/\/www.monempresarial.com\/ca\/wp-json\/wp\/v2\/types\/post"}],"author":[{"embeddable":true,"href":"https:\/\/www.monempresarial.com\/ca\/wp-json\/wp\/v2\/users\/1"}],"replies":[{"embeddable":true,"href":"https:\/\/www.monempresarial.com\/ca\/wp-json\/wp\/v2\/comments?post=17157"}],"version-history":[{"count":1,"href":"https:\/\/www.monempresarial.com\/ca\/wp-json\/wp\/v2\/posts\/17157\/revisions"}],"predecessor-version":[{"id":48019,"href":"https:\/\/www.monempresarial.com\/ca\/wp-json\/wp\/v2\/posts\/17157\/revisions\/48019"}],"wp:featuredmedia":[{"embeddable":true,"href":"https:\/\/www.monempresarial.com\/ca\/wp-json\/wp\/v2\/media\/17159"}],"wp:attachment":[{"href":"https:\/\/www.monempresarial.com\/ca\/wp-json\/wp\/v2\/media?parent=17157"}],"wp:term":[{"taxonomy":"category","embeddable":true,"href":"https:\/\/www.monempresarial.com\/ca\/wp-json\/wp\/v2\/categories?post=17157"},{"taxonomy":"post_tag","embeddable":true,"href":"https:\/\/www.monempresarial.com\/ca\/wp-json\/wp\/v2\/tags?post=17157"}],"curies":[{"name":"wp","href":"https:\/\/api.w.org\/{rel}","templated":true}]}}