{"id":17209,"date":"2018-01-05T09:00:02","date_gmt":"2018-01-05T08:00:02","guid":{"rendered":"http:\/\/monempresarial.com\/?p=17209\/"},"modified":"2025-09-25T09:31:16","modified_gmt":"2025-09-25T07:31:16","slug":"quines-son-les-millors-asseguradores-de-salut-despanya","status":"publish","type":"post","link":"https:\/\/www.monempresarial.com\/ca\/2018\/01\/05\/quines-son-les-millors-asseguradores-de-salut-despanya\/","title":{"rendered":"Quines s\u00f3n les millors asseguradores de salut d\u2019Espanya?"},"content":{"rendered":"<h4>Repassem a continuaci\u00f3 les principals dades del sector assegurador de salut a Espanya. Quines companyies gaudeixen d&#8217;una millor reputaci\u00f3? Quins s\u00f3n els motius principals de les reclamacions?<\/h4>\n<h4>Coordinaci\u00f3: <span style=\"color: #88576b;\">Emma Bouisset<\/span><\/h4>\n<hr style=\"color: #b72126;\" \/>\n<p><img decoding=\"async\" loading=\"lazy\" class=\"wp-image-17213 aligncenter\" src=\"http:\/\/monempresarial.com\/wp-content\/uploads\/2017\/11\/Per-volum-dassegurats.jpg\" alt=\"\" width=\"465\" height=\"579\" srcset=\"https:\/\/www.monempresarial.com\/wp-content\/uploads\/2017\/11\/Per-volum-dassegurats.jpg 657w, https:\/\/www.monempresarial.com\/wp-content\/uploads\/2017\/11\/Per-volum-dassegurats-241x300.jpg 241w, https:\/\/www.monempresarial.com\/wp-content\/uploads\/2017\/11\/Per-volum-dassegurats-241x300@2x.jpg 482w\" sizes=\"(max-width: 465px) 100vw, 465px\" \/><\/p>\n<blockquote>\n<h2><span style=\"color: #88576b;\">Per nivells de qualitat percebuda\/impacte en fidelitat i recomanaci\u00f3, SegurCaixa Adeslas \u00e9s l&#8217;asseguran\u00e7a de salut n\u00famero 1 a Espanya. (Segons\u00a0<em>Ranking ISCX<\/em>, Stiga, desembre 2016)<\/span><\/h2>\n<\/blockquote>\n<p><img decoding=\"async\" loading=\"lazy\" class=\"aligncenter size-full wp-image-17212\" src=\"http:\/\/monempresarial.com\/wp-content\/uploads\/2017\/11\/Per-reputaci\u00f3.jpg\" alt=\"\" width=\"359\" height=\"764\" srcset=\"https:\/\/www.monempresarial.com\/wp-content\/uploads\/2017\/11\/Per-reputaci\u00f3.jpg 359w, https:\/\/www.monempresarial.com\/wp-content\/uploads\/2017\/11\/Per-reputaci\u00f3-141x300.jpg 141w, https:\/\/www.monempresarial.com\/wp-content\/uploads\/2017\/11\/Per-reputaci\u00f3-141x300@2x.jpg 282w\" sizes=\"(max-width: 359px) 100vw, 359px\" \/><\/p>\n<blockquote>\n<h2><span style=\"color: #88576b;\">El 2016, el nombre total de reclamacions contra les companyies asseguradores de salut va baixar respecte dels dos anys anteriors: 974 (2014), 820 (2015) i 792 (2016)<\/span><\/h2>\n<\/blockquote>\n<p><img decoding=\"async\" loading=\"lazy\" class=\"aligncenter wp-image-17214 size-full\" src=\"http:\/\/monempresarial.com\/wp-content\/uploads\/2017\/11\/Per-nombre-de-reclamacions.jpg\" alt=\"\" width=\"803\" height=\"461\" srcset=\"https:\/\/www.monempresarial.com\/wp-content\/uploads\/2017\/11\/Per-nombre-de-reclamacions.jpg 803w, https:\/\/www.monempresarial.com\/wp-content\/uploads\/2017\/11\/Per-nombre-de-reclamacions-300x172.jpg 300w, https:\/\/www.monempresarial.com\/wp-content\/uploads\/2017\/11\/Per-nombre-de-reclamacions-300x172@2x.jpg 600w\" sizes=\"(max-width: 803px) 100vw, 803px\" \/><\/p>\n<blockquote>\n<h2><span style=\"color: #88576b;\">Els motius principals de reclamaci\u00f3 (dades del 2015) van ser: la diverg\u00e8ncia en l&#8217;aplicaci\u00f3 i interpretaci\u00f3 de la p\u00f2lissa contractada (38%) i la declaraci\u00f3 de l&#8217;estat de salut en signar el contracte (15%)<\/span><\/h2>\n<\/blockquote>\n","protected":false},"excerpt":{"rendered":"<p>Repassem a continuaci\u00f3 les principals dades del sector assegurador de salut a Espanya. Quines companyies gaudeixen d&#8217;una millor reputaci\u00f3? Quins s\u00f3n els motius principals de les reclamacions?<\/p>\n","protected":false},"author":1,"featured_media":17215,"comment_status":"open","ping_status":"open","sticky":false,"template":"","format":"standard","meta":{"_mi_skip_tracking":false,"mc4wp_mailchimp_campaign":[],"jnews-multi-image_gallery":[],"jnews_single_post":[],"jnews_primary_category":[]},"categories":[10815,10844,12,13,35],"tags":[133,167,429,3998,5699,6283,6293],"_links":{"self":[{"href":"https:\/\/www.monempresarial.com\/ca\/wp-json\/wp\/v2\/posts\/17209"}],"collection":[{"href":"https:\/\/www.monempresarial.com\/ca\/wp-json\/wp\/v2\/posts"}],"about":[{"href":"https:\/\/www.monempresarial.com\/ca\/wp-json\/wp\/v2\/types\/post"}],"author":[{"embeddable":true,"href":"https:\/\/www.monempresarial.com\/ca\/wp-json\/wp\/v2\/users\/1"}],"replies":[{"embeddable":true,"href":"https:\/\/www.monempresarial.com\/ca\/wp-json\/wp\/v2\/comments?post=17209"}],"version-history":[{"count":1,"href":"https:\/\/www.monempresarial.com\/ca\/wp-json\/wp\/v2\/posts\/17209\/revisions"}],"predecessor-version":[{"id":48014,"href":"https:\/\/www.monempresarial.com\/ca\/wp-json\/wp\/v2\/posts\/17209\/revisions\/48014"}],"wp:featuredmedia":[{"embeddable":true,"href":"https:\/\/www.monempresarial.com\/ca\/wp-json\/wp\/v2\/media\/17215"}],"wp:attachment":[{"href":"https:\/\/www.monempresarial.com\/ca\/wp-json\/wp\/v2\/media?parent=17209"}],"wp:term":[{"taxonomy":"category","embeddable":true,"href":"https:\/\/www.monempresarial.com\/ca\/wp-json\/wp\/v2\/categories?post=17209"},{"taxonomy":"post_tag","embeddable":true,"href":"https:\/\/www.monempresarial.com\/ca\/wp-json\/wp\/v2\/tags?post=17209"}],"curies":[{"name":"wp","href":"https:\/\/api.w.org\/{rel}","templated":true}]}}