{"id":17238,"date":"2017-11-16T11:06:01","date_gmt":"2017-11-16T10:06:01","guid":{"rendered":"http:\/\/monempresarial.com\/?p=17238\/"},"modified":"2025-09-25T09:34:27","modified_gmt":"2025-09-25T07:34:27","slug":"rse-a-catalunya-respon-cat-premia-les-empreses-mes-responsables","status":"publish","type":"post","link":"https:\/\/www.monempresarial.com\/ca\/2017\/11\/16\/rse-a-catalunya-respon-cat-premia-les-empreses-mes-responsables\/","title":{"rendered":"RSE a Catalunya:<\/span> Respon.cat premia les empreses m\u00e9s responsables"},"content":{"rendered":"<h4>Unilever, Caf\u00e8s Novell, Galetes Trias, Xocolates Genesc\u00e0, Novartis, el Parlament de Catalunya, l&#8217;Alt Pened\u00e8s i Francesc Mart\u00ednez de Foix han estat reconeguts per les seves bones pr\u00e0ctiques i la seva traject\u00f2ria en mat\u00e8ria de Responsabilitat Social Empresarial (RSE). Els guardons es van entregar ahir a la tarda a la casa Llotja de Mar de Barcelona,\u00a0en l\u2019acte de lliurament dels Premis Respon.cat.<\/h4>\n<hr style=\"color: #b72126;\" \/>\n<p>Els Premis Respon.cat han volgut posar en valor en la seva tercera edici\u00f3 la traject\u00f2ria socialment responsable d\u2019<strong>Unilever<\/strong> i <strong>Caf\u00e8s Novell<\/strong>, per\u00f2 alhora han reconegut tres organitzacions privades m\u00e9s per bones pr\u00e0ctiques en \u00e0rees concretes: <a href=\"http:\/\/monempresarial.com\/2016\/07\/06\/galetes-trias-108-dolcos-anys-exit-empresarial\/\" target=\"_blank\" rel=\"noopener noreferrer\"><strong>Trias Galetes i Biscuits<\/strong><\/a> (per la col\u00b7laboraci\u00f3 amb la Fundaci\u00f3 Emys en producte ecol\u00f2gic i reptes ambientals), <strong>Xocolates Genesc\u00e0<\/strong> (per la gesti\u00f3 de la diversitat d\u2019origen del seu equip) i\u00a0<strong>Novartis<\/strong> (pel programa de voluntariat entre els seus treballadors i treballadores). D&#8217;altra banda,\u00a0com a novetat, enguany Respon.cat ha guardonat per primer cop un organisme p\u00fablic, el <strong>Parlament de Catalunya<\/strong>, pel seu comprom\u00eds amb la reforma hor\u00e0ria.<\/p>\n<p><span style=\"color: #619a88;\"><strong>Reconeixements especials<\/strong><\/span><br \/>\nM\u00e9s enll\u00e0 de valorar la tasca d&#8217;organitzacions concretes, Respon.cat tamb\u00e9 premia comarques que\u00a0posen el seu gra de sorra per fer dels valors de la RSE un factor identitari local. Ahir, el millor Territori Socialment Responsable fou l\u2019<strong>Alt Pened\u00e8s<\/strong>, que va estar representat per la <strong>Fundaci\u00f3 Pro Pened\u00e8s<\/strong>.<br \/>\nPer \u00faltim, a l&#8217;acte es va voler retre un petit homenatge al recentment desaparegut <strong>Francesc Mart\u00ednez de Foix<\/strong>, que fou director general del Grup Cooperatiu Taller Escola Barcelona (TEB), fundador i president fins aquest mes de mar\u00e7 de la Federaci\u00f3 Catalana d&#8217;Esports amb Discapacitat (Acell) i impulsor dels Special Olympics.<\/p>\n<p><a href=\"http:\/\/www.respon.cat\/videos-de-les-organitzacions-guanyadores-dels-premis-respon-cat-2017\/\" target=\"_blank\" rel=\"noopener noreferrer\"><strong><span style=\"color: #619a88;\">M\u00e9s informaci\u00f3 de tots els guardonats aqu\u00ed.<\/span><\/strong><\/a><\/p>\n","protected":false},"excerpt":{"rendered":"<p>Unilever, Caf\u00e8s Novell, Galetes Trias, Xocolates Genesc\u00e0, Novartis, el Parlament de Catalunya, l&#8217;Alt Pened\u00e8s i Francesc Mart\u00ednez de Foix han estat reconeguts per les seves bones pr\u00e0ctiques i la seva traject\u00f2ria en mat\u00e8ria de Responsabilitat Social Empresarial (RSE). Els guardons es van entregar ahir a la tarda a la casa Llotja de Mar de Barcelona, en l\u2019acte de lliurament dels Premis Respon.cat.<\/p>\n","protected":false},"author":1,"featured_media":17239,"comment_status":"open","ping_status":"open","sticky":false,"template":"","format":"standard","meta":{"_mi_skip_tracking":false,"mc4wp_mailchimp_campaign":[],"jnews-multi-image_gallery":[],"jnews_single_post":[],"jnews_primary_category":[]},"categories":[5694,10820,10821,10,10825],"tags":[6331,6332,6333,180,294,374,878,1174,1489,4203,5153,6326,6327,6328,6329,6330],"_links":{"self":[{"href":"https:\/\/www.monempresarial.com\/ca\/wp-json\/wp\/v2\/posts\/17238"}],"collection":[{"href":"https:\/\/www.monempresarial.com\/ca\/wp-json\/wp\/v2\/posts"}],"about":[{"href":"https:\/\/www.monempresarial.com\/ca\/wp-json\/wp\/v2\/types\/post"}],"author":[{"embeddable":true,"href":"https:\/\/www.monempresarial.com\/ca\/wp-json\/wp\/v2\/users\/1"}],"replies":[{"embeddable":true,"href":"https:\/\/www.monempresarial.com\/ca\/wp-json\/wp\/v2\/comments?post=17238"}],"version-history":[{"count":1,"href":"https:\/\/www.monempresarial.com\/ca\/wp-json\/wp\/v2\/posts\/17238\/revisions"}],"predecessor-version":[{"id":48029,"href":"https:\/\/www.monempresarial.com\/ca\/wp-json\/wp\/v2\/posts\/17238\/revisions\/48029"}],"wp:featuredmedia":[{"embeddable":true,"href":"https:\/\/www.monempresarial.com\/ca\/wp-json\/wp\/v2\/media\/17239"}],"wp:attachment":[{"href":"https:\/\/www.monempresarial.com\/ca\/wp-json\/wp\/v2\/media?parent=17238"}],"wp:term":[{"taxonomy":"category","embeddable":true,"href":"https:\/\/www.monempresarial.com\/ca\/wp-json\/wp\/v2\/categories?post=17238"},{"taxonomy":"post_tag","embeddable":true,"href":"https:\/\/www.monempresarial.com\/ca\/wp-json\/wp\/v2\/tags?post=17238"}],"curies":[{"name":"wp","href":"https:\/\/api.w.org\/{rel}","templated":true}]}}