{"id":17312,"date":"2018-01-12T09:00:11","date_gmt":"2018-01-12T08:00:11","guid":{"rendered":"http:\/\/monempresarial.com\/2017\/11\/27\/infografia-deuda-del-sector-privado-no-financiero\/"},"modified":"2025-09-25T09:29:46","modified_gmt":"2025-09-25T07:29:46","slug":"infografia-deute-del-sector-privat-no-financer","status":"publish","type":"post","link":"https:\/\/www.monempresarial.com\/ca\/2018\/01\/12\/infografia-deute-del-sector-privat-no-financer\/","title":{"rendered":"Infografia:<\/span> Deute del sector privat no financer"},"content":{"rendered":"<h4>Segons recull el Banc de Pagaments Internacionals (BPI) en el seu <em>87\u00e8 Informe Anual<\/em>, amb dades d&#8217;abril del 2016 a mar\u00e7 del 2017, els cicles financers, representats pel cr\u00e8dit i els preus immobiliaris, es troben en fase d&#8217;expansi\u00f3 a molts pa\u00efsos, donant suport a la recuperaci\u00f3 econ\u00f2mica.<\/h4>\n<figure id=\"attachment_17307\" aria-describedby=\"caption-attachment-17307\" style=\"width: 1137px\" class=\"wp-caption aligncenter\"><a href=\"http:\/\/monempresarial.com\/wp-content\/uploads\/2017\/11\/Mapa-CAT.jpg\"><img decoding=\"async\" loading=\"lazy\" class=\"wp-image-17307 size-full\" src=\"http:\/\/monempresarial.com\/wp-content\/uploads\/2017\/11\/Mapa-CAT.jpg\" alt=\"\" width=\"1137\" height=\"615\" srcset=\"https:\/\/www.monempresarial.com\/wp-content\/uploads\/2017\/11\/Mapa-CAT.jpg 1137w, https:\/\/www.monempresarial.com\/wp-content\/uploads\/2017\/11\/Mapa-CAT-300x162.jpg 300w, https:\/\/www.monempresarial.com\/wp-content\/uploads\/2017\/11\/Mapa-CAT-1024x554.jpg 1024w, https:\/\/www.monempresarial.com\/wp-content\/uploads\/2017\/11\/Mapa-CAT-300x162@2x.jpg 600w\" sizes=\"(max-width: 1137px) 100vw, 1137px\" \/><\/a><figcaption id=\"caption-attachment-17307\" class=\"wp-caption-text\"><strong>Font:<\/strong> Estad\u00edstiques totals de cr\u00e8dit. <em>87\u00ba Informe Anual<\/em>, Banc de Pagaments Internacionals (BPI).<\/figcaption><\/figure>\n<p>Les principals economies avan\u00e7ades de l&#8217;epicentre de la crisi financera global, indica el document, van continuar experimentant l\u2019any 2016 un cicle econ\u00f2mic moderat. Aix\u00ed, despr\u00e9s de diversos anys d\u2019increment dels preus de l&#8217;habitatge, la r\u00e0tio de cr\u00e8dit privat no financer en relaci\u00f3 amb el PIB va cr\u00e9ixer t\u00edmidament en aquestes regions, el que es reflecteix en un moderat augment de les r\u00e0tios d&#8217;endeutament de les empreses, mentre que les r\u00e0tios d&#8217;endeutament de les fam\u00edlies han rom\u00e0s estables, despr\u00e9s d&#8217;anys de disminuci\u00f3. Entre els anys 2007 i 2016, el deute de les llars com a proporci\u00f3 del PIB es va reduir en 18 punts percentuals als Estats Units, 6 punts percentuals al Regne Unit i 17 punts percentuals a Espanya, donant lloc a l&#8217;expansi\u00f3 impulsada pel consum.<\/p>\n<p><span style=\"color: #ae0f09;\"><strong>Llegeix tamb\u00e9:\u00a0<a href=\"http:\/\/monempresarial.com\/2018\/01\/11\/els-llegats-de-les-crisis\/\" target=\"_blank\" rel=\"noopener noreferrer\">Els llegats de les crisis<\/a><\/strong><\/span><\/p>\n<p><span style=\"color: #ae0f09;\"><strong>Llegeix tamb\u00e9:\u00a0<a href=\"http:\/\/monempresarial.com\/2018\/01\/15\/perspectiva-del-trimestre-previsions-economiques-mundials\/\" target=\"_blank\" rel=\"noopener noreferrer\">Perspectiva del trimestre: Previsions econ\u00f2miques mundials<\/a><\/strong><\/span><\/p>\n","protected":false},"excerpt":{"rendered":"<p>Segons recull el Banc de Pagaments Internacionals (BPI) en el seu 87\u00e8 Informe Anual, amb dades d&#8217;abril del 2016 a mar\u00e7 del 2017, els cicles financers, representats pel cr\u00e8dit i els preus immobiliaris, es troben en fase d&#8217;expansi\u00f3 a molts pa\u00efsos, donant suport a la recuperaci\u00f3 econ\u00f2mica.<\/p>\n","protected":false},"author":1,"featured_media":17307,"comment_status":"closed","ping_status":"closed","sticky":false,"template":"","format":"standard","meta":{"_mi_skip_tracking":false,"mc4wp_mailchimp_campaign":[],"jnews-multi-image_gallery":[],"jnews_single_post":[],"jnews_primary_category":[]},"categories":[9,10839,10815,10842,17],"tags":[113,717,722,995,2030,3010,3028,5699,5710,6388],"_links":{"self":[{"href":"https:\/\/www.monempresarial.com\/ca\/wp-json\/wp\/v2\/posts\/17312"}],"collection":[{"href":"https:\/\/www.monempresarial.com\/ca\/wp-json\/wp\/v2\/posts"}],"about":[{"href":"https:\/\/www.monempresarial.com\/ca\/wp-json\/wp\/v2\/types\/post"}],"author":[{"embeddable":true,"href":"https:\/\/www.monempresarial.com\/ca\/wp-json\/wp\/v2\/users\/1"}],"replies":[{"embeddable":true,"href":"https:\/\/www.monempresarial.com\/ca\/wp-json\/wp\/v2\/comments?post=17312"}],"version-history":[{"count":1,"href":"https:\/\/www.monempresarial.com\/ca\/wp-json\/wp\/v2\/posts\/17312\/revisions"}],"predecessor-version":[{"id":48006,"href":"https:\/\/www.monempresarial.com\/ca\/wp-json\/wp\/v2\/posts\/17312\/revisions\/48006"}],"wp:featuredmedia":[{"embeddable":true,"href":"https:\/\/www.monempresarial.com\/ca\/wp-json\/wp\/v2\/media\/17307"}],"wp:attachment":[{"href":"https:\/\/www.monempresarial.com\/ca\/wp-json\/wp\/v2\/media?parent=17312"}],"wp:term":[{"taxonomy":"category","embeddable":true,"href":"https:\/\/www.monempresarial.com\/ca\/wp-json\/wp\/v2\/categories?post=17312"},{"taxonomy":"post_tag","embeddable":true,"href":"https:\/\/www.monempresarial.com\/ca\/wp-json\/wp\/v2\/tags?post=17312"}],"curies":[{"name":"wp","href":"https:\/\/api.w.org\/{rel}","templated":true}]}}