{"id":17371,"date":"2018-01-15T09:00:21","date_gmt":"2018-01-15T08:00:21","guid":{"rendered":"http:\/\/monempresarial.com\/?p=17371\/"},"modified":"2025-09-25T09:29:29","modified_gmt":"2025-09-25T07:29:29","slug":"perspectiva-del-trimestre-previsions-economiques-mundials","status":"publish","type":"post","link":"https:\/\/www.monempresarial.com\/ca\/2018\/01\/15\/perspectiva-del-trimestre-previsions-economiques-mundials\/","title":{"rendered":"Perspectiva del trimestre:<\/span> Previsions econ\u00f2miques mundials"},"content":{"rendered":"<h4>Sota el t\u00edtol <em>Una recuperaci\u00f3 m\u00e9s ferma<\/em>, l\u2019FMI va publicar a finals de juliol la seva actualitzaci\u00f3 de les <em>Perspectives econ\u00f2miques mundials<\/em>. Les dades agregades a nivell global es mantenen substancialment similars \u2013amb un creixement del 3,5% el 2017 i del 3,6% el 2018\u2013, per\u00f2 amb matisos interessants: de millora d\u2019expectatives, en alguns casos, i de moderaci\u00f3, en d\u2019altres.<\/h4>\n<h4><span style=\"color: #829c92; text-transform: uppercase;\">Joan Tugores Ques. <\/span>Catedr\u00e0tic d&#8217;Economia de la UB.<\/h4>\n<hr style=\"color: #b72126;\" \/>\n<p>La <strong>taula adjunta<\/strong> en resumeix les principals dades i projeccions. Cal indicar que el diferencial entre economies emergents i avan\u00e7ades, que s\u2019havia redu\u00eft a <em>tan sols <\/em>2,2 punts l\u2019any 2015, torna a estar a l\u2019al\u00e7a, amb unes difer\u00e8ncies estimades de 2,6 punts el 2017 i 2,9 el 2018.<\/p>\n<figure id=\"attachment_17373\" aria-describedby=\"caption-attachment-17373\" style=\"width: 764px\" class=\"wp-caption aligncenter\"><img decoding=\"async\" loading=\"lazy\" class=\" wp-image-17373\" src=\"http:\/\/monempresarial.com\/wp-content\/uploads\/2017\/12\/Perspectiva-cat.jpg\" alt=\"\" width=\"764\" height=\"467\" srcset=\"https:\/\/www.monempresarial.com\/wp-content\/uploads\/2017\/12\/Perspectiva-cat.jpg 839w, https:\/\/www.monempresarial.com\/wp-content\/uploads\/2017\/12\/Perspectiva-cat-300x183.jpg 300w, https:\/\/www.monempresarial.com\/wp-content\/uploads\/2017\/12\/Perspectiva-cat-300x183@2x.jpg 600w\" sizes=\"(max-width: 764px) 100vw, 764px\" \/><figcaption id=\"caption-attachment-17373\" class=\"wp-caption-text\"><strong>Font:<\/strong> FMI, actualitzaci\u00f3 del <em>World Economic Outlook<\/em>, juliol 2017.<\/figcaption><\/figure>\n<p>Una ra\u00f3 que n\u2019explica el perqu\u00e8 \u00e9s que les previsions per a la Xina mostren un alentiment significativament m\u00e9s suau del que s\u2019havia estimat fins ara, encara que els riscos crediticis i financers per al gegant asi\u00e0tic continuen presents. La continu\u00eftat de la fortalesa de l\u2019\u00cdndia i dels pa\u00efsos agrupats sota la sigla ASEAN-5 (Indon\u00e8sia, Mal\u00e0isia, Filipines, Tail\u00e0ndia i Vietnam) situa el creixement previst per a l\u2019\u00c0sia emergent en un 6,5% tant pel 2017 com pel 2018. La recuperaci\u00f3 d\u2019una \u00c0frica subsahariana que rep cada cop m\u00e9s atenci\u00f3 tamb\u00e9 mereix ser destacada.<br \/>\nPel que fa a l\u2019an\u00e0lisi de les economies avan\u00e7ades que recull el document, en destaca la revisi\u00f3 a la baixa de les previsions per als Estats Units, fins a un 2,1% (tot i que cal recordar que la xifra continua essent superior a les dades del conjunt de la zona euro). Cal esmentar que, tamb\u00e9 al juliol, l\u2019FMI va presentar el seu informe sobre els Estats Units amb algunes propostes inusualment expl\u00edcites en mat\u00e8ria de migracions, cobertura sanit\u00e0ria o obertura comercial, significativament oposades a les que propugna l\u2019Administraci\u00f3 Trump.<br \/>\nA Europa, finalment, la revisi\u00f3 \u00e9s lleugerament a l\u2019al\u00e7a, fent servir l\u2019expressi\u00f3 de <em>sorpresa<\/em> en positiu, amb millores de previsions liderades per It\u00e0lia i Espanya. Per\u00f2, tamb\u00e9, i com \u00e9s habitual als documents de l\u2019FMI, s\u2019hi inclou un toc d\u2019atenci\u00f3 a les fragilitats i <em>deures<\/em> pendents per consolidar econ\u00f2micament i sociopol\u00edticament els missatges en positiu de l\u2019economia.<\/p>\n<p><strong><span style=\"color: #829c92;\">Llegeix tamb\u00e9:\u00a0<a href=\"http:\/\/monempresarial.com\/2018\/01\/11\/els-llegats-de-les-crisis\/\" target=\"_blank\" rel=\"noopener noreferrer\">Els llegats de les crisis<\/a><\/span><\/strong><\/p>\n<p><strong><span style=\"color: #829c92;\">Llegeix tamb\u00e9:\u00a0<a href=\"http:\/\/monempresarial.com\/2018\/01\/12\/infografia-deute-del-sector-privat-no-financer\/\" target=\"_blank\" rel=\"noopener noreferrer\">Infografia: Deute del sector privat no financer<\/a><\/span><\/strong><\/p>\n","protected":false},"excerpt":{"rendered":"<p>Sota el t\u00edtol Una recuperaci\u00f3 m\u00e9s ferma, l\u2019FMI va publicar a finals de juliol la seva actualitzaci\u00f3 de les Perspectives econ\u00f2miques mundials. Les dades agregades a nivell global es mantenen substancialment similars \u2013amb un creixement del 3,5% el 2017 i del 3,6% el 2018\u2013, per\u00f2 amb matisos interessants: de millora d\u2019expectatives, en alguns casos, i de moderaci\u00f3, en d\u2019altres.<\/p>\n","protected":false},"author":8,"featured_media":17374,"comment_status":"open","ping_status":"open","sticky":false,"template":"","format":"standard","meta":{"_mi_skip_tracking":false,"mc4wp_mailchimp_campaign":[],"jnews-multi-image_gallery":[],"jnews_single_post":[],"jnews_primary_category":[]},"categories":[9],"tags":[113,995,1048,5714,5905],"_links":{"self":[{"href":"https:\/\/www.monempresarial.com\/ca\/wp-json\/wp\/v2\/posts\/17371"}],"collection":[{"href":"https:\/\/www.monempresarial.com\/ca\/wp-json\/wp\/v2\/posts"}],"about":[{"href":"https:\/\/www.monempresarial.com\/ca\/wp-json\/wp\/v2\/types\/post"}],"author":[{"embeddable":true,"href":"https:\/\/www.monempresarial.com\/ca\/wp-json\/wp\/v2\/users\/8"}],"replies":[{"embeddable":true,"href":"https:\/\/www.monempresarial.com\/ca\/wp-json\/wp\/v2\/comments?post=17371"}],"version-history":[{"count":1,"href":"https:\/\/www.monempresarial.com\/ca\/wp-json\/wp\/v2\/posts\/17371\/revisions"}],"predecessor-version":[{"id":48004,"href":"https:\/\/www.monempresarial.com\/ca\/wp-json\/wp\/v2\/posts\/17371\/revisions\/48004"}],"wp:featuredmedia":[{"embeddable":true,"href":"https:\/\/www.monempresarial.com\/ca\/wp-json\/wp\/v2\/media\/17374"}],"wp:attachment":[{"href":"https:\/\/www.monempresarial.com\/ca\/wp-json\/wp\/v2\/media?parent=17371"}],"wp:term":[{"taxonomy":"category","embeddable":true,"href":"https:\/\/www.monempresarial.com\/ca\/wp-json\/wp\/v2\/categories?post=17371"},{"taxonomy":"post_tag","embeddable":true,"href":"https:\/\/www.monempresarial.com\/ca\/wp-json\/wp\/v2\/tags?post=17371"}],"curies":[{"name":"wp","href":"https:\/\/api.w.org\/{rel}","templated":true}]}}