{"id":17385,"date":"2018-01-17T09:00:16","date_gmt":"2018-01-17T08:00:16","guid":{"rendered":"http:\/\/monempresarial.com\/?p=17385\/"},"modified":"2025-06-06T10:28:35","modified_gmt":"2025-06-06T08:28:35","slug":"entrevista-a-montserrat-braut-presidenta-delegacio-osona-cambra-comerc-barcelona","status":"publish","type":"post","link":"https:\/\/www.monempresarial.com\/ca\/2018\/01\/17\/entrevista-a-montserrat-braut-presidenta-delegacio-osona-cambra-comerc-barcelona\/","title":{"rendered":"Entrevista a Montserrat Braut,<\/span> presidenta de la delegaci\u00f3 d\u2019Osona de la Cambra de Comer\u00e7 de Barcelona"},"content":{"rendered":"<h4>A finals de 2016, la manresana i fundadora de l\u2019empresa Eix Ambiental, Montserrat Braut, va assumir la presid\u00e8ncia de la delegaci\u00f3 d&#8217;Osona de la Cambra de Comer\u00e7 de Barcelona, despr\u00e9s dels sis anys de mandat de Josep Pujadas. D\u2019aquesta manera, Braut ha esdevingut l\u2019\u00fanica dona que ocupa el c\u00e0rrec de presidenta al conjunt de cambres de Catalunya. Un pas endavant que permetr\u00e0 que ella tamb\u00e9 pugui aportar els seus coneixements i habilitats en la defensa dels interessos econ\u00f2mics i empresarials dels osonencs.<\/h4>\n<h4>Text: <a style=\"color: #5b366a;\" href=\"http:\/\/monempresarial.com\/author\/bseijo\/\">Berta Seijo<\/a><br \/>\nFotos: <span style=\"color: #5b366a;\">Cambra de Comer\u00e7 de Barcelona<\/span><\/h4>\n<hr style=\"color: #b72126;\" \/>\n<figure id=\"attachment_17386\" aria-describedby=\"caption-attachment-17386\" style=\"width: 363px\" class=\"wp-caption alignleft\"><img decoding=\"async\" loading=\"lazy\" class=\"wp-image-17386\" src=\"http:\/\/monempresarial.com\/wp-content\/uploads\/2017\/12\/IMG_8464.jpg\" alt=\"\" width=\"363\" height=\"484\" srcset=\"https:\/\/www.monempresarial.com\/wp-content\/uploads\/2017\/12\/IMG_8464.jpg 3024w, https:\/\/www.monempresarial.com\/wp-content\/uploads\/2017\/12\/IMG_8464-225x300.jpg 225w, https:\/\/www.monempresarial.com\/wp-content\/uploads\/2017\/12\/IMG_8464-768x1024.jpg 768w, https:\/\/www.monempresarial.com\/wp-content\/uploads\/2017\/12\/IMG_8464-225x300@2x.jpg 450w, https:\/\/www.monempresarial.com\/wp-content\/uploads\/2017\/12\/IMG_8464-768x1024@2x.jpg 1536w\" sizes=\"(max-width: 363px) 100vw, 363px\" \/><figcaption id=\"caption-attachment-17386\" class=\"wp-caption-text\">L\u2019objectiu de Braut consisteix a assolir un futur prometedor per a Osona, i aix\u00f2 passa per \u201carribar a tot el teixit empresarial i vetllar pels seus interessos, ser \u00fatils i treballar per acostar la universitat a l\u2019empresa\u201d.<\/figcaption><\/figure>\n<p><span style=\"color: #5b366a; font-weight: bold;\">Si no vaig errada, actualment \u00e9s l\u2019\u00fanica dona que ocupa una presid\u00e8ncia dins la xarxa de delegacions i cambres de comer\u00e7 que hi ha a Catalunya. Per qu\u00e8 creu que les institucions camerals s\u00f3n un m\u00f3n dirigit per homes?<\/span><br \/>\nEntenc que es tracta d\u2019un tema que ve del passat; no fa tants anys que les dones tenien cura de la casa i la fam\u00edlia. Els temps van canviant i, afortunadament, la incorporaci\u00f3 de la dona al m\u00f3n laboral fa que avui en dia ja comptem amb empres\u00e0ries de renom i molt potents, tot i que encara en siguin poques. Ben segur que aviat veurem m\u00e9s dones al capdavant de companyies, cambres de comer\u00e7 i altres institucions, perqu\u00e8 est\u00e0 clar que per ser m\u00e9s competitius en tots els \u00e0mbits de la vida \u00e9s b\u00e0sic que hi hagi diversitat de visi\u00f3, d\u2019opini\u00f3, d\u2019idees, etc.<\/p>\n<p><span style=\"color: #5b366a;\"><strong>No nom\u00e9s exerceix el seu rol com a presidenta de la delegaci\u00f3, sin\u00f3 que a m\u00e9s dirigeix la seva pr\u00f2pia empresa, Eix Ambiental. Qu\u00e8 li aporta aquest contacte directe amb la realitat empresarial a l\u2019hora de gestionar la delegaci\u00f3?<\/strong><\/span><br \/>\nVisc en primera persona els problemes de la petita empresa, conec de primera m\u00e0 les seves necessitats i aix\u00f2 em permet poder representar un gran nombre d\u2019empreses catalanes; no hem d\u2019oblidar que m\u00e9s del 90% d\u2019aquestes s\u00f3n aut\u00f2noms, micro i petites empreses. I em sento orgullosa de poder aportar el meu granet de sorra a totes elles.<\/p>\n<p><span style=\"color: #5b366a;\"><strong>Vost\u00e8, com a emprenedora i gerent d\u2019una pime, qu\u00e8 creu que s\u2019hauria de millorar per potenciar el teixit empresarial de la seva comarca? \u00a0<\/strong><\/span><br \/>\nEn primer lloc, parlaria de formaci\u00f3: tenir bons professionals, ben formats, implicats i satisfets \u00e9s b\u00e0sic per al creixement econ\u00f2mic del territori. S\u2019ha d\u2019ajustar l\u2019oferta formativa a les necessitats del mercat de treball i retenir el talent. \u00c9s necessari vincular universitat i empresa, per\u00f2 fer-ho de veritat.<br \/>\nD\u2019altra banda s\u2019ha d\u2019ajudar, emp\u00e8nyer i promoure que moltes petites empreses facin un salt endavant, que no tinguin por de cr\u00e9ixer. En aquest punt, suposo que l\u2019Administraci\u00f3 hauria d\u2019implicar-se i facilitar aquest salt. Aix\u00f2 faria cr\u00e9ixer notablement tot el teixit empresarial de la comarca.<br \/>\nPer \u00faltim, un altre punt a millorar \u00e9s el finan\u00e7ament. Altrament dit, fer arribar els recursos necessaris perqu\u00e8 es cre\u00efn noves empreses amb projectes s\u00f2lids, ajudar a cr\u00e9ixer les m\u00e9s petites, i facilitar el dia a dia de les empreses m\u00e9s grans que ho requereixin.<\/p>\n<blockquote>\n<h2 style=\"color: #5b366a; text-align: left;\">\u201cL\u2019Administraci\u00f3 hauria d\u2019implicar-se i facilitar que moltes petites empreses facin un salt endavant, que no tinguin por a cr\u00e9ixer. Aix\u00f2 impulsaria notablement tot el teixit empresarial de la comarca.\u201d<\/h2>\n<\/blockquote>\n<p><strong><span style=\"color: #5b366a;\">I qu\u00e8 me\u2019n diu d\u2019aspectes tan rellevants avui dia com la innovaci\u00f3 o l\u2019adaptaci\u00f3 de les empreses al m\u00f3n digital: s\u00f3n encara assignatures pendents a Osona?<\/span> <\/strong><br \/>\nNo crec que Osona sigui una comarca on l\u2019adaptaci\u00f3 a les noves tecnologies sigui una assignatura pendent. Crec que les empreses osonenques estan al dia o, si m\u00e9s no, fan el possible per estar-ho. Des de la Cambra s\u2019organitzen cursos, jornades i xerrades amb aquest objectiu: acostar el m\u00f3n digital a totes les empreses per tal de facilitar-ne l\u2019adaptaci\u00f3<strong>. <\/strong><\/p>\n<p><strong><span style=\"color: #5b366a;\">Despr\u00e9s de mig any de mandat, quines propostes posades sobre la taula destacaria? Quines reformes vol emprendre com a nova presidenta de la delegaci\u00f3?<\/span> <\/strong><br \/>\nVolem arribar a tot el teixit empresarial i vetllar pels seus interessos, ser \u00fatils i treballar per acostar la universitat a l\u2019empresa. L\u2019objectiu consisteix a assolir un futur prometedor per a la nostra comarca.<\/p>\n<blockquote>\n<h2 style=\"color: #5b366a; text-align: left;\">\u201cL\u2019ocupaci\u00f3 va en augment en el sector dels sistemes d\u2019informaci\u00f3, amb 313 llocs de treball creats el 2016 a la comarca.\u201d<\/h2>\n<\/blockquote>\n<p><strong><span style=\"color: #5b366a;\">Per \u00faltim, com veu el futur de la comarca pel que fa al seu creixement econ\u00f2mic? Es comen\u00e7a a veure el final de la crisi?<\/span> <\/strong><br \/>\nOsona \u00e9s una de les comarques catalanes que m\u00e9s va cr\u00e9ixer el 2015. Segons l\u2019\u00faltima dada disponible, ho va fer un 6% interanual, gaireb\u00e9 el doble que el conjunt de la prov\u00edncia de Barcelona (3,4%). A m\u00e9s a m\u00e9s, el 2016 va ser la segona comarca de la prov\u00edncia on m\u00e9s va augmentar l\u2019ocupaci\u00f3, un 4,1%.<br \/>\nPer tant, la recuperaci\u00f3 econ\u00f2mica \u00e9s molt intensa a la comarca, fins i tot m\u00e9s que al conjunt de la prov\u00edncia. Tots els sectors econ\u00f2mics ho estan notant, especialment el comer\u00e7 i la industria dels productes alimentaris i de maquin\u00e0ria, on s\u2019est\u00e0 creant m\u00e9s ocupaci\u00f3.<\/p>\n<p><span style=\"color: #5b366a;\"><strong>Quins nous sectors despuntaran en els anys vinents?<\/strong><\/span><br \/>\nL\u2019ocupaci\u00f3 va en augment en el sector dels sistemes d\u2019informaci\u00f3, amb 313 llocs de treball creats el 2016, fet que demostra que hi ha un bon nivell tecnol\u00f2gic a la comarca. Precisament, aquest pot ser un sector que despunti en els anys vinents perqu\u00e8 la ind\u00fastria requerir\u00e0 cada vegada m\u00e9s la introducci\u00f3 de tecnologia per mantenir la seva competitivitat.<\/p>\n<p><img decoding=\"async\" loading=\"lazy\" class=\"aligncenter size-full wp-image-17388\" src=\"http:\/\/monempresarial.com\/wp-content\/uploads\/2017\/12\/Sin-t\u00edtulo-1.jpg\" alt=\"\" width=\"572\" height=\"769\" srcset=\"https:\/\/www.monempresarial.com\/wp-content\/uploads\/2017\/12\/Sin-t\u00edtulo-1.jpg 572w, https:\/\/www.monempresarial.com\/wp-content\/uploads\/2017\/12\/Sin-t\u00edtulo-1-223x300.jpg 223w, https:\/\/www.monempresarial.com\/wp-content\/uploads\/2017\/12\/Sin-t\u00edtulo-1-223x300@2x.jpg 446w\" sizes=\"(max-width: 572px) 100vw, 572px\" \/><\/p>\n","protected":false},"excerpt":{"rendered":"<p>Montserrat Braut \u00e9s l\u2019\u00fanica dona que ocupa el c\u00e0rrec de presidenta al conjunt de cambres de Catalunya. Un pas endavant que permetr\u00e0 que ella tamb\u00e9 pugui aportar els seus coneixements i habilitats en la defensa dels interessos econ\u00f2mics i empresarials dels osonencs.<\/p>\n","protected":false},"author":1,"featured_media":17387,"comment_status":"open","ping_status":"open","sticky":false,"template":"","format":"standard","meta":{"_mi_skip_tracking":false,"mc4wp_mailchimp_campaign":[],"jnews-multi-image_gallery":[],"jnews_single_post":[],"jnews_primary_category":[]},"categories":[10820,10821,9,23,10825],"tags":[113,141,180,782,6404,6405,6406,10878],"_links":{"self":[{"href":"https:\/\/www.monempresarial.com\/ca\/wp-json\/wp\/v2\/posts\/17385"}],"collection":[{"href":"https:\/\/www.monempresarial.com\/ca\/wp-json\/wp\/v2\/posts"}],"about":[{"href":"https:\/\/www.monempresarial.com\/ca\/wp-json\/wp\/v2\/types\/post"}],"author":[{"embeddable":true,"href":"https:\/\/www.monempresarial.com\/ca\/wp-json\/wp\/v2\/users\/1"}],"replies":[{"embeddable":true,"href":"https:\/\/www.monempresarial.com\/ca\/wp-json\/wp\/v2\/comments?post=17385"}],"version-history":[{"count":1,"href":"https:\/\/www.monempresarial.com\/ca\/wp-json\/wp\/v2\/posts\/17385\/revisions"}],"predecessor-version":[{"id":46209,"href":"https:\/\/www.monempresarial.com\/ca\/wp-json\/wp\/v2\/posts\/17385\/revisions\/46209"}],"wp:featuredmedia":[{"embeddable":true,"href":"https:\/\/www.monempresarial.com\/ca\/wp-json\/wp\/v2\/media\/17387"}],"wp:attachment":[{"href":"https:\/\/www.monempresarial.com\/ca\/wp-json\/wp\/v2\/media?parent=17385"}],"wp:term":[{"taxonomy":"category","embeddable":true,"href":"https:\/\/www.monempresarial.com\/ca\/wp-json\/wp\/v2\/categories?post=17385"},{"taxonomy":"post_tag","embeddable":true,"href":"https:\/\/www.monempresarial.com\/ca\/wp-json\/wp\/v2\/tags?post=17385"}],"curies":[{"name":"wp","href":"https:\/\/api.w.org\/{rel}","templated":true}]}}