{"id":17447,"date":"2018-01-29T09:00:37","date_gmt":"2018-01-29T08:00:37","guid":{"rendered":"http:\/\/monempresarial.com\/?p=17447\/"},"modified":"2025-09-25T09:16:51","modified_gmt":"2025-09-25T07:16:51","slug":"la-rellevancia-del-networking-per-a-les-dones","status":"publish","type":"post","link":"https:\/\/www.monempresarial.com\/ca\/2018\/01\/29\/la-rellevancia-del-networking-per-a-les-dones\/","title":{"rendered":"La rellev\u00e0ncia del <em>networking<\/em>per a les dones"},"content":{"rendered":"<h4><img decoding=\"async\" loading=\"lazy\" class=\"wp-image-17448 alignright\" src=\"http:\/\/monempresarial.com\/wp-content\/uploads\/2017\/12\/Viviane-de-Beaufort-e1513771765701.jpg\" alt=\"\" width=\"214\" height=\"284\" srcset=\"https:\/\/www.monempresarial.com\/wp-content\/uploads\/2017\/12\/Viviane-de-Beaufort-e1513771765701.jpg 2692w, https:\/\/www.monempresarial.com\/wp-content\/uploads\/2017\/12\/Viviane-de-Beaufort-e1513771765701-226x300.jpg 226w, https:\/\/www.monempresarial.com\/wp-content\/uploads\/2017\/12\/Viviane-de-Beaufort-e1513771765701-772x1024.jpg 772w, https:\/\/www.monempresarial.com\/wp-content\/uploads\/2017\/12\/Viviane-de-Beaufort-e1513771765701-768x1018.jpg 768w\" sizes=\"(max-width: 214px) 100vw, 214px\" \/><span style=\"color: #602d11;\">El nombre de dones en alts c\u00e0rrecs directius est\u00e0 en augment, la qual cosa \u00e9s una bona not\u00edcia. Amb el temps, aquestes, minoria en un ambient dominat pels homes, s&#8217;han adaptat i han desenvolupat diferents maneres de fer les coses. Ara, aquest estil de gesti\u00f3 de &#8220;quocient femen\u00ed&#8221; sembla ser el cam\u00ed del futur. No obstant aix\u00f2, perqu\u00e8 les dones segueixin avan\u00e7ant professionalment, el suport d&#8217;una xarxa \u00e9s clau.<\/span><\/h4>\n<h4><span style=\"color: #663300; font-weight: bold; text-transform: uppercase;\">Viviane de Beaufort. <\/span>Professora d\u2019ESSEC Business School.<\/h4>\n<hr style=\"color: #b72126;\" \/>\n<p><strong><span style=\"color: #636362;\">MOLTES DONES ESTAN PREOCUPADES PEL &#8220;COMPLEX DE L&#8217;IMPOSTOR&#8221;, <\/span><\/strong>del qual Sheryl Sandberg (directora operativa de Facebook) testifica. La meva investigaci\u00f3 mostra que per a les dones hi ha una contradicci\u00f3 fonamental entre ser reeixida i la capacitat de destacar aquests \u00e8xits: sovint obliden que \u00e9s igual d&#8217;important donar a con\u00e8ixer els seus triomfs! El desenvolupament d&#8217;una xarxa professional pot ser molt \u00fatil en aquest sentit. Les xarxes, una eina de visibilitat, s\u00f3n un component essencial del creixement professional. Triar no formar part de cap sovint significa romandre &#8220;invisible&#8221;, un fet que pot limitar les oportunitats de contacte i, posteriorment, les seves possibilitats d&#8217;accedir a posicions de lideratge.<\/p>\n<p>A l&#8217;hora d\u2019escollir una xarxa, hi ha moltes opcions: \u00bfgeneral o sectorial?; \u00bfinterna o externa?; \u00bfreal o social? Trobar l&#8217;equilibri adequat dep\u00e8n de cada persona. Tot i que no hi ha una resposta <em>correcta<\/em>, figurar \u00fanicament en una xarxa corporativa no \u00e9s suficient, encara que ajuda a definir expectatives i \u00e9s un bon inici. Una xarxa general de dones, per exemple, pot ser un lloc en el qual tractar assumptes que afecten aquest col\u00b7lectiu (com ara, negociacions salarials o trobar un mentor). Per la seva banda, una xarxa mixta t\u00e9 sentit si el que es vol \u00e9s avan\u00e7ar en un sector espec\u00edfic.<\/p>\n<blockquote>\n<h2 style=\"text-align: left;\"><span style=\"color: #602d11;\">Provi de participar en diverses xarxes basades en la seva personalitat, les seves experi\u00e8ncies i el temps disponible. I, per descomptat, recordi que \u00e9s vital ser actiu a LinkedIn i participar, encara que sigui moderadament, en altres xarxes socials com Twitter o Facebook<\/span><\/h2>\n<\/blockquote>\n","protected":false},"excerpt":{"rendered":"<p>El nombre de dones en alts c\u00e0rrecs directius est\u00e0 en augment, la qual cosa \u00e9s una bona not\u00edcia. Amb el temps, aquestes, minoria en un ambient dominat pels homes, s&#8217;han adaptat i han desenvolupat diferents maneres de fer les coses. Ara, aquest estil de gesti\u00f3 de &#8220;quocient femen\u00ed&#8221; sembla ser el cam\u00ed del futur. No obstant aix\u00f2, perqu\u00e8 les dones segueixin avan\u00e7ant professionalment, el suport d&#8217;una xarxa \u00e9s clau.<\/p>\n","protected":false},"author":1,"featured_media":17449,"comment_status":"open","ping_status":"open","sticky":false,"template":"","format":"standard","meta":{"_mi_skip_tracking":false,"mc4wp_mailchimp_campaign":[],"jnews-multi-image_gallery":[],"jnews_single_post":[],"jnews_primary_category":[]},"categories":[10830,11,10817,37,935],"tags":[399,1222,2164,4644,6467,6468,6469,6470],"_links":{"self":[{"href":"https:\/\/www.monempresarial.com\/ca\/wp-json\/wp\/v2\/posts\/17447"}],"collection":[{"href":"https:\/\/www.monempresarial.com\/ca\/wp-json\/wp\/v2\/posts"}],"about":[{"href":"https:\/\/www.monempresarial.com\/ca\/wp-json\/wp\/v2\/types\/post"}],"author":[{"embeddable":true,"href":"https:\/\/www.monempresarial.com\/ca\/wp-json\/wp\/v2\/users\/1"}],"replies":[{"embeddable":true,"href":"https:\/\/www.monempresarial.com\/ca\/wp-json\/wp\/v2\/comments?post=17447"}],"version-history":[{"count":1,"href":"https:\/\/www.monempresarial.com\/ca\/wp-json\/wp\/v2\/posts\/17447\/revisions"}],"predecessor-version":[{"id":47993,"href":"https:\/\/www.monempresarial.com\/ca\/wp-json\/wp\/v2\/posts\/17447\/revisions\/47993"}],"wp:featuredmedia":[{"embeddable":true,"href":"https:\/\/www.monempresarial.com\/ca\/wp-json\/wp\/v2\/media\/17449"}],"wp:attachment":[{"href":"https:\/\/www.monempresarial.com\/ca\/wp-json\/wp\/v2\/media?parent=17447"}],"wp:term":[{"taxonomy":"category","embeddable":true,"href":"https:\/\/www.monempresarial.com\/ca\/wp-json\/wp\/v2\/categories?post=17447"},{"taxonomy":"post_tag","embeddable":true,"href":"https:\/\/www.monempresarial.com\/ca\/wp-json\/wp\/v2\/tags?post=17447"}],"curies":[{"name":"wp","href":"https:\/\/api.w.org\/{rel}","templated":true}]}}