{"id":17733,"date":"2018-02-20T11:58:22","date_gmt":"2018-02-20T10:58:22","guid":{"rendered":"http:\/\/monempresarial.com\/?p=17733\/"},"modified":"2025-06-06T10:27:22","modified_gmt":"2025-06-06T08:27:22","slug":"entrevista-a-pedro-linares-president-telecos","status":"publish","type":"post","link":"https:\/\/www.monempresarial.com\/ca\/2018\/02\/20\/entrevista-a-pedro-linares-president-telecos\/","title":{"rendered":"Entrevista a Pedro Linares, president de l\u2019Associaci\u00f3 Catalana d&#8217;Enginyers de Telecomunicaci\u00f3, Electr\u00f2nica i Multim\u00e8dia-audiovisual de Catalunya"},"content":{"rendered":"<h4>El sector TIC a Catalunya d\u00f3na feina a 88.000 treballadors, t\u00e9 un alt nivell d\u2019emprenedoria i est\u00e0 al nivell de les regions m\u00e9s desenvolupades d\u2019Europa. \u00c9s, per tant, un \u00e0mbit amb moltes possibilitats per\u00f2, paradoxalment, les vocacions tecnol\u00f2giques no acaben de seduir prou els estudiants catalans. A continuaci\u00f3, parlem amb el president de Telecos.cat, Pedro Linares, sobre aquest d\u00e8ficit de professionals i tamb\u00e9 sobre els reptes i objectius de l&#8217;entitat, que acaba de commemorar els seus 25 anys de traject\u00f2ria.<\/h4>\n<h4>Text: <span style=\"color: #282356;\">Berta Seijo<\/span><br \/>\nFotos: <span style=\"color: #282356;\">Telecos.cat<\/span><\/h4>\n<hr \/>\n<blockquote>\n<h2 style=\"text-align: center;\"><span style=\"color: #282356;\">\u201cS\u00f3c relativament optimista i crec que, tot i estar vivint una veritable revoluci\u00f3 tecnol\u00f2gica, \u00e9s previsible que amb el temps les aig\u00fces tornin a la seva llera\u201d <\/span><\/h2>\n<\/blockquote>\n<p><span style=\"color: #282356;\"><strong>Fa poc van celebrar els 25 anys de traject\u00f2ria de l\u2019Associaci\u00f3 amb una nova imatge corporativa on deixen ben clar que la seva intenci\u00f3 \u00e9s unir tradici\u00f3 i futur. Per qu\u00e8 han apostat per aquest binomi i no un altre?<\/strong><\/span><br \/>\nEfectivament, a finals de l\u2019any 1992 es va constituir l\u2019Associaci\u00f3 Catalana d\u2019Enginyers de Telecomunicaci\u00f3 amb la decidida col\u00b7laboraci\u00f3 d\u2019un grup d\u2019enginyers que desenvolupaven la seva activitat a Catalunya. Durant aquests 25 anys, com a qualsevol activitat individual o col\u00b7lectiva, es van fer coses b\u00e9 (i molt b\u00e9) per\u00f2 tamb\u00e9 malament (i molt malament) de les quals vam aprendre. A l\u2019hora de recordar aquest aniversari hem optat per no recrear-nos \u00fanicament en el passat, que assumim, sin\u00f3 mirar cap al futur. L\u2019Associaci\u00f3 est\u00e0 sempre tractant d\u2019oferir nous serveis als seus associats i a la societat on desenvolupa la seva activitat. La nova imatge corporativa, que conserva la \u201cmarca\u201d Telecos.cat, vol reflectir el nostre desig d\u2019evoluci\u00f3 i renovaci\u00f3.<\/p>\n<p><span style=\"color: #282356;\"><strong><img decoding=\"async\" loading=\"lazy\" class=\" wp-image-17735 alignleft\" src=\"http:\/\/monempresarial.com\/wp-content\/uploads\/2018\/02\/Pedro-Linares-2-1.jpg\" alt=\"\" width=\"298\" height=\"448\" srcset=\"https:\/\/www.monempresarial.com\/wp-content\/uploads\/2018\/02\/Pedro-Linares-2-1.jpg 2832w, https:\/\/www.monempresarial.com\/wp-content\/uploads\/2018\/02\/Pedro-Linares-2-1-200x300.jpg 200w, https:\/\/www.monempresarial.com\/wp-content\/uploads\/2018\/02\/Pedro-Linares-2-1-681x1024.jpg 681w, https:\/\/www.monempresarial.com\/wp-content\/uploads\/2018\/02\/Pedro-Linares-2-1-200x300@2x.jpg 400w, https:\/\/www.monempresarial.com\/wp-content\/uploads\/2018\/02\/Pedro-Linares-2-1-681x1024@2x.jpg 1362w\" sizes=\"(max-width: 298px) 100vw, 298px\" \/>Parli\u2019m dels enginyers de telecomunicaci\u00f3 catalans. Creu que factors com la mobilitat, la multidisciplinarietat o la formaci\u00f3 continuada es comptabilitzen entre els seus punts forts? O el fet\u00a0 que m\u00e9s d\u2019una quarta part d\u2019aquests professionals treballin en petites i mitjanes empreses els frena a l\u2019hora d\u2019acomplir aquests tres imperatius clau?<\/strong><\/span><br \/>\nCrec absolutament que els factors que vost\u00e8 posa sobre la taula s\u00f3n uns dels punts forts dels enginyers de telecomunicaci\u00f3 catalans. Catalunya \u00e9s un territori configurat fonamentalment per pimes, un 98% de les empreses ho s\u00f3n, i \u00e9s normal, per tant, que un percentatge important dels enginyers treballi en aquest tipus d\u2019empreses. Tot i aix\u00f2, segons l\u2019<em>Observatori de l\u2019Enginyeria 2017<\/em>, nom\u00e9s trobem enginyers en un 10% de les empreses i entitats amb activitat econ\u00f2mica.<br \/>\nEn aquest sentit, el fet de treballar en una petita o mitjana empresa no \u00e9s un inconvenient per al desenvolupament dels enginyers; ans al contrari, a la majoria dels casos, la necessitat que tenen aquest tipus d\u2019empreses de ser molt competitives fa que els enginyers que hi treballen desenvolupin especialment aquest factors.<\/p>\n<p><span style=\"color: #282356;\"><strong>Seguint amb el tema de la formaci\u00f3, com \u00e9s possible que sent uns dels sectors amb menys atur, hi hagi un d\u00e8ficit de professionals TIC? Per qu\u00e8 les vocacions tecnol\u00f2giques no acaben de despertar del tot l\u2019inter\u00e8s dels m\u00e9s joves a l\u2019hora de triar carrera?<\/strong><\/span><br \/>\nEfectivament, segons l\u2019\u00faltim estudi realitzat pel Col\u00b7legi Oficial d\u2019Enginyers de Telecomunicaci\u00f3, la professi\u00f3 nom\u00e9s t\u00e9 un 4% d\u2019atur, percentatge que es considera t\u00e8cnic. Tot i aix\u00f2, hi ha escassetat d\u2019enginyers i aquest fet est\u00e0 conduint moltes empreses a buscar altres professionals que desenvolupin tasques origin\u00e0riament pr\u00f2pies d\u2019un expert TIC.<br \/>\n\u00c9s dif\u00edcil objectivar les causes de la falta de vocacions tecnol\u00f2giques. Ara b\u00e9, on s\u00ed que sembla haver-hi consens \u00e9s quant a la necessitat de treballar en les etapes inicials de l\u2019educaci\u00f3 per tal d\u2019aportar un coneixement base sobre tecnologia i difondre els beneficis i les possibilitats que ofereixen les formacions tecnol\u00f2giques.<br \/>\nD\u2019altra banda, que els estudis d\u2019enginyeria siguin percebuts (i no sense ra\u00f3) com una carrera professional que requereix molt d\u2019esfor\u00e7, no ajuda a incrementar-ne les vocacions.<\/p>\n<p><span style=\"color: #282356;\"><strong>De la mateixa manera, a qu\u00e8 atribueix que el percentatge de dones que aposten per l\u2019enginyeria de telecomunicaci\u00f3 (i l\u2019enginyeria en general) sigui nom\u00e9s del 20%?<\/strong><\/span><br \/>\nPrecisant una mica m\u00e9s, segons l\u2019<em>Observatori de l\u2019Enginyeria 2017<\/em>, un 17% del total d\u2019enginyers a Catalunya s\u00f3n dones. Si ho comparem amb altres pa\u00efsos de la UE \u2013a Fran\u00e7a n\u2019hi ha un 22%, a Alemanya, un 16,6% i a It\u00e0lia, un 17,5%\u2013, no sembla que aquest sigui un problema espec\u00edficament nostre. D\u2019altra banda, si ens referim concretament a l\u2019enginyeria de Telecomunicaci\u00f3, aquest percentatge \u00e9s del 12%, segons el mateix <em>Observatori<\/em>, o del 17%, segons l\u2019estudi del Col\u00b7legi Oficial, per\u00f2 s\u2019incrementa fins el 25% entre els l\u2019alumnat de les escoles.<\/p>\n<blockquote>\n<h2><span style=\"color: #282356;\">A l\u2019hora de recordar aquest aniversari hem optat per no recrear-nos \u00fanicament en el passat, que assumim, sin\u00f3 mirar cap al futur. L\u2019Associaci\u00f3 est\u00e0 sempre tractant d\u2019oferir nous serveis als seus associats i a la societat on desenvolupa la seva activitat<\/span><\/h2>\n<\/blockquote>\n<p>En un context en qu\u00e8 la majoria d\u2019estudiants universitaris s\u00f3n noies, \u00e9s evident que el percentatge de dones que aposten per l\u2019enginyeria \u00e9s molt baix. I en aquest punt, m\u2019agradaria destacar una de les conclusions del <em>Bar\u00f2metre del sector tecnol\u00f2gic a Catalunya 2017<\/em> del Centre Tecnol\u00f2gic de Catalunya, on s\u2019assenyala com un dels temes m\u00e9s preocupants l\u2019escletxa de percepci\u00f3 d\u2019habilitats en matem\u00e0tiques que es crea entre nois i noies durant l\u2019educaci\u00f3 prim\u00e0ria, sent les matem\u00e0tiques la base de la formaci\u00f3 tecnol\u00f2gica. Penso que el que impacta en aquesta difer\u00e8ncia de percepci\u00f3 es pot resumir en els seg\u00fcents tres punts: la falta de referents femenins en camps relacionats amb la ci\u00e8ncia i la tecnologia, l\u2019abstracci\u00f3 i la falta de contextualitzaci\u00f3 amb qu\u00e8 es tracten les mat\u00e8ries cientificot\u00e8cniques, i la construcci\u00f3 de g\u00e8nere que resulta en una visi\u00f3 estereotipada sobre com \u00e9s, qu\u00e8 ha de fer o qu\u00e8 s\u2019espera que faci una dona. Aquest factors culturals no conscients repercuteixen, habitualment, en la tria dels estudis superiors; fan que l\u2019elecci\u00f3 no sigui plenament en funci\u00f3 de les habilitats personals o del talent en l\u2019\u00e0mbit tecnol\u00f2gic.<br \/>\nCom a exemple d\u2019aquests factors externs, podem citar el canvi de nomenclatura de certes carreres universit\u00e0ries com ara Enginyeria inform\u00e0tica. Perqu\u00e8 quan aquesta carrera s\u2019anomenava llicenciatura en Inform\u00e0tica, el percentatge de dones matriculades era del 40% aproximadament. Quan va passar a dir-se Enginyeria inform\u00e0tica, el percentatge de dones va reduir-se progressivament fins el 10%.<br \/>\nNo podem permetre\u2019ns aquesta situaci\u00f3; \u00e9s un problema que hem d\u2019abordar. En aquest sentit, s\u2019estan posant en marxa diversos programes amb la col\u00b7laboraci\u00f3 de les escoles, les universitats i les empreses que esperem aportin continu\u00eftat i no siguin nom\u00e9s una moda. A Telecos.cat vam impulsar fa un any el grup de treball Dones TIC, que precisament neix amb aquest objectiu.<\/p>\n<p><span style=\"color: #282356;\"><strong><img decoding=\"async\" loading=\"lazy\" class=\"wp-image-17736  alignright\" src=\"http:\/\/monempresarial.com\/wp-content\/uploads\/2018\/02\/Pedro-Linares-3-1-e1519123121565.jpg\" alt=\"\" width=\"358\" height=\"399\" srcset=\"https:\/\/www.monempresarial.com\/wp-content\/uploads\/2018\/02\/Pedro-Linares-3-1-e1519123121565.jpg 2808w, https:\/\/www.monempresarial.com\/wp-content\/uploads\/2018\/02\/Pedro-Linares-3-1-e1519123121565-269x300.jpg 269w, https:\/\/www.monempresarial.com\/wp-content\/uploads\/2018\/02\/Pedro-Linares-3-1-e1519123121565-919x1024.jpg 919w, https:\/\/www.monempresarial.com\/wp-content\/uploads\/2018\/02\/Pedro-Linares-3-1-e1519123121565-768x856.jpg 768w\" sizes=\"(max-width: 358px) 100vw, 358px\" \/>A banda de fomentar les vocacions TIC, especialment entre les dones, un altre dels prop\u00f2sits de l\u2019Associaci\u00f3 \u00e9s \u201cconscienciar la societat perqu\u00e8 faci un bon \u00fas de la tecnologia, prevenint-la d\u2019un \u00fas excessiu que converteixi els dispositius m\u00f2bils en pr\u00f2tesis tecnol\u00f2giques\u201d. Realment creu que encara som a temps d\u2019aturar aquesta necessitat d\u2019estar permanentment connectats?<\/strong><\/span><br \/>\nLa tecnologia no \u00e9s bona o dolenta en si mateixa, tot dependr\u00e0 de l\u2019\u00fas que en fem. Personalment, s\u00f3c relativament optimista i crec que, tot i estar vivint una veritable revoluci\u00f3 tecnol\u00f2gica, \u00e9s previsible que amb el temps les aig\u00fces tornin a la seva llera. Perqu\u00e8 aix\u00f2 passi hi ha, per\u00f2, molta feina per endavant: comprendre, reglamentar, educar, etc. I en aquest punt Telecos.cat hi est\u00e0 posant el seu granet de sorra.<\/p>\n<p><span style=\"color: #282356;\"><strong>Tinc ent\u00e8s que, per tal que els esfor\u00e7os de l\u2019entitat tinguin major repercussi\u00f3, un dels seus objectius com a president \u00e9s fer possible la creaci\u00f3 d\u2019una \u00fanica associaci\u00f3 catalana d\u2019enginyers. Amb el naixement, el passat mes de maig de 2017, de l\u2019Associaci\u00f3 de Professionals TIC de Catalunya (integrada per Telecos.cat, el COEINF i GrausTIC) vost\u00e8 i el seu equip van tancar aquest cap\u00edtol o volen anar m\u00e9s enll\u00e0?<\/strong><\/span><br \/>\nTot i recon\u00e8ixer les dificultats que \u00e9s necessari superar i el temps que es necessitar\u00e0, els membres de la Junta que presideixo ens vam presentar a les eleccions amb l\u2019objectiu d\u2019avan\u00e7ar cap a un ens que agrup\u00e9s els enginyers de Catalunya, independentment de la seva especialitat, i des del qual pogu\u00e9ssim parlar dels assumptes de l\u2019enginyeria i els enginyers.<br \/>\nAfortunadament, no som els \u00fanics que alberguem aquest prop\u00f2sit i la idea de treballar amb aquest objectiu. De fet, estem col\u00b7laborant amb altres col\u00b7lectius d\u2019enginyers per a fer-ho possible, i la creaci\u00f3 de l\u2019Associaci\u00f3 de Professionals TIC de Catalunya n\u2019\u00e9s un exemple, com tamb\u00e9 ho \u00e9s el naixement de l\u2019Ag\u00e8ncia de Qualificaci\u00f3 Professional (AQPE), on hi formem part juntament amb enginyers industrials, de camins, agr\u00f2noms i inform\u00e0tics. Encara, per\u00f2, queda cam\u00ed per rec\u00f3rrer.<\/p>\n<blockquote>\n<h2><span style=\"color: #282356;\">Hem de tenir cura del Mobile World Congress mentre se celebri a Barcelona i tractar de no posar-lo en risc, per\u00f2 sobretot hem de ser capa\u00e7os d\u2019aprofitar les oportunitats que ens brinda per donar continu\u00eftat als projectes i fer possible que les empreses es desenvolupin <\/span><\/h2>\n<\/blockquote>\n<p><span style=\"color: #282356;\"><strong>Per \u00faltim, atenent que la propera edici\u00f3 del Mobile World Congress<\/strong><strong> \u00e9s a tocar, diria que sabem aprofitar com cal les oportunitats que aquesta cita ens brinda per impulsar el sector TIC al nostre pa\u00eds?\u00a0 <\/strong><\/span><br \/>\nEl Mobile World Congress i el paper de Barcelona com a capital de la mobilitat \u00e9s i ha de ser un pol d\u2019atracci\u00f3 de talent i d\u2019implantaci\u00f3 de nous projectes. Hem de tenir cura del Congr\u00e9s mentre se celebri a Barcelona i tractar de no posar-lo en risc, per\u00f2 sobretot hem de ser capa\u00e7os d\u2019aprofitar les oportunitats que ens brinda per donar continu\u00eftat als projectes i fer possible que les empreses es desenvolupin, independentment que el Congr\u00e9s pugui canviar de localitzaci\u00f3.<\/p>\n","protected":false},"excerpt":{"rendered":"<p>El sector TIC a Catalunya d\u00f3na feina a 88.000 treballadors, t\u00e9 un alt nivell d\u2019emprenedoria i est\u00e0 al nivell de les regions m\u00e9s desenvolupades d\u2019Europa. \u00c9s, per tant, un \u00e0mbit amb moltes possibilitats per\u00f2, paradoxalment, les vocacions tecnol\u00f2giques no acaben de seduir prou els estudiants catalans. A continuaci\u00f3, parlem amb el president de Telecos.cat, Pedro Linares, sobre aquest d\u00e8ficit de professionals i tamb\u00e9 sobre els reptes i objectius de l&#8217;entitat, la qual acaba de commemorar els seus 25 anys de traject\u00f2ria.<\/p>\n","protected":false},"author":1,"featured_media":17734,"comment_status":"open","ping_status":"open","sticky":false,"template":"","format":"standard","meta":{"_mi_skip_tracking":false,"mc4wp_mailchimp_campaign":[],"jnews-multi-image_gallery":[],"jnews_single_post":[],"jnews_primary_category":[]},"categories":[9,10820,10821,22,10825],"tags":[194,763,1087,4856,4953,5144,6624,6625],"_links":{"self":[{"href":"https:\/\/www.monempresarial.com\/ca\/wp-json\/wp\/v2\/posts\/17733"}],"collection":[{"href":"https:\/\/www.monempresarial.com\/ca\/wp-json\/wp\/v2\/posts"}],"about":[{"href":"https:\/\/www.monempresarial.com\/ca\/wp-json\/wp\/v2\/types\/post"}],"author":[{"embeddable":true,"href":"https:\/\/www.monempresarial.com\/ca\/wp-json\/wp\/v2\/users\/1"}],"replies":[{"embeddable":true,"href":"https:\/\/www.monempresarial.com\/ca\/wp-json\/wp\/v2\/comments?post=17733"}],"version-history":[{"count":2,"href":"https:\/\/www.monempresarial.com\/ca\/wp-json\/wp\/v2\/posts\/17733\/revisions"}],"predecessor-version":[{"id":46206,"href":"https:\/\/www.monempresarial.com\/ca\/wp-json\/wp\/v2\/posts\/17733\/revisions\/46206"}],"wp:featuredmedia":[{"embeddable":true,"href":"https:\/\/www.monempresarial.com\/ca\/wp-json\/wp\/v2\/media\/17734"}],"wp:attachment":[{"href":"https:\/\/www.monempresarial.com\/ca\/wp-json\/wp\/v2\/media?parent=17733"}],"wp:term":[{"taxonomy":"category","embeddable":true,"href":"https:\/\/www.monempresarial.com\/ca\/wp-json\/wp\/v2\/categories?post=17733"},{"taxonomy":"post_tag","embeddable":true,"href":"https:\/\/www.monempresarial.com\/ca\/wp-json\/wp\/v2\/tags?post=17733"}],"curies":[{"name":"wp","href":"https:\/\/api.w.org\/{rel}","templated":true}]}}