{"id":17755,"date":"2018-02-28T13:37:49","date_gmt":"2018-02-28T12:37:49","guid":{"rendered":"http:\/\/monempresarial.com\/?p=17755\/"},"modified":"2025-06-06T10:26:40","modified_gmt":"2025-06-06T08:26:40","slug":"entrevista-ramon-alemany-dega-facultat-economia-empresa-ub","status":"publish","type":"post","link":"https:\/\/www.monempresarial.com\/ca\/2018\/02\/28\/entrevista-ramon-alemany-dega-facultat-economia-empresa-ub\/","title":{"rendered":"Entrevista a Ramon Alemany,<\/span><\/span> deg\u00e0 de la Facultat d\u2019Economia i Empresa de la UB"},"content":{"rendered":"<p><strong>Text:<\/strong> Emma Bouisset<br \/>\n<strong>Fotos:<\/strong> Universitat de Barcelona<\/p>\n<hr \/>\n<h2 style=\"text-align: center;\"><span style=\"color: #619a88;\">\u201cEls nous professionals hauran de tenir una perspectiva m\u00e9s social dels seus coneixements economicoempresarials\u201d<\/span><\/h2>\n<p><span style=\"color: #619a88;\"><strong>At\u00e8s el nou entorn laboral altament digitalitzat, quins s\u00f3n els reptes als quals hauran de fer front els futurs professionals de l\u2019economia i les finances?<\/strong><\/span><br \/>\nEls caldr\u00e0 una major adaptaci\u00f3 a la globalitzaci\u00f3, a la nova revoluci\u00f3 tecnol\u00f2gica i a un mercat laboral sense fronteres. En aquest sentit, la internacionalitzaci\u00f3 \u00e9s fonamental per a la seva carrera professional. D\u2019altra banda, els reptes de recursos escassos fruit de l\u2019envelliment de la poblaci\u00f3, la precarietat laboral entre els joves, etc., obligaran, tamb\u00e9, que els nous professionals tinguin una perspectiva m\u00e9s social dels seus coneixements economicoempresarials.<\/p>\n<p><strong><span style=\"color: #619a88;\"><img decoding=\"async\" loading=\"lazy\" class=\" wp-image-17763 alignleft\" src=\"http:\/\/monempresarial.com\/wp-content\/uploads\/2018\/02\/MG_0988.jpg\" alt=\"\" width=\"272\" height=\"408\" srcset=\"https:\/\/www.monempresarial.com\/wp-content\/uploads\/2018\/02\/MG_0988.jpg 3648w, https:\/\/www.monempresarial.com\/wp-content\/uploads\/2018\/02\/MG_0988-200x300.jpg 200w, https:\/\/www.monempresarial.com\/wp-content\/uploads\/2018\/02\/MG_0988-683x1024.jpg 683w, https:\/\/www.monempresarial.com\/wp-content\/uploads\/2018\/02\/MG_0988-200x300@2x.jpg 400w, https:\/\/www.monempresarial.com\/wp-content\/uploads\/2018\/02\/MG_0988-683x1024@2x.jpg 1366w\" sizes=\"(max-width: 272px) 100vw, 272px\" \/>I com donen resposta a aquestes necessitats des de la Facultat? Quins canvis o novetats incorpora actualment (o ho far\u00e0 en el futur) l\u2019oferta formativa de la UB en aquest sentit?\u00a0<\/span> <\/strong><br \/>\nLa internacionalitzaci\u00f3 de la Facultat segueix creixent a bon ritme. Augmenta el nombre d\u2019estudiants que marxen en programes de mobilitat, per\u00f2 tamb\u00e9 cal obrir vies d\u2019especialitzaci\u00f3 en l\u2019economia social, mitjan\u00e7ant la creaci\u00f3 d\u2019una menci\u00f3 en el Grau d\u2019Administraci\u00f3 i Direcci\u00f3 d\u2019Empreses i un doble itinerari dels Graus d\u2019ADE i de Sociologia, que ja es troben en la nostra planificaci\u00f3, aix\u00ed \u00a0com, tamb\u00e9, un possible Grau o M\u00e0ster en Economia Social.<\/p>\n<p><span style=\"color: #619a88;\"><strong>Parlant, precisament, d\u2019internacionalitzaci\u00f3, en un m\u00f3n cada cop m\u00e9s globalitzat, com hi aposta la Facultat?<\/strong><\/span><br \/>\nEl Grau en Empresa Internacional (la primera promoci\u00f3 del qual es va graduar aquest darrer curs 2016-17), el M\u00e0ster en Empresa Internacional (que s\u2019implantar\u00e0 el proper curs acad\u00e8mic 2018-19) i el M\u00e0ster en Economia (amb una llarga traject\u00f2ria, contrastada per les acreditacions d\u2019excel\u00b7l\u00e8ncia i de la dimensi\u00f3 d\u2019internacionalitzaci\u00f3 de l\u2019AQU), entre d\u2019altres, s\u00f3n programes amb doc\u00e8ncia totalment en angl\u00e8s i amb un nombre important d\u2019estudiants estrangers: el Grau, via estudiants Erasmus, i els dos M\u00e0sters, amb una pres\u00e8ncia majorit\u00e0ria d\u2019estudiants estrangers. Tamb\u00e9 el grau d\u2019ADE ofereix una l\u00ednia en angl\u00e8s, aix\u00ed com els programes EUS d\u2019ADE i Economia.<br \/>\nAquesta oferta formativa en angl\u00e8s, molt oberta a estudiants tant nacionals com estrangers, ha necessitat de la incorporaci\u00f3 de professorat estranger que la Facultat ha hagut d\u2019assumir ateses les restriccions en la contractaci\u00f3 de nou professorat imposades pels diferents governs.<\/p>\n<blockquote>\n<h2><span style=\"color: #619a88;\">\u201cCal invertir molt m\u00e9s en la formaci\u00f3 dels joves investigadors. A m\u00e9s, la manca de perspectives raonables d\u2019estabilitzaci\u00f3 en la carrera acad\u00e8mica desmotiva els millors estudiants, especialment en l\u2019\u00e0mbit d\u2019empresa.\u201d<\/span><\/h2>\n<\/blockquote>\n<p><strong><span style=\"color: #619a88;\">Creu que al nostre pa\u00eds es dona prou suport a les vocacions investigadores? Qu\u00e8 haur\u00edem de fer millor per potenciar-les?<\/span> <\/strong><br \/>\nNo, no es dona prou suport a les vocacions investigadores. El nombre de beques predoctorals no \u00e9s suficient i el de les postdoctorals, encara menys. Cal invertir molt m\u00e9s en la formaci\u00f3 dels joves investigadors. A m\u00e9s, la manca de perspectives raonables d\u2019estabilitzaci\u00f3 en la carrera acad\u00e8mica desmotiva els millors estudiants, especialment en l\u2019\u00e0mbit d\u2019empresa.<\/p>\n<p><span style=\"color: #619a88;\"><strong>Per acabar, aquest estiu far\u00e0 10 anys de la integraci\u00f3 de l\u2019antiga Facultat de Ci\u00e8ncies Econ\u00f2miques i Empresarials i de l\u2019antiga Escola Universit\u00e0ria d\u2019Estudis Empresarials en la Facultat d\u2019Economia i Empresa. Quin balan\u00e7 fan d\u2019aquesta d\u00e8cada? I vost\u00e8, personalment, com valora el seu primer any en el c\u00e0rrec de deg\u00e0?<\/strong><\/span><br \/>\nEl balan\u00e7 \u00e9s molt positiu. De fet, la integraci\u00f3 en la nova Facultat s\u2019ha fet de forma plenament satisfact\u00f2ria, i ning\u00fa ja no fa refer\u00e8ncia als antics centres. La dimensi\u00f3 de la nova Facultat i la potenciaci\u00f3 de la seva diversitathan estat la clau de la fusi\u00f3.<br \/>\nEl primer any de deg\u00e0 ha estat positiu, per\u00f2 dif\u00edcil. Des del\u2019equip deganal tenim nous projectes de futur, per\u00f2 ens hem hagut de concentrar,tamb\u00e9,a no perdre alguns dels elements de la Facultat que s\u00f3n molt necessaris (Oficina de Relacions Internacionals, Unitat de Carreres Professionals, etc.) i que es poden veure afectats per causes estructurals de la pr\u00f2pia universitat.<\/p>\n","protected":false},"excerpt":{"rendered":"<p>El deg\u00e0 de la Facultat d\u2019Economia i Empresa de la Universitat de Barcelona, qui va assumir el c\u00e0rrec a principis de 2017, ens parla sobre els reptes que comporta un m\u00f3n cada vegada m\u00e9s digitalitzat i globlitzat, i com aix\u00f2 est\u00e0 fent evolucionar l&#8217;oferta formativa del centre. <\/p>\n","protected":false},"author":1,"featured_media":17764,"comment_status":"open","ping_status":"open","sticky":false,"template":"","format":"standard","meta":{"_mi_skip_tracking":false,"mc4wp_mailchimp_campaign":[],"jnews-multi-image_gallery":[],"jnews_single_post":[],"jnews_primary_category":[]},"categories":[5694,10820,10821,10,10825],"tags":[113,180,242,2762,2846,6042,6634,6635,6636,6637,6638,10868],"_links":{"self":[{"href":"https:\/\/www.monempresarial.com\/ca\/wp-json\/wp\/v2\/posts\/17755"}],"collection":[{"href":"https:\/\/www.monempresarial.com\/ca\/wp-json\/wp\/v2\/posts"}],"about":[{"href":"https:\/\/www.monempresarial.com\/ca\/wp-json\/wp\/v2\/types\/post"}],"author":[{"embeddable":true,"href":"https:\/\/www.monempresarial.com\/ca\/wp-json\/wp\/v2\/users\/1"}],"replies":[{"embeddable":true,"href":"https:\/\/www.monempresarial.com\/ca\/wp-json\/wp\/v2\/comments?post=17755"}],"version-history":[{"count":1,"href":"https:\/\/www.monempresarial.com\/ca\/wp-json\/wp\/v2\/posts\/17755\/revisions"}],"predecessor-version":[{"id":46202,"href":"https:\/\/www.monempresarial.com\/ca\/wp-json\/wp\/v2\/posts\/17755\/revisions\/46202"}],"wp:featuredmedia":[{"embeddable":true,"href":"https:\/\/www.monempresarial.com\/ca\/wp-json\/wp\/v2\/media\/17764"}],"wp:attachment":[{"href":"https:\/\/www.monempresarial.com\/ca\/wp-json\/wp\/v2\/media?parent=17755"}],"wp:term":[{"taxonomy":"category","embeddable":true,"href":"https:\/\/www.monempresarial.com\/ca\/wp-json\/wp\/v2\/categories?post=17755"},{"taxonomy":"post_tag","embeddable":true,"href":"https:\/\/www.monempresarial.com\/ca\/wp-json\/wp\/v2\/tags?post=17755"}],"curies":[{"name":"wp","href":"https:\/\/api.w.org\/{rel}","templated":true}]}}