{"id":17789,"date":"2018-03-26T09:00:42","date_gmt":"2018-03-26T07:00:42","guid":{"rendered":"http:\/\/monempresarial.com\/?p=17789\/"},"modified":"2025-09-25T09:06:05","modified_gmt":"2025-09-25T07:06:05","slug":"entrevista-a-pierre-moscovici-comissari-europeu-dafers-economics-i-financers","status":"publish","type":"post","link":"https:\/\/www.monempresarial.com\/ca\/2018\/03\/26\/entrevista-a-pierre-moscovici-comissari-europeu-dafers-economics-i-financers\/","title":{"rendered":"Entrevista a Pierre Moscovici, comissari europeu d\u2019Afers Econ\u00f2mics i Financers"},"content":{"rendered":"<h4>Pierre Moscovici (Par\u00eds, 1957) \u00e9s un europeista i socialdem\u00f2crata conven\u00e7ut de llarga carrera pol\u00edtica: va militar de jove en un partit trotskista franc\u00e8s per, despr\u00e9s, ser una de les cares m\u00e9s visibles de l\u2019esquerra socialista del seu pa\u00eds. Alumne de la prestigiosa \u00c9cole Nationale d\u2019Administration (ENA), \u00e0vid lector i escriptor, va n\u00e9ixer en una coneguda fam\u00edlia d\u2019intel\u00b7lectuals d\u2019ascend\u00e8ncia polonesa i romanesa. Ha estat eurodiputat, vicepresident de l\u2019Eurocambra, ministre d\u2019Economia i secretari d\u2019Estat d\u2019Afers Europeus.<\/h4>\n<h4>Text: <a style=\"color: #719f8c;\" href=\"http:\/\/monempresarial.com\/author\/eherrera\/\">Esther Herrera. Brussel\u00b7les<\/a><br \/>\nFotos: <a style=\"color: #719f8c;\">Comissi\u00f3 Europea<\/a><\/h4>\n<hr \/>\n<h2 style=\"text-align: center;\"><span style=\"color: #619a88;\">\u201cLes conseq\u00fc\u00e8ncies de l\u2019evasi\u00f3 fiscal a gran escala s\u00f3n reals, les noten els ciutadans. I aix\u00f2 \u00e9s inacceptable\u201d<\/span><\/h2>\n<p><span style=\"color: #619a88;\"><strong>10 anys despr\u00e9s de la crisi econ\u00f2mica, el pitjor ja ha passat? O hem d\u2019esperar m\u00e9s reformes?<\/strong><\/span><br \/>\nLa crisi, sens dubte, ja ha acabat. Durant l\u2019\u00faltim any hem passat d\u2019una fase de recuperaci\u00f3 a una d\u2019expansi\u00f3 econ\u00f2mica, amb un creixement a l\u2019eurozona del 2,5% el 2017, el m\u00e9s alt en 10 anys. En el mercat laboral, la contractaci\u00f3 \u00e9s alta i l\u2019atur ha caigut fins a m\u00ednims del 2009, tot i que cal continuar vigilant els salaris o el gran nombre de contractes de mitja jornada. Quant als d\u00e8ficits, si b\u00e9 han disminu\u00eft dr\u00e0sticament, situant-se en el seu nivell m\u00e9s baix des del 2007, la reducci\u00f3 del deute p\u00fablic encara ha de ser una prioritat. Per tant, s\u00ed, el pitjor ha passat, per\u00f2 encara \u00e9s necessari un esfor\u00e7 m\u00e9s gran per part dels governs europeus per a assegurar que el creixement seguir\u00e0, i perqu\u00e8 se\u2019n mantinguin els fruits. El millor moment per a arreglar la teulada \u00e9s quan surt el sol.<\/p>\n<figure id=\"attachment_17791\" aria-describedby=\"caption-attachment-17791\" style=\"width: 725px\" class=\"wp-caption aligncenter\"><img decoding=\"async\" loading=\"lazy\" class=\"wp-image-17791\" src=\"http:\/\/monempresarial.com\/wp-content\/uploads\/2018\/03\/P024021000501-790356.jpg\" alt=\"\" width=\"725\" height=\"482\" srcset=\"https:\/\/www.monempresarial.com\/wp-content\/uploads\/2018\/03\/P024021000501-790356.jpg 4928w, https:\/\/www.monempresarial.com\/wp-content\/uploads\/2018\/03\/P024021000501-790356-300x200.jpg 300w, https:\/\/www.monempresarial.com\/wp-content\/uploads\/2018\/03\/P024021000501-790356-1024x682.jpg 1024w, https:\/\/www.monempresarial.com\/wp-content\/uploads\/2018\/03\/P024021000501-790356-252x167.jpg 252w, https:\/\/www.monempresarial.com\/wp-content\/uploads\/2018\/03\/P024021000501-790356-300x200@2x.jpg 600w, https:\/\/www.monempresarial.com\/wp-content\/uploads\/2018\/03\/P024021000501-790356-1024x682@2x.jpg 2048w, https:\/\/www.monempresarial.com\/wp-content\/uploads\/2018\/03\/P024021000501-790356-252x167@2x.jpg 504w\" sizes=\"(max-width: 725px) 100vw, 725px\" \/><figcaption id=\"caption-attachment-17791\" class=\"wp-caption-text\">Pierre Moscovici \u00e9s fill de dos il\u00b7lustres intel\u00b7lectuals, i autor de m\u00e9s de 10 llibres. Assegura que escriure idees sobre un paper l\u2019ajuda \u201ca estar concentrat en els meus objectius laborals, sobretot en una feina com la meva, on em toca apagar focs pr\u00e0cticament cada dia\u201d.<\/figcaption><\/figure>\n<p><span style=\"color: #619a88;\"><strong>Tot i el seu creixement, Espanya \u00e9s el segon pa\u00eds amb la taxa d\u2019atur m\u00e9s elevada, i moltes de les feines s\u00f3n de baixa qualitat. No creu que hi ha una falsa impressi\u00f3 de recuperaci\u00f3 econ\u00f2mica?<\/strong><\/span><br \/>\nLa recuperaci\u00f3 d\u2019Espanya \u00e9s real. \u00c9s una de les economies de la zona euro que m\u00e9s r\u00e0pid est\u00e0 creixent, per sobre del 3%. I el creixement est\u00e0 previst que continu\u00ef sent robust. Quant al mercat laboral, \u00e9s un dels pa\u00efsos que m\u00e9s est\u00e0 millorant: les reformes i la moderaci\u00f3 salarial estan donant els seus fruits. I si b\u00e9 \u00e9s cert que l\u2019atur segueix molt alt, sobretot entre la gent jove i les persones amb menys formaci\u00f3, les \u00faltimes reformes han estat mitjanament positives en la reducci\u00f3 de la segmentaci\u00f3 del mercat laboral.<\/p>\n<p><span style=\"color: #619a88;\"><strong>Vost\u00e8 est\u00e0 a favor de crear la figura del ministre europeu d\u2019Economia i Finances. Per qu\u00e8 ara?<\/strong><\/span><br \/>\nPerqu\u00e8 ara tenim una finestra oberta, una oportunitat. I nom\u00e9s ser\u00e0 aix\u00ed fins d\u2019aqu\u00ed a uns mesos, quan els l\u00edders europeus decideixin, al juny, com s\u2019ha de resoldre una de les q\u00fcestions clau, que \u00e9s com enfortir l\u2019efic\u00e0cia i la responsabilitat democr\u00e0tica de les decisions que es prenen a l\u2019eurozona. La nostra governan\u00e7a actual pateix una flagrant falta de democr\u00e0cia, particularment l\u2019Eurogrup. Aix\u00f2 es deu al fet que aquest grup es va concebre inicialment com un col\u00b7lectiu informal, tot i que actualment pren importants decisions amb relaci\u00f3 als pressupostos nacionals i les reformes dels pa\u00efsos. Aquestes resolucions les preparen, primer, els representants dels pa\u00efsos, amb gaireb\u00e9 total opacitat, i, despr\u00e9s, les adopten els ministres a porta tancada. \u00c9s cert que molts ministres tenen m\u00e9s escrutini que d\u2019altres per part dels seus parlaments nacionals, per\u00f2 ning\u00fa no rendeix comptes davant del Parlament Europeu sobre les decisions conjuntes que pren l\u2019Eurogrup. Per aquesta ra\u00f3, hem proposat la creaci\u00f3 d\u2019un ministre europeu de Finances: enfortiria la transpar\u00e8ncia i la responsabilitat democr\u00e0tica de les decisions que prengui l\u2019Eurogrup, i aix\u00f2 beneficiaria tots els ciutadans.<\/p>\n<blockquote>\n<h2><span style=\"color: #619a88;\">\u201cEl pitjor de la crisi ha passat, per\u00f2 encara \u00e9s necessari un esfor\u00e7 m\u00e9s gran per part dels governs europeus per a assegurar que el creixement seguir\u00e0 i perqu\u00e8 se\u2019n mantinguin els fruits. El millor moment per a arreglar la teulada \u00e9s quan surt el sol.\u201d<\/span><\/h2>\n<\/blockquote>\n<p><span style=\"color: #619a88;\"><strong>La Comissi\u00f3 Europea ha mostrat la seva decepci\u00f3 pel que fa a la llista europea sobre \u201cjurisdiccions no-cooperatives\u201d, aprovada recentment pel Consell de la UE. Hi ha una manca d\u2019ambici\u00f3 als pa\u00efsos de la UE?<\/strong><\/span><br \/>\nCrec que aquesta llista negra de paradisos fiscals \u00e9s el principi d\u2019un proc\u00e9s molt constructiu. Alguns, comprensivament, han mostrat la seva decepci\u00f3 pel que fa a la identitat dels pa\u00efsos que la conformen, per\u00f2 hem de recordar que no \u00e9s una llista definitiva. El que cal subratllar \u00e9s que 55 jurisdiccions han pogut evitar entrar-hi, per\u00f2 perqu\u00e8 figuren en \u201cla llista gris\u201d, on s\u2019han comprom\u00e8s a fer canvis en la seva legislaci\u00f3, i aix\u00f2 tamb\u00e9 \u00e9s important. Des del principi he treballat perqu\u00e8 aquest proc\u00e9s sigui cre\u00efble. I seguir\u00e9 insistint en la import\u00e0ncia que els estats membres apliquin les sancions necess\u00e0ries contra aquells pa\u00efsos que no emprenguin reformes en aquest sentit.<\/p>\n<p><img decoding=\"async\" loading=\"lazy\" class=\"aligncenter wp-image-17792\" src=\"http:\/\/monempresarial.com\/wp-content\/uploads\/2018\/03\/P026251000101-731691.jpg\" alt=\"\" width=\"620\" height=\"460\" srcset=\"https:\/\/www.monempresarial.com\/wp-content\/uploads\/2018\/03\/P026251000101-731691.jpg 4346w, https:\/\/www.monempresarial.com\/wp-content\/uploads\/2018\/03\/P026251000101-731691-300x223.jpg 300w, https:\/\/www.monempresarial.com\/wp-content\/uploads\/2018\/03\/P026251000101-731691-1024x760.jpg 1024w, https:\/\/www.monempresarial.com\/wp-content\/uploads\/2018\/03\/P026251000101-731691-300x223@2x.jpg 600w, https:\/\/www.monempresarial.com\/wp-content\/uploads\/2018\/03\/P026251000101-731691-1024x760@2x.jpg 2048w\" sizes=\"(max-width: 620px) 100vw, 620px\" \/><\/p>\n<p><span style=\"color: #619a88;\"><strong>Quin creu que \u00e9s el principal problema amb els paradisos fiscals? Limitar-hi la relaci\u00f3 com fa, per exemple, la banca \u00e8tica, podria contribuir a erradicar-los?<\/strong><\/span><br \/>\nEl principal problema \u00e9s que els paradisos fiscals faciliten que no es tributin els beneficis. No s\u2019estan pagant els impostos en els estats membres, i, com a conseq\u00fc\u00e8ncia, els governs no tenen els recursos necessaris per a finan\u00e7ar els serveis p\u00fablics, per a invertir, per exemple, en salut, recerca o educaci\u00f3. Les conseq\u00fc\u00e8ncies de l\u2019evasi\u00f3 fiscal a gran escala s\u00f3n reals, i les noten els ciutadans. I aix\u00f2 \u00e9s inacceptable.<br \/>\nPer altra banda, en el futur, no ser\u00e0 possible que fons europeus vagin a parar a jurisdiccions que es trobin en la llista negra, tot i que alguns projectes (hem de recordar que alguns d\u2019aquests estats s\u00f3n receptors d\u2019ajuda al desenvolupament) seguiran endavant, per\u00f2 sota certes condicions. Amb tot, s\u2019ha de fer m\u00e9s. Per aix\u00f2, crec que els estats membres de la UE han d\u2019adoptar sancions reals que suposaran el pas definitiu per a acabar amb els paradisos fiscals.<\/p>\n<blockquote>\n<h2><span style=\"color: #619a88;\">\u201cLa creaci\u00f3 d\u2019un ministre europeu de Finances enfortiria la transpar\u00e8ncia i la responsabilitat democr\u00e0tica de les decisions que prengui l\u2019Eurogrup, i aix\u00f2 beneficiaria tots els ciutadans.\u201d<\/span><\/h2>\n<\/blockquote>\n<p><span style=\"color: #619a88;\"><strong>Segons un estudi recent de S&amp;P, els Estats Units s\u00f3n el principal risc econ\u00f2mic de l\u2019eurozona. El preocupa la pol\u00edtica econ\u00f2mica de l\u2019Administraci\u00f3 Trump?<\/strong><\/span><br \/>\nJo no ho expressaria ben b\u00e9 aix\u00ed. Evidentment hi ha decisions de l\u2019Administraci\u00f3 Trump amb les quals no estem d\u2019acord. Em refereixo, per exemple, a la sortida de l\u2019Acord del Clima de Par\u00eds. Per\u00f2 vull subratllar que, en general, mantenim una relaci\u00f3 constructiva amb l\u2019Administraci\u00f3 nord-americana. Em vaig reunir amb el secretari del Tresor, Steven Mnuchin, diversos cops l\u2019any passat, i tamb\u00e9 amb el principal assessor econ\u00f2mic del president Trump, Gary Cohn. Un any despr\u00e9s de la seva elecci\u00f3, les relacions econ\u00f2miques transatl\u00e0ntiques segueixen sent fortes i totes dues parts tenim un inter\u00e8s com\u00fa perqu\u00e8 s\u2019hi mantinguin. Mentrestant, la UE segueix avan\u00e7ant gr\u00e0cies a nous acords comercials, com ara els signats amb el Canad\u00e0 o el Jap\u00f3. Per tant, independentment de les decisions que prenguin els nostres amics nord-americans, nosaltres ens mantindrem determinats a rebutjar el proteccionisme i seguir oberts al m\u00f3n.<\/p>\n<p><span style=\"color: #619a88;\"><strong>L\u2019Impost Europeu sobre Transaccions Financeres (FTT, en les seves sigles en angl\u00e8s) encara no s\u2019ha aprovat. Creu que, finalment, sortir\u00e0 endavant?<\/strong><\/span><br \/>\nL\u2019impost \u00e9s una idea que segueix igual de vigent ara que quan la Comissi\u00f3 el va proposar. Com i amb quina rapidesa progressar\u00e0 \u00e9s una q\u00fcesti\u00f3 purament de voluntat pol\u00edtica. Per\u00f2 tenint en compte tot el temps i l\u2019esfor\u00e7 que hi hem dedicat, crec que seria una ll\u00e0stima que no arrib\u00e9s a bon port. Les raons per les quals la Comissi\u00f3 va proposar l\u2019aplicaci\u00f3 d\u2019una taxa a les transaccions encara s\u00f3n v\u00e0lides. Primer, perqu\u00e8 ja hi ha diversos pa\u00efsos que apliquen el seu propi FTT a nivell nacional. Per\u00f2 aquesta fragmentaci\u00f3 pot provocar, per exemple, una doble imposici\u00f3. Una taxa harmonitzada podria solucionar aquest problema. Segon, perqu\u00e8 hi ha la necessitat que el sector financer contribueixi als serveis p\u00fablics. Els nostres ciutadans aix\u00ed ho esperen. I, tercer, perqu\u00e8 una taxa de transaccions financeres ben dissenyada promouria una inversi\u00f3 a llarg termini. Aix\u00ed doncs, no hi ha raons per a endarrerir el proc\u00e9s. Ni tan sols pel Brexit, un argument que s\u2019utilitza sovint en el sector financer.<\/p>\n<blockquote>\n<h2><span style=\"color: #619a88;\">\u201cHi ha decisions de l\u2019Administraci\u00f3 Trump amb les quals no estem d\u2019acord. Em refereixo, per exemple, a la sortida de l\u2019Acord del Clima de Par\u00eds. Per\u00f2 vull subratllar que, en general, mantenim una relaci\u00f3 constructiva amb l\u2019Administraci\u00f3 nord-americana.\u201d<\/span><\/h2>\n<\/blockquote>\n<p><span style=\"color: #619a88;\"><strong>Vost\u00e8 ha escrit m\u00e9s de 10 llibres i recentment acaba de publicar-ne un de nou. Deixi\u2019m que tanqui aquesta entrevista preguntant-li sobre el seu futur professional: s\u2019hi veu m\u00e9s com a escriptor o com a president de la Comissi\u00f3 Europea?<\/strong><\/span><br \/>\nEl meu \u00faltim llibre, <em>Dans ce clair-obscur surgissent les monstres <\/em>(Plon), \u00e9s un assaig sobre les experi\u00e8ncies d\u2019un govern d\u2019esquerres a Fran\u00e7a i sobre els reptes imprevisibles que afronta l\u2019esquerra a Europa actualment. Per tant, com pot veure, no hi ha cap incompatibilitat entre escriure i mantenir un c\u00e0rrec. De fet, expressar les meves idees en paper m\u2019ajuda a estar concentrat en els meus objectius laborals, sobretot en una feina com la meva, on em toca apagar focs pr\u00e0cticament cada dia. Per tant, quant al futur professional, confirmo que no tinc cap intenci\u00f3 de retirar-me quan el meu mandat com a comissari expiri l\u2019any que ve. Per\u00f2, de moment, \u00e9s massa d\u2019hora per a especular sobre futurs c\u00e0rrecs. La batalla en la qual estic interessat ara mateix \u00e9s la de les idees. El que s\u00ed s\u00e9 \u00e9s que, d\u2019una manera o altra, vull continuar servint al projecte europeu, al meu pa\u00eds, Fran\u00e7a, i a la meva fam\u00edlia pol\u00edtica, l\u2019Esquerra Socialdem\u00f2crata. De quina forma? Aix\u00f2 \u00e9s una pregunta pel dem\u00e0, no per a avui.<\/p>\n<p><span style=\"color: #719f8c;\"><strong>Llegeix m\u00e9s:\u00a0<a href=\"http:\/\/monempresarial.com\/2018\/03\/28\/banca-etica-demana-pas-a-europa\/\" target=\"_blank\" rel=\"noopener noreferrer\">La banca \u00e8tica demana pas a Europa<\/a><\/strong><\/span><\/p>\n","protected":false},"excerpt":{"rendered":"<p>Pierre Moscovici (Par\u00eds, 1957) \u00e9s un europeista i socialdem\u00f2crata conven\u00e7ut de llarga carrera pol\u00edtica: va militar de jove en un partit trotskista franc\u00e8s per, despr\u00e9s, ser una de les cares m\u00e9s visibles de l\u2019esquerra socialista del seu pa\u00eds. Alumne de la prestigiosa \u00c9cole Nationale d\u2019Administration (ENA), \u00e0vid lector i escriptor, va n\u00e9ixer en una coneguda fam\u00edlia d\u2019intel\u00b7lectuals d\u2019ascend\u00e8ncia polonesa i romanesa. Ha estat eurodiputat, vicepresident de l\u2019Eurocambra, ministre d\u2019Economia i secretari d\u2019Estat d\u2019Afers Europeus.<\/p>\n","protected":false},"author":1,"featured_media":17790,"comment_status":"open","ping_status":"open","sticky":false,"template":"","format":"standard","meta":{"_mi_skip_tracking":false,"mc4wp_mailchimp_campaign":[],"jnews-multi-image_gallery":[],"jnews_single_post":[],"jnews_primary_category":[]},"categories":[9,10839,10815,10843,19],"tags":[143,146,1053,6149,6656,6657,6658,6659],"_links":{"self":[{"href":"https:\/\/www.monempresarial.com\/ca\/wp-json\/wp\/v2\/posts\/17789"}],"collection":[{"href":"https:\/\/www.monempresarial.com\/ca\/wp-json\/wp\/v2\/posts"}],"about":[{"href":"https:\/\/www.monempresarial.com\/ca\/wp-json\/wp\/v2\/types\/post"}],"author":[{"embeddable":true,"href":"https:\/\/www.monempresarial.com\/ca\/wp-json\/wp\/v2\/users\/1"}],"replies":[{"embeddable":true,"href":"https:\/\/www.monempresarial.com\/ca\/wp-json\/wp\/v2\/comments?post=17789"}],"version-history":[{"count":1,"href":"https:\/\/www.monempresarial.com\/ca\/wp-json\/wp\/v2\/posts\/17789\/revisions"}],"predecessor-version":[{"id":47940,"href":"https:\/\/www.monempresarial.com\/ca\/wp-json\/wp\/v2\/posts\/17789\/revisions\/47940"}],"wp:featuredmedia":[{"embeddable":true,"href":"https:\/\/www.monempresarial.com\/ca\/wp-json\/wp\/v2\/media\/17790"}],"wp:attachment":[{"href":"https:\/\/www.monempresarial.com\/ca\/wp-json\/wp\/v2\/media?parent=17789"}],"wp:term":[{"taxonomy":"category","embeddable":true,"href":"https:\/\/www.monempresarial.com\/ca\/wp-json\/wp\/v2\/categories?post=17789"},{"taxonomy":"post_tag","embeddable":true,"href":"https:\/\/www.monempresarial.com\/ca\/wp-json\/wp\/v2\/tags?post=17789"}],"curies":[{"name":"wp","href":"https:\/\/api.w.org\/{rel}","templated":true}]}}