{"id":17800,"date":"2018-03-28T09:00:42","date_gmt":"2018-03-28T07:00:42","guid":{"rendered":"http:\/\/monempresarial.com\/?p=17800\/"},"modified":"2025-09-25T09:04:35","modified_gmt":"2025-09-25T07:04:35","slug":"banca-etica-demana-pas-a-europa","status":"publish","type":"post","link":"https:\/\/www.monempresarial.com\/ca\/2018\/03\/28\/banca-etica-demana-pas-a-europa\/","title":{"rendered":"La banca \u00e8tica<\/span> demana pas a Europa"},"content":{"rendered":"<h4>La <em>renaixen\u00e7a<\/em> de la banca \u00e8tica a la Uni\u00f3 Europea es va gestar a l\u2019empara de la crisi econ\u00f2mica. Tot i que ja hi havia antecedents en alguns pa\u00efsos del centre i nord del continent, els estats m\u00e9s damnificats per la crisi de deute sobir\u00e0 o les hipoteques escombraria \u2013els del sud\u2013 van veure com un altre tipus de finances tamb\u00e9 existia.<\/h4>\n<h4>Text: <a style=\"color: #719f8c;\" href=\"http:\/\/monempresarial.com\/author\/eherrera\/\">Esther Herrera<\/a><\/h4>\n<hr \/>\n<p>Els pa\u00efsos pioners, i on hist\u00f2ricament la banca social o \u00e8tica ha estat m\u00e9s arrelada, s\u00f3n els Pa\u00efsos Baixos i Anglaterra, segons destaca l\u2019organitzaci\u00f3 Economistes sense Fronteres. Per\u00f2 altres estats d\u2019arreu d\u2019Europa han seguit els seus passos en els darrers temps, com ara, per exemple, It\u00e0lia, on fa poc m\u00e9s d\u2019un any, s\u2019hi va aprovar la Llei sobre les Finances \u00e8tiques que recull els sis principis b\u00e0sics de la banca \u00e8tica, entre els quals destaquen la transpar\u00e8ncia o la impossibilitat per als bancs de tenir seus en paradisos fiscals. Curiosament, el banc m\u00e9s antic del m\u00f3n, el Monte dei Paschi di Sienna, \u00e9s itali\u00e0 i ha estat recentment intervingut arran d\u2019un acord entre les institucions europees i el Govern itali\u00e0, ja que, segons la Comissi\u00f3 Europea, l\u2019entitat va vendre \u201cde forma generalitzada i sistem\u00e0tica\u201d pr\u00e9stecs dubtosos que van provocar que milers de ciutadans fossin enganyats.<\/p>\n<blockquote>\n<h2><span style=\"color: #619a88;\">Els pa\u00efsos pioners, i on hist\u00f2ricament la banca social o \u00e8tica ha estat m\u00e9s arrelada, s\u00f3n els Pa\u00efsos Baixos i Anglaterra, segons destaca l\u2019organitzaci\u00f3 Economistes sense Fronteres. Per\u00f2 altres estats d\u2019arreu d\u2019Europa han seguit els seus passos en els darrers temps, com ara, per exemple, It\u00e0lia<\/span><\/h2>\n<\/blockquote>\n<p>Els m\u00e8todes poc \u00e8tics no tenen cabuda en la banca social, i \u00e9s per aix\u00f2 que aquest moviment espera tenir cada cop m\u00e9s pres\u00e8ncia a nivell europeu. De fet, a finals del 2017, el president de la Comissi\u00f3 d\u2019Afers Econ\u00f2mics i Financers, Robert Gualteri, va liderar una confer\u00e8ncia d\u2019alt nivell a l\u2019Eurocambra en qu\u00e8 es va abordar la import\u00e0ncia de les finances \u00e8tiques i per qu\u00e8 la UE hauria de potenciar-les. La trobada tamb\u00e9 va servir per posar sobre la taula com es pot incentivar i millorar la import\u00e0ncia de les conegudes com a \u201cfinances verdes\u201d (que quest tipus de bancs tamb\u00e9 puguin finan\u00e7ar projectes destinats a la millora del Medi Ambient i la lluita contra el Canvi Clim\u00e0tic). La Federaci\u00f3 Europea de Bancs i Finances \u00c8tiques i Alternatives (FEBEA, en les seves sigles en franc\u00e8s) \u00e9s una organitzaci\u00f3 que des de la capital comunit\u00e0ria defensa la banca social. Tot i que els seus membres admeten que \u201ctenen models de negoci a vegades complicats [comparats amb els de la banca tradicional], comparteixen un mateix objectiu de finan\u00e7ar projectes de l\u2019economia real que aportin un valor mediambiental o social afegit\u201d. I si b\u00e9 la mateixa organitzaci\u00f3 reconeix, tamb\u00e9, que la banca \u00e8tica encara \u00e9s un segment \u201cmolt petit\u201d dins del total del sistema bancari financer, adverteix, alhora, que el sector est\u00e0 creixent com una \u201cminoria prof\u00e8tica\u201d del que pot ser el futur dels mercats financers.<\/p>\n<p><span style=\"color: #619a88;\"><strong>Poc present a l\u2019agenda europea<\/strong><\/span><br \/>\nMalgrat tot, dins l\u2019agenda politicoecon\u00f2mica de la UE poc se n\u2019ha parlat, de la banca social. Eurodiputades com Patrizia Toia i Silvia Costa, ambdues italianes, han estat les \u00faniques que han aixecat la veu perqu\u00e8 aquest tipus de finances tingui m\u00e9s pres\u00e8ncia. De fet, la Comissi\u00f3 Europea no s\u2019ha pronunciat gaire sobre la q\u00fcesti\u00f3, tot i que s\u00ed ho ha fet sobre la millora de la transpar\u00e8ncia en la banca tradicional, molt m\u00e9s opaca sobre la forma com obt\u00e9 els seus beneficis. Per la seva banda, FEBEA explica en el seu \u00faltim informe sobre les pr\u00e0ctiques de la banca \u00e8tica que gaireb\u00e9 el 90% dels membres de l\u2019organitzaci\u00f3 aplica eines per a verificar l\u2019origen dels seus fons i fa estudis de transpar\u00e8ncia detallats sobre l\u2019assignaci\u00f3 dels seus actius bancaris.<\/p>\n<blockquote>\n<h2><span style=\"color: #619a88;\">A finals del 2017, el president de la Comissi\u00f3 d\u2019Afers Econ\u00f2mics i Financers, Robert Gualteri, va liderar una confer\u00e8ncia d\u2019alt nivell a l\u2019Eurocambra en qu\u00e8 es va abordar la import\u00e0ncia de les finances \u00e8tiques i per qu\u00e8 la UE hauria de potenciar-les. La trobada tamb\u00e9 va servir per posar sobre la taula com es pot incentivar i millorar la import\u00e0ncia de les conegudes com a \u201cfinances verdes\u201d<\/span><\/h2>\n<\/blockquote>\n<p>La banca \u00e8tica tamb\u00e9 ha estat pionera a posar entre les seves l\u00ednies vermelles que no invertir\u00e0 en paradisos fiscals molt abans que la Uni\u00f3 Europea es decid\u00eds a aprovar una llista del que anomena \u201cjurisdiccions no-cooperatives en mat\u00e8ria fiscal\u201d, i on va incloure 17 pa\u00efsos considerats com a tals, entre ells Panam\u00e0, Tun\u00edsia, Barbados o Corea del Sud. Brussel\u00b7les espera que amb aquesta llista es pressioni els estats perqu\u00e8 canvi\u00efn les seves legislacions; si no ho fan, se\u2019ls aplicaran sancions com, per exemple, no poder accedir a fons de desenvolupament europeus, refor\u00e7 de la vigil\u00e0ncia en les seves transaccions financeres o augment d\u2019auditories als contribuents que es benefici\u00efn d\u2019aquests r\u00e8gims fiscals. La llista, per\u00f2, es va aigualir considerablement a principis de gener, quan se\u2019n van retirar nou dels 17 pa\u00efsos inicials. El comissari d\u2019Afers Econ\u00f2mics, Pierre Moscovici, \u00e9s una de les persones que m\u00e9s ha advocat per aquesta llista, i ja ha avisat, per\u00f2, que aquest \u201cno \u00e9s el final\u201d de la vigil\u00e0ncia d\u2019aquest tipus de r\u00e8gims.<\/p>\n<p><img decoding=\"async\" loading=\"lazy\" class=\"aligncenter wp-image-17801 size-full\" src=\"http:\/\/monempresarial.com\/wp-content\/uploads\/2018\/03\/despiece-e1521017162473.jpg\" alt=\"\" width=\"975\" height=\"634\" srcset=\"https:\/\/www.monempresarial.com\/wp-content\/uploads\/2018\/03\/despiece-e1521017162473.jpg 975w, https:\/\/www.monempresarial.com\/wp-content\/uploads\/2018\/03\/despiece-e1521017162473-300x195.jpg 300w, https:\/\/www.monempresarial.com\/wp-content\/uploads\/2018\/03\/despiece-e1521017162473-768x499.jpg 768w\" sizes=\"(max-width: 975px) 100vw, 975px\" \/><\/p>\n<p><span style=\"color: #619a88;\"><strong>Llegeix m<\/strong><\/span><span style=\"color: #619a88;\"><strong>\u00e9s:\u00a0<a href=\"http:\/\/monempresarial.com\/2018\/03\/26\/entrevista-a-pierre-moscovici-comissari-europeu-dafers-economics-i-financers\/\" target=\"_blank\" rel=\"noopener noreferrer\">Entrevista a Pierre Moscovici, comissari europeu d\u2019Afers Econ\u00f2mics i Financers<\/a><\/strong><\/span><\/p>\n","protected":false},"excerpt":{"rendered":"<p>La renaixen\u00e7a de la banca \u00e8tica a la Uni\u00f3 Europea es va gestar a l\u2019empara de la crisi econ\u00f2mica. Tot i que ja hi havia antecedents en alguns pa\u00efsos del centre i nord del continent, els estats m\u00e9s damnificats per la crisi de deute sobir\u00e0 o les hipoteques escombraria \u2013els del sud\u2013 van veure com un altre tipus de finances tamb\u00e9 existia.<\/p>\n","protected":false},"author":1,"featured_media":17802,"comment_status":"open","ping_status":"open","sticky":false,"template":"","format":"standard","meta":{"_mi_skip_tracking":false,"mc4wp_mailchimp_campaign":[],"jnews-multi-image_gallery":[],"jnews_single_post":[],"jnews_primary_category":[]},"categories":[9,10839,10815,10843,19],"tags":[480,914,1133,142,170,265],"_links":{"self":[{"href":"https:\/\/www.monempresarial.com\/ca\/wp-json\/wp\/v2\/posts\/17800"}],"collection":[{"href":"https:\/\/www.monempresarial.com\/ca\/wp-json\/wp\/v2\/posts"}],"about":[{"href":"https:\/\/www.monempresarial.com\/ca\/wp-json\/wp\/v2\/types\/post"}],"author":[{"embeddable":true,"href":"https:\/\/www.monempresarial.com\/ca\/wp-json\/wp\/v2\/users\/1"}],"replies":[{"embeddable":true,"href":"https:\/\/www.monempresarial.com\/ca\/wp-json\/wp\/v2\/comments?post=17800"}],"version-history":[{"count":1,"href":"https:\/\/www.monempresarial.com\/ca\/wp-json\/wp\/v2\/posts\/17800\/revisions"}],"predecessor-version":[{"id":47937,"href":"https:\/\/www.monempresarial.com\/ca\/wp-json\/wp\/v2\/posts\/17800\/revisions\/47937"}],"wp:featuredmedia":[{"embeddable":true,"href":"https:\/\/www.monempresarial.com\/ca\/wp-json\/wp\/v2\/media\/17802"}],"wp:attachment":[{"href":"https:\/\/www.monempresarial.com\/ca\/wp-json\/wp\/v2\/media?parent=17800"}],"wp:term":[{"taxonomy":"category","embeddable":true,"href":"https:\/\/www.monempresarial.com\/ca\/wp-json\/wp\/v2\/categories?post=17800"},{"taxonomy":"post_tag","embeddable":true,"href":"https:\/\/www.monempresarial.com\/ca\/wp-json\/wp\/v2\/tags?post=17800"}],"curies":[{"name":"wp","href":"https:\/\/api.w.org\/{rel}","templated":true}]}}