{"id":17893,"date":"2018-04-25T09:00:12","date_gmt":"2018-04-25T07:00:12","guid":{"rendered":"http:\/\/monempresarial.com\/?p=17893\/"},"modified":"2025-09-25T09:00:45","modified_gmt":"2025-09-25T07:00:45","slug":"idees-canviar-mon-internet","status":"publish","type":"post","link":"https:\/\/www.monempresarial.com\/ca\/2018\/04\/25\/idees-canviar-mon-internet\/","title":{"rendered":"Idees que van canviar el m\u00f3n: Internet"},"content":{"rendered":"<h4>Era la d\u00e8cada dels 60 i nom\u00e9s unes poques ments privilegiades sabien el que estava per venir: la gran revoluci\u00f3 que marcaria les nostres vides en tots els sentits, escur\u00e7ant enormes dist\u00e0ncies, apropant a les persones, omplint les butxaques de molts i, sobretot, possibilitant que el coneixement arrib\u00e9s a qualsevol rac\u00f3 del planeta. Parlem d&#8217;Internet, eina considerada, si no la m\u00e9s important, una de les m\u00e9s rellevants de la hist\u00f2ria de la humanitat.<\/h4>\n<hr \/>\n<p>P<img decoding=\"async\" loading=\"lazy\" class=\" wp-image-17894 alignleft\" src=\"http:\/\/monempresarial.com\/wp-content\/uploads\/2018\/03\/info-cat-4.jpg\" alt=\"\" width=\"246\" height=\"446\" srcset=\"https:\/\/www.monempresarial.com\/wp-content\/uploads\/2018\/03\/info-cat-4.jpg 419w, https:\/\/www.monempresarial.com\/wp-content\/uploads\/2018\/03\/info-cat-4-165x300.jpg 165w, https:\/\/www.monempresarial.com\/wp-content\/uploads\/2018\/03\/info-cat-4-165x300@2x.jpg 330w\" sizes=\"(max-width: 246px) 100vw, 246px\" \/>rop de 250 milions de nous usuaris es van connectar per primera vegada el 2017 a Internet: eina d&#8217;emissi\u00f3 mundial, mecanisme per disseminar informaci\u00f3 i mitj\u00e0 per facilitar la col\u00b7laboraci\u00f3 i la interacci\u00f3 entre persones sense importar la seva ubicaci\u00f3 geogr\u00e0fica. No obstant l&#8217;impacte que exerceix en les seves vides, gran part de la poblaci\u00f3 desconeix l&#8217;origen d&#8217;aquesta apassionant nova tecnologia que encara segueix donant alegries als seus creadors. La hist\u00f2ria est\u00e0 repleta d&#8217;esdeveniments i protagonistes des que el 1962 J.C.R. Licklider, del MIT, va escriure uns memor\u00e0ndums parlant de la &#8220;Xarxa gal\u00e0ctica&#8221; fins que el 1969 es van connectar els quatre <em>hosts<\/em> a la ARPANET inicial, donant pas a la primera etapa de l&#8217;Internet que coneixem avui dia.<\/p>\n<p><span style=\"color: #88576b;\"><strong>Una inversi\u00f3 m\u00e9s que rendible<\/strong><\/span><br \/>\nInternet representa un dels exemples m\u00e9s reeixits dels beneficis d&#8217;una inversi\u00f3 i un comprom\u00eds continus en el camp de la investigaci\u00f3 i el desenvolupament de la infraestructura de la informaci\u00f3. Prova d&#8217;aix\u00f2 \u00e9s que gaireb\u00e9 60 anys despr\u00e9s de la seva creaci\u00f3, aquesta tecnologia revolucion\u00e0ria \u00e9s determinant per a un gran nombre de persones, concretament per a la meitat del m\u00f3n (l&#8217;altra, injustament, encara est\u00e0 fora de l\u00ednia). Vida personal, treball, oci, comunicaci\u00f3,&#8230; totes aquestes esferes han vist com l\u2019arribada d\u2019Internet els enva\u00efa d\u2019una manera o una altra. De fet, segons l&#8217;informe <em>Societat Digital a Espanya 2017<\/em> elaborat per la Fundaci\u00f3 Telef\u00f3nica, un total de 24 milions d&#8217;espanyols d&#8217;entre 16 i 74 anys es connecten di\u00e0riament a Internet. Una xifra gens menyspreable, ja que suposa el 68% del total de la poblaci\u00f3 espanyola. D&#8217;altra banda, cal destacar que, com indiquen les \u00faltimes dades aportades per Global Web Index, l&#8217;usuari t\u00edpic d&#8217;Internet passa al voltant de sis hores al dia (o el que \u00e9s el mateix: un ter\u00e7 de la seva vida) connectat a la xarxa.<\/p>\n<blockquote>\n<h2><span style=\"color: #88576b;\">Gaireb\u00e9 60 anys despr\u00e9s de la seva creaci\u00f3, aquesta tecnologia revolucion\u00e0ria \u00e9s determinant per a la meitat de la poblaci\u00f3 mundial<\/span><\/h2>\n<\/blockquote>\n","protected":false},"excerpt":{"rendered":"<p>Era la d\u00e8cada dels 60 i nom\u00e9s unes poques ments privilegiades sabien el que estava per venir: la gran revoluci\u00f3 que marcaria les nostres vides en tots els sentits, escur\u00e7ant enormes dist\u00e0ncies, apropant a les persones, omplint les butxaques de molts i, sobretot, possibilitant que el coneixement arrib\u00e9s a qualsevol rac\u00f3 del planeta. Parlem d&#8217;Internet, eina considerada, si no la m\u00e9s important, una de les m\u00e9s rellevants de la hist\u00f2ria de la humanitat.<\/p>\n","protected":false},"author":1,"featured_media":17896,"comment_status":"open","ping_status":"open","sticky":false,"template":"","format":"standard","meta":{"_mi_skip_tracking":false,"mc4wp_mailchimp_campaign":[],"jnews-multi-image_gallery":[],"jnews_single_post":[],"jnews_primary_category":[]},"categories":[12],"tags":[2164,4497,4558,6750,196,718,956,958],"_links":{"self":[{"href":"https:\/\/www.monempresarial.com\/ca\/wp-json\/wp\/v2\/posts\/17893"}],"collection":[{"href":"https:\/\/www.monempresarial.com\/ca\/wp-json\/wp\/v2\/posts"}],"about":[{"href":"https:\/\/www.monempresarial.com\/ca\/wp-json\/wp\/v2\/types\/post"}],"author":[{"embeddable":true,"href":"https:\/\/www.monempresarial.com\/ca\/wp-json\/wp\/v2\/users\/1"}],"replies":[{"embeddable":true,"href":"https:\/\/www.monempresarial.com\/ca\/wp-json\/wp\/v2\/comments?post=17893"}],"version-history":[{"count":1,"href":"https:\/\/www.monempresarial.com\/ca\/wp-json\/wp\/v2\/posts\/17893\/revisions"}],"predecessor-version":[{"id":47915,"href":"https:\/\/www.monempresarial.com\/ca\/wp-json\/wp\/v2\/posts\/17893\/revisions\/47915"}],"wp:featuredmedia":[{"embeddable":true,"href":"https:\/\/www.monempresarial.com\/ca\/wp-json\/wp\/v2\/media\/17896"}],"wp:attachment":[{"href":"https:\/\/www.monempresarial.com\/ca\/wp-json\/wp\/v2\/media?parent=17893"}],"wp:term":[{"taxonomy":"category","embeddable":true,"href":"https:\/\/www.monempresarial.com\/ca\/wp-json\/wp\/v2\/categories?post=17893"},{"taxonomy":"post_tag","embeddable":true,"href":"https:\/\/www.monempresarial.com\/ca\/wp-json\/wp\/v2\/tags?post=17893"}],"curies":[{"name":"wp","href":"https:\/\/api.w.org\/{rel}","templated":true}]}}