{"id":17970,"date":"2018-05-07T09:00:26","date_gmt":"2018-05-07T07:00:26","guid":{"rendered":"http:\/\/monempresarial.com\/?p=17970\/"},"modified":"2025-09-25T09:00:00","modified_gmt":"2025-09-25T07:00:00","slug":"infografia-paisos-superavit-deficit-2016","status":"publish","type":"post","link":"https:\/\/www.monempresarial.com\/ca\/2018\/05\/07\/infografia-paisos-superavit-deficit-2016\/","title":{"rendered":"Infografia:<\/span> Pa\u00efsos amb super\u00e0vit i d\u00e8ficit el 2016"},"content":{"rendered":"<h4>Les principals conclusions del darrer <em>External Sector Report 2017<\/em>, publicat pel Fons Econ\u00f2mic Internacional, assenyalen que els desequilibris en els saldos de compte corrent van representar prop d\u2019un ter\u00e7 del total de desequilibris mundials el 2016. Una dada que ha rom\u00e0s pr\u00e0cticament sense canvis des del 2013, tot i que cada vegada es concentra m\u00e9s en les economies avan\u00e7ades.<\/h4>\n<hr \/>\n<p>La caiguda dels preus de les mat\u00e8ries primeres, les recuperacions c\u00edcliques desiguals en economies sist\u00e8miques i les difer\u00e8ncies en les respostes pol\u00edtiques s\u00f3n tres de les claus per entendre aquesta tend\u00e8ncia que, segons l\u2019opini\u00f3 dels experts de l\u2019FMI, no est\u00e0 exempta de riscos. En efecte, l\u2019informe alerta que \u201csi b\u00e9 aquesta rotaci\u00f3 dels desequilibris cap a les economies avan\u00e7ades podria implicar menys riscos de finan\u00e7ament extern a curt termini, una concentraci\u00f3 m\u00e9s nombrosa de d\u00e8ficits excessius en les economies deutores avan\u00e7ades pot engendrar sentiments proteccionistes i augmentar el risc de correccions disruptives en el futur\u201d.<\/p>\n<p><a href=\"http:\/\/monempresarial.com\/wp-content\/uploads\/2018\/03\/mapa-cat.jpg\"><img decoding=\"async\" loading=\"lazy\" class=\"aligncenter wp-image-17971 size-full\" src=\"http:\/\/monempresarial.com\/wp-content\/uploads\/2018\/03\/mapa-cat.jpg\" alt=\"\" width=\"1145\" height=\"653\" srcset=\"https:\/\/www.monempresarial.com\/wp-content\/uploads\/2018\/03\/mapa-cat.jpg 1145w, https:\/\/www.monempresarial.com\/wp-content\/uploads\/2018\/03\/mapa-cat-300x171.jpg 300w, https:\/\/www.monempresarial.com\/wp-content\/uploads\/2018\/03\/mapa-cat-1024x584.jpg 1024w, https:\/\/www.monempresarial.com\/wp-content\/uploads\/2018\/03\/mapa-cat-300x171@2x.jpg 600w\" sizes=\"(max-width: 1145px) 100vw, 1145px\" \/><\/a><\/p>\n<p><span style=\"color: #ae0f09;\"><strong>Llegeix tamb\u00e9:\u00a0<\/strong><\/span><br \/>\n<span style=\"color: #ae0f09;\"><strong>Llegeix tamb\u00e9:\u00a0<\/strong><\/span><\/p>\n","protected":false},"excerpt":{"rendered":"<p>Les principals conclusions del darrer External Sector Report 2017, publicat pel Fons Econ\u00f2mic Internacional, assenyalen que els desequilibris en els saldos de compte corrent van representar prop d\u2019un ter\u00e7 del total de desequilibris mundials el 2016. Una dada que ha rom\u00e0s pr\u00e0cticament sense canvis des del 2013, tot i que cada vegada es concentra m\u00e9s en les economies avan\u00e7ades.<\/p>\n","protected":false},"author":1,"featured_media":17971,"comment_status":"open","ping_status":"open","sticky":false,"template":"","format":"standard","meta":{"_mi_skip_tracking":false,"mc4wp_mailchimp_campaign":[],"jnews-multi-image_gallery":[],"jnews_single_post":[],"jnews_primary_category":[]},"categories":[9,10839,10815,10842,17],"tags":[717,1048,1434,5699,5704,6786,6787,6788],"_links":{"self":[{"href":"https:\/\/www.monempresarial.com\/ca\/wp-json\/wp\/v2\/posts\/17970"}],"collection":[{"href":"https:\/\/www.monempresarial.com\/ca\/wp-json\/wp\/v2\/posts"}],"about":[{"href":"https:\/\/www.monempresarial.com\/ca\/wp-json\/wp\/v2\/types\/post"}],"author":[{"embeddable":true,"href":"https:\/\/www.monempresarial.com\/ca\/wp-json\/wp\/v2\/users\/1"}],"replies":[{"embeddable":true,"href":"https:\/\/www.monempresarial.com\/ca\/wp-json\/wp\/v2\/comments?post=17970"}],"version-history":[{"count":1,"href":"https:\/\/www.monempresarial.com\/ca\/wp-json\/wp\/v2\/posts\/17970\/revisions"}],"predecessor-version":[{"id":47911,"href":"https:\/\/www.monempresarial.com\/ca\/wp-json\/wp\/v2\/posts\/17970\/revisions\/47911"}],"wp:featuredmedia":[{"embeddable":true,"href":"https:\/\/www.monempresarial.com\/ca\/wp-json\/wp\/v2\/media\/17971"}],"wp:attachment":[{"href":"https:\/\/www.monempresarial.com\/ca\/wp-json\/wp\/v2\/media?parent=17970"}],"wp:term":[{"taxonomy":"category","embeddable":true,"href":"https:\/\/www.monempresarial.com\/ca\/wp-json\/wp\/v2\/categories?post=17970"},{"taxonomy":"post_tag","embeddable":true,"href":"https:\/\/www.monempresarial.com\/ca\/wp-json\/wp\/v2\/tags?post=17970"}],"curies":[{"name":"wp","href":"https:\/\/api.w.org\/{rel}","templated":true}]}}