{"id":17979,"date":"2018-05-09T09:00:39","date_gmt":"2018-05-09T07:00:39","guid":{"rendered":"http:\/\/monempresarial.com\/?p=17979\/"},"modified":"2025-09-25T08:59:48","modified_gmt":"2025-09-25T06:59:48","slug":"perspectiva-trimestre-creixement-2016-2017-projeccions-2018-2019","status":"publish","type":"post","link":"https:\/\/www.monempresarial.com\/ca\/2018\/05\/09\/perspectiva-trimestre-creixement-2016-2017-projeccions-2018-2019\/","title":{"rendered":"Perspectiva del trimestre:<\/span> Dades de creixement 2016-2017 i projeccions 2018-2019"},"content":{"rendered":"<h4>El gener del 2018, l\u2019FMI va publicar la seva actualitzaci\u00f3 de previsions de creixement de l\u2019economia mundial centrades en el per\u00edode 2018 i 2019 i que recollien una revisi\u00f3 lleugerament a l\u2019al\u00e7a de les estimacions. Les projeccions de l\u2019FMI se situen en un 3,9% per a aquest any 2018 i la mateixa dada pel 2019, en ambd\u00f3s casos amb una millora de dues d\u00e8cimes respecte de les xifres publicades l\u2019octubre passat.<\/h4>\n<h4><span style=\"color: #829c92;\">JOAN TUGORES QUES<\/span>. Catedr\u00e0tic d\u2019Economia de la UB.<\/h4>\n<hr \/>\n<p>El quadre adjunt mostra de manera una mica m\u00e9s desagregada les din\u00e0miques previstes per l\u2019FMI. La revisi\u00f3 a l\u2019al\u00e7a es deu b\u00e0sicament a unes aportacions m\u00e9s positives del conjunt de les economies avan\u00e7ades, tant els Estats Units com la zona euro, encara que el diferencial en favor del conjunt de les economies emergents i en desenvolupament continuaria lleugerament a l\u2019al\u00e7a. La desacceleraci\u00f3 m\u00e9s suau del previst de la Xina i el manteniment dels espectaculars ritmes a l\u2019\u00cdndia, juntament amb una modesta recuperaci\u00f3 a l\u2019Am\u00e8rica Llatina, en serien alguns dels factors explicatius.<\/p>\n<p><img decoding=\"async\" loading=\"lazy\" class=\"aligncenter wp-image-17980\" src=\"http:\/\/monempresarial.com\/wp-content\/uploads\/2018\/03\/info-cat-5.jpg\" alt=\"\" width=\"781\" height=\"434\" srcset=\"https:\/\/www.monempresarial.com\/wp-content\/uploads\/2018\/03\/info-cat-5.jpg 839w, https:\/\/www.monempresarial.com\/wp-content\/uploads\/2018\/03\/info-cat-5-300x167.jpg 300w, https:\/\/www.monempresarial.com\/wp-content\/uploads\/2018\/03\/info-cat-5-300x167@2x.jpg 600w\" sizes=\"(max-width: 781px) 100vw, 781px\" \/><\/p>\n<p>Pel que fa al nostre entorn m\u00e9s proper, Europa, en general, i la zona euro, en particular, veuen revisades a l\u2019al\u00e7a les seves previsions, especialment Alemanya (mig punt m\u00e9s), mentre que Espanya mant\u00e9 un (comparativament \u00a0amb el conjunt de la zona euro) bon ritme de creixement, encara que en desacceleraci\u00f3 des del 2016.<\/p>\n<p>Per\u00f2 l\u2019FMI insisteix que les bones dades \u2013 \u201cprospectiva m\u00e9s brillant, mercats optimistes\u201d, diu, literalment\u2013 no han de fer oblidar els riscos a mitj\u00e0 termini. L\u2019economista en cap de l\u2019FMI, M. Obstfeld, insisteix que les friccions sociopol\u00edtiques i geoestrat\u00e8giques continuen gravitant de forma delicada sobre l\u2019economia global, i recalca que el risc m\u00e9s gran \u00e9s la complaen\u00e7a. I afegeix que seria un error creure que l\u2019aparent bonan\u00e7a macroecon\u00f2mica \u00e9s \u201cla nova normalitat\u201d que deixaria enrere la crisi. Recuperar marges de maniobra de cara a una propera crisi i fer les reformes que millorin l\u2019efici\u00e8ncia i la inclusivitat continuen essent reptes a assumir. En una l\u00ednia semblant, la necessitat de \u201ccrear un futur compartit en un m\u00f3n fracturat\u201d va ser el tema del F\u00f2rum de Davos el passat gener.<\/p>\n<p><span style=\"color: #829c92;\"><strong>Llegeix tamb\u00e9:\u00a0<\/strong><\/span><\/p>\n","protected":false},"excerpt":{"rendered":"<p>El gener del 2018, l\u2019FMI va publicar la seva actualitzaci\u00f3 de previsions de creixement de l\u2019economia mundial centrades en el per\u00edode 2018 i 2019 i que recollien una revisi\u00f3 lleugerament a l\u2019al\u00e7a de les estimacions. Les projeccions de l\u2019FMI se situen en un 3,9% per a aquest any 2018 i la mateixa dada pel 2019, en ambd\u00f3s casos amb una millora de dues d\u00e8cimes respecte de les xifres publicades l\u2019octubre passat.<\/p>\n","protected":false},"author":8,"featured_media":17982,"comment_status":"open","ping_status":"open","sticky":false,"template":"","format":"standard","meta":{"_mi_skip_tracking":false,"mc4wp_mailchimp_campaign":[],"jnews-multi-image_gallery":[],"jnews_single_post":[],"jnews_primary_category":[]},"categories":[9],"tags":[5714,5905,6794,6795,6796,6797,113,1048,5117],"_links":{"self":[{"href":"https:\/\/www.monempresarial.com\/ca\/wp-json\/wp\/v2\/posts\/17979"}],"collection":[{"href":"https:\/\/www.monempresarial.com\/ca\/wp-json\/wp\/v2\/posts"}],"about":[{"href":"https:\/\/www.monempresarial.com\/ca\/wp-json\/wp\/v2\/types\/post"}],"author":[{"embeddable":true,"href":"https:\/\/www.monempresarial.com\/ca\/wp-json\/wp\/v2\/users\/8"}],"replies":[{"embeddable":true,"href":"https:\/\/www.monempresarial.com\/ca\/wp-json\/wp\/v2\/comments?post=17979"}],"version-history":[{"count":1,"href":"https:\/\/www.monempresarial.com\/ca\/wp-json\/wp\/v2\/posts\/17979\/revisions"}],"predecessor-version":[{"id":47909,"href":"https:\/\/www.monempresarial.com\/ca\/wp-json\/wp\/v2\/posts\/17979\/revisions\/47909"}],"wp:featuredmedia":[{"embeddable":true,"href":"https:\/\/www.monempresarial.com\/ca\/wp-json\/wp\/v2\/media\/17982"}],"wp:attachment":[{"href":"https:\/\/www.monempresarial.com\/ca\/wp-json\/wp\/v2\/media?parent=17979"}],"wp:term":[{"taxonomy":"category","embeddable":true,"href":"https:\/\/www.monempresarial.com\/ca\/wp-json\/wp\/v2\/categories?post=17979"},{"taxonomy":"post_tag","embeddable":true,"href":"https:\/\/www.monempresarial.com\/ca\/wp-json\/wp\/v2\/tags?post=17979"}],"curies":[{"name":"wp","href":"https:\/\/api.w.org\/{rel}","templated":true}]}}