{"id":18060,"date":"2018-05-25T09:00:08","date_gmt":"2018-05-25T07:00:08","guid":{"rendered":"http:\/\/monempresarial.com\/?p=18060\/"},"modified":"2025-09-25T08:56:24","modified_gmt":"2025-09-25T06:56:24","slug":"riscos-antiglobalitzacio-davant-reptes-segle-xxi","status":"publish","type":"post","link":"https:\/\/www.monempresarial.com\/ca\/2018\/05\/25\/riscos-antiglobalitzacio-davant-reptes-segle-xxi\/","title":{"rendered":"Riscos de l\u2019antiglobalitzaci\u00f3 davant els reptes del s.XXI<\/span>"},"content":{"rendered":"<h4 style=\"color: #602d11;\"><img decoding=\"async\" loading=\"lazy\" class=\"wp-image-18061 alignright\" src=\"http:\/\/monempresarial.com\/wp-content\/uploads\/2018\/03\/SANTACREU-10.jpg\" alt=\"\" width=\"252\" height=\"252\" srcset=\"https:\/\/www.monempresarial.com\/wp-content\/uploads\/2018\/03\/SANTACREU-10.jpg 2570w, https:\/\/www.monempresarial.com\/wp-content\/uploads\/2018\/03\/SANTACREU-10-150x150.jpg 150w, https:\/\/www.monempresarial.com\/wp-content\/uploads\/2018\/03\/SANTACREU-10-300x300.jpg 300w, https:\/\/www.monempresarial.com\/wp-content\/uploads\/2018\/03\/SANTACREU-10-1024x1024.jpg 1024w, https:\/\/www.monempresarial.com\/wp-content\/uploads\/2018\/03\/SANTACREU-10-300x300@2x.jpg 600w, https:\/\/www.monempresarial.com\/wp-content\/uploads\/2018\/03\/SANTACREU-10-1024x1024@2x.jpg 2048w\" sizes=\"(max-width: 252px) 100vw, 252px\" \/>Els reptes del segle XXI inclouen, sense cap dubte, la gesti\u00f3 de tres b\u00e9ns comuns a escala mundial: el medi ambient, la innovaci\u00f3 i la seguretat (o, dit d&#8217;una altra manera, l&#8217;abs\u00e8ncia de terrorisme, que podr\u00edem qualificar com a <em>mal com\u00fa<\/em>). Com reaccionar davant d&#8217;ells?<\/h4>\n<h4><span style=\"color: #663300; font-weight: bold; text-transform: uppercase;\">Estefania Santacreu-Vasut.\u00a0<\/span>Professora d\u2019Economia a ESSEC Business School.<\/h4>\n<hr style=\"color: #b72126;\" \/>\n<p>El sentiment antiglobalitzaci\u00f3 es va materialitzar el 2016 amb dos esdeveniments importants: l&#8217;elecci\u00f3 de Donald Trump i el Brexit. I malgrat la recent vict\u00f2ria a Fran\u00e7a d&#8217;Emmanuel Macron, proeuropeu, les conseq\u00fc\u00e8ncies de la sortida del Regne Unit de la UE i de la pol\u00edtica americana ja comencen a deixar-se sentir. Fa tot just uns dies, el president nord-americ\u00e0 va anunciar que EE. UU. es retira de l&#8217;acord de Paris. Com explicar que, davant de reptes globals, les solucions antiglobalitzaci\u00f3 guanyin suport?<\/p>\n<p>Des d&#8217;un punt de vista econ\u00f2mic, el replegament no \u00e9s una soluci\u00f3 viable per a la gesti\u00f3 de b\u00e9ns comuns. Les conseq\u00fc\u00e8ncies de la pol\u00b7luci\u00f3 generada pels Estats Units no coneixen fronteres, i no hi ha murs prou elevats per impedir els efectes mediambientals per als seus ve\u00efns, i viceversa. Aquestes conseq\u00fc\u00e8ncies, conegudes en economia com a externalitats, impliquen que en una situaci\u00f3 de replegament, cada pa\u00eds o actor sobre exploti els recursos naturals.<\/p>\n<p>Explicar aquest replegament, per tant, requereix d\u2019entendre\u2019n les motivacions.<\/p>\n<blockquote>\n<h2><span style=\"color: #602d11;\">No voler contribuir a l&#8217;esfor\u00e7 global i beneficiar-se de l\u2019esfor\u00e7 ali\u00e8 \u00e9s oportunisme econ\u00f2mic? I no voler veure m\u00e9s enll\u00e0 del cicle pol\u00edtic, per naturalesa de curt termini, tamb\u00e9 ho \u00e9s? O \u00e9s potser una resposta <em>negacionista<\/em> i psicol\u00f2gica? De fet, en retirar-se de l&#8217;acord de Paris, el president dels Estats Units ha posat en dubte el consens cient\u00edfic. La qual cosa ens porta a interrogar-nos sobre l&#8217;arrel de l&#8217;antiglobalitzaci\u00f3: rebutjar la globalitzaci\u00f3 com a mecanisme d&#8217;autodefensa psicol\u00f2gic per rebutjar els reptes globals del futur<\/span><\/h2>\n<\/blockquote>\n","protected":false},"excerpt":{"rendered":"<p>Els reptes del segle XXI inclouen, sense cap dubte, la gesti\u00f3 de tres b\u00e9ns comuns a escala mundial: el medi ambient, la innovaci\u00f3 i la seguretat (o, dit d&#8217;una altra manera, l&#8217;abs\u00e8ncia de terrorisme, que podr\u00edem qualificar com a mal com\u00fa). Com reaccionar davant d&#8217;ells?<\/p>\n","protected":false},"author":1,"featured_media":18062,"comment_status":"open","ping_status":"open","sticky":false,"template":"","format":"standard","meta":{"_mi_skip_tracking":false,"mc4wp_mailchimp_campaign":[],"jnews-multi-image_gallery":[],"jnews_single_post":[],"jnews_primary_category":[]},"categories":[11,10817,37,10836,56],"tags":[720,5059,5304,6469,6863,6864,6865,113,706],"_links":{"self":[{"href":"https:\/\/www.monempresarial.com\/ca\/wp-json\/wp\/v2\/posts\/18060"}],"collection":[{"href":"https:\/\/www.monempresarial.com\/ca\/wp-json\/wp\/v2\/posts"}],"about":[{"href":"https:\/\/www.monempresarial.com\/ca\/wp-json\/wp\/v2\/types\/post"}],"author":[{"embeddable":true,"href":"https:\/\/www.monempresarial.com\/ca\/wp-json\/wp\/v2\/users\/1"}],"replies":[{"embeddable":true,"href":"https:\/\/www.monempresarial.com\/ca\/wp-json\/wp\/v2\/comments?post=18060"}],"version-history":[{"count":1,"href":"https:\/\/www.monempresarial.com\/ca\/wp-json\/wp\/v2\/posts\/18060\/revisions"}],"predecessor-version":[{"id":47896,"href":"https:\/\/www.monempresarial.com\/ca\/wp-json\/wp\/v2\/posts\/18060\/revisions\/47896"}],"wp:featuredmedia":[{"embeddable":true,"href":"https:\/\/www.monempresarial.com\/ca\/wp-json\/wp\/v2\/media\/18062"}],"wp:attachment":[{"href":"https:\/\/www.monempresarial.com\/ca\/wp-json\/wp\/v2\/media?parent=18060"}],"wp:term":[{"taxonomy":"category","embeddable":true,"href":"https:\/\/www.monempresarial.com\/ca\/wp-json\/wp\/v2\/categories?post=18060"},{"taxonomy":"post_tag","embeddable":true,"href":"https:\/\/www.monempresarial.com\/ca\/wp-json\/wp\/v2\/tags?post=18060"}],"curies":[{"name":"wp","href":"https:\/\/api.w.org\/{rel}","templated":true}]}}