{"id":18068,"date":"2018-05-28T09:00:31","date_gmt":"2018-05-28T07:00:31","guid":{"rendered":"http:\/\/monempresarial.com\/?p=18068\/"},"modified":"2025-09-25T08:55:59","modified_gmt":"2025-09-25T06:55:59","slug":"mon-vuca-productius-pensant-diferent","status":"publish","type":"post","link":"https:\/\/www.monempresarial.com\/ca\/2018\/05\/28\/mon-vuca-productius-pensant-diferent\/","title":{"rendered":"M\u00f3n VUCA: com ser m\u00e9s productius pensant diferent<\/span>"},"content":{"rendered":"<h4 style=\"color: #602d11;\"><img decoding=\"async\" loading=\"lazy\" class=\"wp-image-18070 alignright\" src=\"http:\/\/monempresarial.com\/wp-content\/uploads\/2018\/03\/Marcos-Urarte.jpg\" alt=\"\" width=\"205\" height=\"274\" srcset=\"https:\/\/www.monempresarial.com\/wp-content\/uploads\/2018\/03\/Marcos-Urarte.jpg 1795w, https:\/\/www.monempresarial.com\/wp-content\/uploads\/2018\/03\/Marcos-Urarte-225x300.jpg 225w, https:\/\/www.monempresarial.com\/wp-content\/uploads\/2018\/03\/Marcos-Urarte-767x1024.jpg 767w, https:\/\/www.monempresarial.com\/wp-content\/uploads\/2018\/03\/Marcos-Urarte-225x300@2x.jpg 450w, https:\/\/www.monempresarial.com\/wp-content\/uploads\/2018\/03\/Marcos-Urarte-767x1024@2x.jpg 1534w\" sizes=\"(max-width: 205px) 100vw, 205px\" \/>En aquest entorn actualment tan de moda que anomenem VUCA \u00e9s molt dif\u00edcil disposar de tota la informaci\u00f3 necess\u00e0ria en temps real per poder prendre decisions. Per aix\u00f2, hem de trobar un equilibri entre la rapidesa per poder-ho fer i l&#8217;encert, el que anomeno: &#8220;saber incert, decisions encertades&#8221;.<\/h4>\n<h4><span style=\"color: #663300; font-weight: bold; text-transform: uppercase;\">Marcos Urarte.\u00a0<\/span>Professor convidat del Massachusetts Institute of Technology (MIT) i de la Universitat Nacional de Singapur (NUS).<\/h4>\n<hr style=\"color: #b72126;\" \/>\n<p>La competitivitat \u00e9s quelcom m\u00e9s que l&#8217;efic\u00e0cia operativa (bon producte, preu adequat, distribuci\u00f3 efica\u00e7). La competitivitat \u00e9s el resultat de la suma de dues variables, &#8220;l&#8217;efic\u00e0cia operativa&#8221; i la &#8220;diferenciaci\u00f3 percebuda&#8221;, i el que moltes organitzacions no semblen arribar a entendre \u00e9s que, per als compradors, la imatge que perceben a trav\u00e9s d&#8217;una marca \u00e9s la seva &#8220;realitat&#8221;, i basant-s\u2019hi decideixen si comprar o no (encara que, naturalment, despr\u00e9s, aquesta &#8220;realitat&#8221; hagi de ser confirmada amb productes o serveis que satisfacin les seves expectatives). O dit d&#8217;una altra manera: no es tracta de ser &#8220;competents&#8221;, \u00e9s a dir, de fer les coses b\u00e9 i a un preu adequat, sin\u00f3 &#8220;competitius&#8221; (hem de ser m\u00e9s atractius que els altres per als clients a qui volem conquerir i mantenir). Per aix\u00f2, hem de competir per a ser \u00fanics, diferents. I \u00e9s que el futur \u00e9s dels qui pensen diferent i fan d\u2019aquest pensament una t\u00e0ctica per a l&#8217;\u00e8xit. El futur \u00e9s per als <em>out-thinkers.<\/em><\/p>\n<p>Per\u00f2, qu\u00e8 \u00e9s un <em>out-thinker<\/em>? Un <em>out-thinker<\/em> \u00e9s una persona que s&#8217;avan\u00e7a al futur, i, aix\u00ed, s&#8217;avan\u00e7a als moviments de la seva compet\u00e8ncia. S\u00f3n com els grans mestres dels escacs, que tenen una capacitat mental superior a la resta, fet que els permet de visualitzar la seg\u00fcent jugada del contendent i superar-lo f\u00e0cilment.<\/p>\n<p><span style=\"color: #602d11;\"><strong>Els <em>out-thinkers<\/em> tenen cinc caracter\u00edstiques:<\/strong><\/span><\/p>\n<ul>\n<li><span style=\"color: #602d11;\"><strong>Viatgen mentalment en el temps:<\/strong><\/span> tenen la capacitat d&#8217;avan\u00e7ar-se al futur i en recullen una visi\u00f3 detallada. Veuen coses que els altres no veuen.<\/li>\n<li><span style=\"color: #602d11;\"><strong>Tenen una visi\u00f3 del sistema interconnectat:<\/strong><\/span> comprenen que l&#8217;entorn t\u00e9 interconnexions i interdepend\u00e8ncies que provoquen que qualsevol acci\u00f3 tingui el seu efecte.<\/li>\n<li><span style=\"color: #602d11;\"><strong>Canvien de marc conceptual:<\/strong><\/span> poden veure el bosc (no es limiten nom\u00e9s a l&#8217;arbre). \u00c9s a dir, tenen la capacitat d&#8217;identificar els problemes existents davant d&#8217;una situaci\u00f3 i, a partir d\u2019aquests, idear-ne solucions.<\/li>\n<li><span style=\"color: #602d11;\"><strong>Tenen una mentalitat disruptiva:<\/strong> <\/span>aposten per estrat\u00e8gies a les quals la compet\u00e8ncia no podr\u00e0 respondre ni efica\u00e7 ni r\u00e0pidament.<\/li>\n<li><span style=\"color: #602d11;\"><strong>Aconsegueixen &#8220;adeptes&#8221;:<\/strong><\/span> afinen els mapes mentals d&#8217;altres a trav\u00e9s de l&#8217;\u00fas del llenguatge.<\/li>\n<\/ul>\n<blockquote>\n<h2><span style=\"color: #602d11;\">Recon\u00e8ixer un <em>out-thinker<\/em> no \u00e9s pas complicat: usualment es mostra davant dels seus similars amb una idea &#8220;boja&#8221; que, inicialment, provoca burles. No deixi que el convencin que les seves idees s\u00f3n massa estramb\u00f2tiques per a ser realitzades, ja que d&#8217;aquests pensaments en sorgeix l&#8217;\u00e8xit<\/span><\/h2>\n<\/blockquote>\n","protected":false},"excerpt":{"rendered":"<p>En aquest entorn actualment tan de moda que anomenem VUCA \u00e9s molt dif\u00edcil disposar de tota la informaci\u00f3 necess\u00e0ria en temps real per poder prendre decisions. Per aix\u00f2, hem de trobar un equilibri entre la rapidesa per poder-ho fer i l&#8217;encert, el que anomeno: &#8220;saber incert, decisions encertades&#8221;.<\/p>\n","protected":false},"author":1,"featured_media":18069,"comment_status":"open","ping_status":"open","sticky":false,"template":"","format":"standard","meta":{"_mi_skip_tracking":false,"mc4wp_mailchimp_campaign":[],"jnews-multi-image_gallery":[],"jnews_single_post":[],"jnews_primary_category":[]},"categories":[11,10817,37,10836,56],"tags":[706,741,1805,3478,4059,4606,5578,6853,6870,619],"_links":{"self":[{"href":"https:\/\/www.monempresarial.com\/ca\/wp-json\/wp\/v2\/posts\/18068"}],"collection":[{"href":"https:\/\/www.monempresarial.com\/ca\/wp-json\/wp\/v2\/posts"}],"about":[{"href":"https:\/\/www.monempresarial.com\/ca\/wp-json\/wp\/v2\/types\/post"}],"author":[{"embeddable":true,"href":"https:\/\/www.monempresarial.com\/ca\/wp-json\/wp\/v2\/users\/1"}],"replies":[{"embeddable":true,"href":"https:\/\/www.monempresarial.com\/ca\/wp-json\/wp\/v2\/comments?post=18068"}],"version-history":[{"count":1,"href":"https:\/\/www.monempresarial.com\/ca\/wp-json\/wp\/v2\/posts\/18068\/revisions"}],"predecessor-version":[{"id":47894,"href":"https:\/\/www.monempresarial.com\/ca\/wp-json\/wp\/v2\/posts\/18068\/revisions\/47894"}],"wp:featuredmedia":[{"embeddable":true,"href":"https:\/\/www.monempresarial.com\/ca\/wp-json\/wp\/v2\/media\/18069"}],"wp:attachment":[{"href":"https:\/\/www.monempresarial.com\/ca\/wp-json\/wp\/v2\/media?parent=18068"}],"wp:term":[{"taxonomy":"category","embeddable":true,"href":"https:\/\/www.monempresarial.com\/ca\/wp-json\/wp\/v2\/categories?post=18068"},{"taxonomy":"post_tag","embeddable":true,"href":"https:\/\/www.monempresarial.com\/ca\/wp-json\/wp\/v2\/tags?post=18068"}],"curies":[{"name":"wp","href":"https:\/\/api.w.org\/{rel}","templated":true}]}}