{"id":18075,"date":"2018-05-29T09:00:19","date_gmt":"2018-05-29T07:00:19","guid":{"rendered":"http:\/\/monempresarial.com\/?p=18075\/"},"modified":"2025-09-25T08:55:26","modified_gmt":"2025-09-25T06:55:26","slug":"3-passos-fonamentals-creacio-cultura-corporativa","status":"publish","type":"post","link":"https:\/\/www.monempresarial.com\/ca\/2018\/05\/29\/3-passos-fonamentals-creacio-cultura-corporativa\/","title":{"rendered":"3 passos fonamentals per a la creaci\u00f3 de la cultura corporativa<\/span>"},"content":{"rendered":"<h4 style=\"color: #602d11;\"><img decoding=\"async\" loading=\"lazy\" class=\"wp-image-18076 alignright\" src=\"http:\/\/monempresarial.com\/wp-content\/uploads\/2018\/03\/ALFONSO-CEBRIAN.jpg\" alt=\"\" width=\"239\" height=\"309\" srcset=\"https:\/\/www.monempresarial.com\/wp-content\/uploads\/2018\/03\/ALFONSO-CEBRIAN.jpg 1145w, https:\/\/www.monempresarial.com\/wp-content\/uploads\/2018\/03\/ALFONSO-CEBRIAN-231x300.jpg 231w, https:\/\/www.monempresarial.com\/wp-content\/uploads\/2018\/03\/ALFONSO-CEBRIAN-790x1024.jpg 790w, https:\/\/www.monempresarial.com\/wp-content\/uploads\/2018\/03\/ALFONSO-CEBRIAN-231x300@2x.jpg 462w\" sizes=\"(max-width: 239px) 100vw, 239px\" \/>El pes empresarial dels valors pot determinar l&#8217;\u00e8xit o frac\u00e0s de qualsevol organitzaci\u00f3. \u00c9s important establir una cultura basada en valors coherents i alineats amb l&#8217;empresa que en reforcin la missi\u00f3 i objectiu. Aquests valors serviran com a guia d&#8217;actuaci\u00f3 per als seus empleats i generaran un fort reconeixement per part dels seus clients.<\/h4>\n<h4><span style=\"color: #663300; font-weight: bold; text-transform: uppercase;\">Alfonso Cebri\u00e1n. <\/span>Doctor en Ci\u00e8ncies Econ\u00f2miques. Director General de CEDEU Centro de Estudios Universitarios.<\/h4>\n<hr style=\"color: #b72126;\" \/>\n<p>La cultura corporativa pot ser entesa com una forma determinada de pensar i de fer dins d&#8217;un equip de treball, compartida per tots els seus membres i de necessari coneixement i aprenentatge per part dels nous actors de l&#8217;organitzaci\u00f3. Aquesta s&#8217;assentar\u00e0 sobre uns valors coherents amb els objectius de l&#8217;empresa i compartits pels clients. Precisament, l&#8217;empatia del p\u00fablic envers el producte o servei estar\u00e0 directament relacionada amb aquests valors: si els comparteixen s&#8217;obtindr\u00e0 el reconeixement desitjat. Perqu\u00e8 una empresa sigui competitiva \u00e9s necessari que adapti la seva cultura a un determinat sector. Ara b\u00e9, quins passos hem de seguir per crear aquesta cultura corporativa?<\/p>\n<ul>\n<li><span style=\"color: #602d11;\"><strong>Establiment d&#8217;uns valors que seran la base del desenvolupament i evoluci\u00f3 del negoci.<\/strong><\/span> La cultura corporativa condicionar\u00e0 els comportaments tant dels empleats com dels clients. Nom\u00e9s si coneixen, comparteixen i s&#8217;identifiquen amb aquests valors romandran al seu costat.<\/li>\n<li><span style=\"color: #602d11;\"><strong>Comunicaci\u00f3 transparent dels valors: un cop definida la cultura corporativa \u00e9s necess\u00e0ria la seva correcta transmissi\u00f3.<\/strong> <\/span>Quan una organitzaci\u00f3 difon uns valors sans, estimula i motiva els seus empleats, que augmenten el seu nivell de comprom\u00eds i aix\u00f2, al seu torn, \u00e9s percebut pel client en forma de &#8216;bon servei&#8217;, fet que incrementa la competitivitat de l&#8217;empresa.<\/li>\n<li><span style=\"color: #602d11;\"><strong>Actors transmissors de la cultura.<\/strong> <\/span>Per dur a terme una comunicaci\u00f3 efectiva i transparent de la cultura corporativa d&#8217;una empresa \u00e9s necessari ser-ne un l\u00edder coherent: no nom\u00e9s transmetre sin\u00f3 donar exemple en cadascuna de les actuacions. Cap membre de l&#8217;equip ha de contradir aquesta cultura i els seus comportaments han d&#8217;estar alineats amb els valors.<\/li>\n<\/ul>\n<blockquote>\n<h2><span style=\"color: #602d11;\">La cultura corporativa d&#8217;una empresa nom\u00e9s donar\u00e0 resultats si \u00e9s coneguda i compartida per tots els membres de l&#8217;organitzaci\u00f3, si tots remen en la mateixa direcci\u00f3 i es mantenen fidels als objectius, a la noves maneres de fer i als nous escenaris socioecon\u00f2mics<\/span><\/h2>\n<\/blockquote>\n","protected":false},"excerpt":{"rendered":"<p>El pes empresarial dels valors pot determinar l&#8217;\u00e8xit o frac\u00e0s de qualsevol organitzaci\u00f3. \u00c9s important establir una cultura basada en valors coherents i alineats amb l&#8217;empresa que en reforcin la missi\u00f3 i objectiu. Aquests valors serviran com a guia d&#8217;actuaci\u00f3 per als seus empleats i generaran un fort reconeixement per part dels seus clients.<\/p>\n","protected":false},"author":1,"featured_media":18077,"comment_status":"open","ping_status":"open","sticky":false,"template":"","format":"standard","meta":{"_mi_skip_tracking":false,"mc4wp_mailchimp_campaign":[],"jnews-multi-image_gallery":[],"jnews_single_post":[],"jnews_primary_category":[]},"categories":[11,10847,10816,37,920],"tags":[6875,6876,180,433,706,879,1228,6874],"_links":{"self":[{"href":"https:\/\/www.monempresarial.com\/ca\/wp-json\/wp\/v2\/posts\/18075"}],"collection":[{"href":"https:\/\/www.monempresarial.com\/ca\/wp-json\/wp\/v2\/posts"}],"about":[{"href":"https:\/\/www.monempresarial.com\/ca\/wp-json\/wp\/v2\/types\/post"}],"author":[{"embeddable":true,"href":"https:\/\/www.monempresarial.com\/ca\/wp-json\/wp\/v2\/users\/1"}],"replies":[{"embeddable":true,"href":"https:\/\/www.monempresarial.com\/ca\/wp-json\/wp\/v2\/comments?post=18075"}],"version-history":[{"count":1,"href":"https:\/\/www.monempresarial.com\/ca\/wp-json\/wp\/v2\/posts\/18075\/revisions"}],"predecessor-version":[{"id":47892,"href":"https:\/\/www.monempresarial.com\/ca\/wp-json\/wp\/v2\/posts\/18075\/revisions\/47892"}],"wp:featuredmedia":[{"embeddable":true,"href":"https:\/\/www.monempresarial.com\/ca\/wp-json\/wp\/v2\/media\/18077"}],"wp:attachment":[{"href":"https:\/\/www.monempresarial.com\/ca\/wp-json\/wp\/v2\/media?parent=18075"}],"wp:term":[{"taxonomy":"category","embeddable":true,"href":"https:\/\/www.monempresarial.com\/ca\/wp-json\/wp\/v2\/categories?post=18075"},{"taxonomy":"post_tag","embeddable":true,"href":"https:\/\/www.monempresarial.com\/ca\/wp-json\/wp\/v2\/tags?post=18075"}],"curies":[{"name":"wp","href":"https:\/\/api.w.org\/{rel}","templated":true}]}}