{"id":18242,"date":"2018-06-13T09:00:52","date_gmt":"2018-06-13T07:00:52","guid":{"rendered":"http:\/\/monempresarial.com\/?p=18242\/"},"modified":"2025-09-25T08:52:39","modified_gmt":"2025-09-25T06:52:39","slug":"europa-declara-la-guerra-al-plastic","status":"publish","type":"post","link":"https:\/\/www.monempresarial.com\/ca\/2018\/06\/13\/europa-declara-la-guerra-al-plastic\/","title":{"rendered":"Europa<\/span> declara la guerra al pl\u00e0stic"},"content":{"rendered":"<h4>El pl\u00e0stic est\u00e0 a tot arreu i prova d\u2019aix\u00f2 \u00e9s que cada any els ciutadans europeus en consumeixen 25 milions de tones, de les quals nom\u00e9s el 30% s&#8217;acaba reciclant. Precisament s\u00f3n els productes d\u2019un sol \u00fas els que m\u00e9s preocupen la Comissi\u00f3 Europea, organisme que ja est\u00e0 posant fil a l\u2019agulla perqu\u00e8 el 2030 tots els envasos de la UE siguin reciclables.<\/h4>\n<h4>Text: <a style=\"color: #719f8c;\" href=\"http:\/\/monempresarial.com\/author\/eherrera\/\">Esther Herrera<\/a><\/h4>\n<hr \/>\n<p>Nom\u00e9s el 5% del valor del pl\u00e0stic comporta un benefici real per a l\u2019economia europea. I \u00e9s que amb el model actual, on predominen els envasos d\u2019un sol \u00fas, es malgasten entre 70.000 i 105.000 milions d&#8217;euros l\u2019any. A m\u00e9s a m\u00e9s, els embalatges que no es reciclen triguen segles a descompondre&#8217;s, amb les conseq\u00fc\u00e8ncies que aix\u00f2 comporta per al medi ambient. A tall d\u2019exemple, el pl\u00e0stic representa el 85% de les deixalles que arriben a les platges d&#8217;arreu del m\u00f3n.<br \/>\nPer aquestes raons, la Comissi\u00f3 Europea va aprovar el passat mes de gener el primer pla per a lluitar contra el pl\u00e0stic i portar a terme la transici\u00f3 cap a una economia circular. L\u2019objectiu \u00e9s que tots els envasos de la UE siguin reciclables d\u2019aqu\u00ed al 2030, una mesura que el vicepresident primer de l&#8217;executiu, Frans Timmermans, planteja com a necess\u00e0ria amb un av\u00eds contundent: \u201cSi no canviem la manera com produ\u00efm i utilitzem aquest material, pels volts del 2050 al mar hi haur\u00e0 m\u00e9s pl\u00e0stics que no pas peixos\u201d.<\/p>\n<blockquote>\n<h2><span style=\"color: #719f8c;\">\u201cSi no canviem la manera com produ\u00efm i utilitzem aquest material, pels volts del 2050 al mar hi haur\u00e0 m\u00e9s pl\u00e0stics que no pas peixos\u201d. (Frans Timmermans)<\/span><\/h2>\n<\/blockquote>\n<p><span style=\"color: #719f8c;\"><strong>Mesures concretes <\/strong><\/span><br \/>\nBrussel\u00b7les ha posat sobre la taula diverses propostes com ara desincentivar els pl\u00e0stics d\u2019un sol \u00fas, restringir els micropl\u00e0stics presents especialment a productes cosm\u00e8tics i d\u2019higiene o imposar l\u2019etiquetatge dels envasos per tal d\u2019indicar si s\u00f3n biodegradables i compostables. D\u2019altra banda, la Comissi\u00f3 Europea prohibir\u00e0 l\u2019abocament de deixalles de pl\u00e0stic al mar gr\u00e0cies a una nova normativa que obligar\u00e0 que els residus generats a bord dels vaixells o recollits al mar es retornin a terra per tractar-los de manera adequada.<br \/>\nDit aix\u00f2, Brussel\u00b7les \u00e9s conscient que, per poder guanyar la batalla al pl\u00e0stic a trav\u00e9s de la inversi\u00f3 i la innovaci\u00f3, necessita tenir al seu costat empreses i administracions nacionals. Per aquest motiu, incentivar\u00e0 la reducci\u00f3 de residus al lloc de feina, millora que la mateixa Comissi\u00f3 Europea ja ha comen\u00e7at a adoptar apostant pels envasos de vidre a les sales de reunions. Aix\u00ed mateix, l&#8217;executiu formular\u00e0 una nova normativa per donar impuls a les instal\u00b7lacions dedicades a l\u2019activitat del reciclatge, proposta que Christian Verschueren, director general d&#8217;Eurocommerce, defensa argumentant que \u201cben dissenyats, els envasos de pl\u00e0stic mantenen els aliments i eviten malbaratar el menjar, per\u00f2 \u00e9s igualment necessari garantir que s\u00f3n compatibles amb el medi ambient\u201d. Per la seva banda, PlasticsEurope, principal organitzaci\u00f3 que defensa aquest material a la UE, d\u00f3na el seu vistiplau al plantejament i, per aix\u00f2, tamb\u00e9 ha engegat un pla voluntari per fer m\u00e9s eficient l&#8217;economia circular.<\/p>\n<blockquote>\n<h2><span style=\"color: #719f8c;\">Nom\u00e9s el 5% del valor del pl\u00e0stic comporta un benefici real per a l\u2019economia europea. Amb el model actual, on predominen els envasos d\u2019un sol \u00fas, es malgasten entre 70.000 i 105.000 milions d&#8217;euros l\u2019any<\/span><\/h2>\n<\/blockquote>\n<p><span style=\"color: #719f8c;\"><strong>Incentius fiscals al reciclatge <\/strong><\/span><br \/>\nTanmateix, l\u2019executiu europeu t\u00e9 una altra tasca pendent: incentivar el suport a la ind\u00fastria, ja que actualment \u00e9s m\u00e9s barat produir pl\u00e0stic nou que reciclat. Fins a finals de 2017, tot el pl\u00e0stic que no es reciclava anava a parar a altres pa\u00efsos, sobretot a la Xina, per\u00f2 des del passat 1 de gener, el pa\u00eds asi\u00e0tic va prohibir aquest tipus d&#8217;importacions. Tot i que la Comissi\u00f3 Europea nega que el pla s&#8217;acceler\u00e9s a causa de la decisi\u00f3 de Pequ\u00edn, des de fa uns mesos Brussel\u00b7les analitza l\u2019aplicaci\u00f3 d\u2019incentius fiscals que ajudin a potenciar la demanda de pl\u00e0stics reciclats a la UE, segons va assegurar recentment el vicepresident primer de la Comissi\u00f3 Europea, Jyrki Katainen. Mesos abans, per\u00f2, el comissari encarregat de Pressupostos, G\u00fcnther Ottinger, va mostrar-se disposat a estudiar l\u2019aplicaci\u00f3 d\u2019un impost sobre el pl\u00e0stic com a mesura per, d\u2019una banda, aconseguir noves fonts d&#8217;ingressos quan el Regne Unit abandoni el club comunitari el 2019 i, de l\u2019altra, lluitar contra un material altament contaminant. Amb tot, les converses al Col\u00b7legi de Comissaris van refredar la proposta. Katainen \u00e9s, per exemple, un dels membres de l\u2019executiu m\u00e9s reticents a l\u2019hora d&#8217;aplicar aquest impost. \u201cAlguns estats membres han utilitzat mesures fiscals per poder reduir les bosses de pl\u00e0stic d&#8217;un sol \u00fas i ha funcionat b\u00e9; amb aquest mateix esperit cercarem possibilitats. Potser aconseguim un impost a escala europea per\u00f2 jo, sincerament, tinc certs dubtes\u201d, va expressar. La mesura \u00e9s molt controvertida, no nom\u00e9s a nivell pol\u00edtic, tamb\u00e9 entre el sector, com deixen entreveure aquestes declaracions de PlasticEurope: \u201cNo creiem que sigui raonable\u201d.<\/p>\n<p><img decoding=\"async\" loading=\"lazy\" class=\"aligncenter size-full wp-image-18243\" src=\"http:\/\/monempresarial.com\/wp-content\/uploads\/2018\/05\/europa-cat.jpg\" alt=\"\" width=\"811\" height=\"478\" srcset=\"https:\/\/www.monempresarial.com\/wp-content\/uploads\/2018\/05\/europa-cat.jpg 811w, https:\/\/www.monempresarial.com\/wp-content\/uploads\/2018\/05\/europa-cat-300x177.jpg 300w, https:\/\/www.monempresarial.com\/wp-content\/uploads\/2018\/05\/europa-cat-300x177@2x.jpg 600w\" sizes=\"(max-width: 811px) 100vw, 811px\" \/><\/p>\n","protected":false},"excerpt":{"rendered":"<p>El pl\u00e0stic est\u00e0 a tot arreu i prova d\u2019aix\u00f2 \u00e9s que cada any els ciutadans europeus en consumeixen 25 milions de tones, de les quals nom\u00e9s el 30% s&#8217;acaba reciclant. Precisament s\u00f3n els productes d\u2019un sol \u00fas els que m\u00e9s preocupen la Comissi\u00f3 Europea, organisme que ja est\u00e0 posant fil a l\u2019agulla perqu\u00e8 el 2030 tots els envasos de la UE siguin reciclables.   <\/p>\n","protected":false},"author":1,"featured_media":18245,"comment_status":"open","ping_status":"open","sticky":false,"template":"","format":"standard","meta":{"_mi_skip_tracking":false,"mc4wp_mailchimp_campaign":[],"jnews-multi-image_gallery":[],"jnews_single_post":[],"jnews_primary_category":[]},"categories":[10839,9,10815,10843,19],"tags":[170,828,3072,5106,5455,6147,7005,7012,7013,7014,143],"_links":{"self":[{"href":"https:\/\/www.monempresarial.com\/ca\/wp-json\/wp\/v2\/posts\/18242"}],"collection":[{"href":"https:\/\/www.monempresarial.com\/ca\/wp-json\/wp\/v2\/posts"}],"about":[{"href":"https:\/\/www.monempresarial.com\/ca\/wp-json\/wp\/v2\/types\/post"}],"author":[{"embeddable":true,"href":"https:\/\/www.monempresarial.com\/ca\/wp-json\/wp\/v2\/users\/1"}],"replies":[{"embeddable":true,"href":"https:\/\/www.monempresarial.com\/ca\/wp-json\/wp\/v2\/comments?post=18242"}],"version-history":[{"count":1,"href":"https:\/\/www.monempresarial.com\/ca\/wp-json\/wp\/v2\/posts\/18242\/revisions"}],"predecessor-version":[{"id":47877,"href":"https:\/\/www.monempresarial.com\/ca\/wp-json\/wp\/v2\/posts\/18242\/revisions\/47877"}],"wp:featuredmedia":[{"embeddable":true,"href":"https:\/\/www.monempresarial.com\/ca\/wp-json\/wp\/v2\/media\/18245"}],"wp:attachment":[{"href":"https:\/\/www.monempresarial.com\/ca\/wp-json\/wp\/v2\/media?parent=18242"}],"wp:term":[{"taxonomy":"category","embeddable":true,"href":"https:\/\/www.monempresarial.com\/ca\/wp-json\/wp\/v2\/categories?post=18242"},{"taxonomy":"post_tag","embeddable":true,"href":"https:\/\/www.monempresarial.com\/ca\/wp-json\/wp\/v2\/tags?post=18242"}],"curies":[{"name":"wp","href":"https:\/\/api.w.org\/{rel}","templated":true}]}}