{"id":18286,"date":"2018-06-22T09:00:43","date_gmt":"2018-06-22T07:00:43","guid":{"rendered":"http:\/\/monempresarial.com\/?p=18286\/"},"modified":"2025-09-25T08:49:13","modified_gmt":"2025-09-25T06:49:13","slug":"espanya-federal-mes-avantatges-economics","status":"publish","type":"post","link":"https:\/\/www.monempresarial.com\/ca\/2018\/06\/22\/espanya-federal-mes-avantatges-economics\/","title":{"rendered":"Espanya federal:<\/span> m\u00e9s avantatges econ\u00f2mics"},"content":{"rendered":"<h4>For\u00e7a pa\u00efsos democr\u00e0tics avan\u00e7ats s\u00f3n Estats federals, com els Estats Units d\u2019Am\u00e8rica, Alemanya, Canad\u00e0, B\u00e8lgica i Su\u00efssa. En canvi, totes les dictadures s\u00f3n estats centralistes. Espanya no \u00e9s un pa\u00eds tan descentralitzat perqu\u00e8 hi ha una recentralitzaci\u00f3 que genera m\u00e9s inefici\u00e8ncia i major inefic\u00e0cia.<\/h4>\n<h4><a style=\"color: #ae0f09;\" href=\"http:\/\/monempresarial.com\/author\/xtorrens\/\">Xavier Torrens.<\/a> Professor de Ci\u00e8ncia Pol\u00edtica a la UB, polit\u00f2leg i soci\u00f2leg.<\/h4>\n<hr \/>\n<p>Continua el debat p\u00fablic sobre el \u2018proc\u00e9s\u2019 catal\u00e0 i prossegueix la gaireb\u00e9 inexistent reflexi\u00f3 sobre els grans avantatges econ\u00f2mics de disposar d\u2019un Estat federal. Els uns als altres es fan retrets partidistes i alimenten pol\u00e8miques est\u00e8rils en lloc d\u2019abordar una discussi\u00f3 seriosa, acad\u00e8mica i professional sobre per qu\u00e8 la descentralitzaci\u00f3 contribueix a un major creixement econ\u00f2mic en els pa\u00efsos democr\u00e0tics.<\/p>\n<blockquote>\n<h2><span style=\"color: #ae0f09;\">Caldria que les elits econ\u00f2mica i pol\u00edtica espanyoles s\u2019adonessin que si el federalisme funciona b\u00e9 al principal pa\u00eds del m\u00f3n, Estats Units, i al principal pa\u00eds de la Uni\u00f3 Europea, Alemanya, llavors tamb\u00e9 pot funcionar b\u00e9 a Espanya<\/span><\/h2>\n<\/blockquote>\n<p><span style=\"color: #828995;\"><strong>Aeroports centralistes<\/strong><\/span><br \/>\nN\u2019hi hauria prou amb un sol exemple per a entendre que la descentralitzaci\u00f3 dona beneficis econ\u00f2mics als pa\u00efsos federals. La gesti\u00f3 aeroportu\u00e0ria a Espanya pateix el centralisme i es fa seguint el model centralista de Fran\u00e7a. Aix\u00f2 va causar que, des del Govern espanyol, es prengu\u00e9s la decisi\u00f3 pol\u00edtica de construir aeroports ineficients i for\u00e7a buits, com Castell\u00f3, Huesca-Pirineos, Ciudad Real, Lleida, Vitoria, Madrid-Cuatro Vientos, C\u00f3rdoba, Logro\u00f1o, Vigo, Burgos, Le\u00f3n, Salamanca, Granada-Ja\u00e9n, Almer\u00eda, Jerez i un llarg etc\u00e8tera.<br \/>\nEl centralisme ha produ\u00eft que es cre\u00efn aeroports a tort i a dret perqu\u00e8 ning\u00fa no s\u2019ha fet responsable pol\u00edticament del malbaratament, i, en alguns casos, fins i tot, malversaci\u00f3 en la construcci\u00f3 d\u2019aquestes infraestructures.<\/p>\n<p><strong><span style=\"color: #828995;\">Aeroports federals<\/span><\/strong><br \/>\nEn canvi, si Espanya fos un Estat federal i l\u2019aeroport de Barcelona-El Prat fos gestionat, no des de Madrid, sin\u00f3 des de Barcelona, ja sigui per la Generalitat de Catalunya, per un consorci p\u00fablic-privat, per una empresa privada o per una empresa p\u00fablica auton\u00f2mica-municipal, llavors l\u2019aeroport de Barcelona podria cr\u00e9ixer amb m\u00e9s efici\u00e8ncia i efic\u00e0cia, com passa a l\u2019aeroport Internacional Hartsfield-Jackson d\u2019Atlanta, el m\u00e9s transitat dels Estats Units. Per\u00f2, perqu\u00e8 aix\u00f2 pass\u00e9s, caldria que a Espanya exist\u00eds una cultura pol\u00edtica federal.<br \/>\nEl federalisme existiria a Espanya si s\u2019accept\u00e9s com a normal que l\u2019aeroport Barcelona-El Prat arrib\u00e9s a tenir m\u00e9s nombre de vols i passatgers que l\u2019aeroport de Madrid-Barajas Adolfo Su\u00e1rez. En aix\u00f2 consisteix ser un Estat federal.<\/p>\n<p><img decoding=\"async\" loading=\"lazy\" class=\"aligncenter size-full wp-image-18287\" src=\"http:\/\/monempresarial.com\/wp-content\/uploads\/2018\/05\/objectiu-cat-taula.jpg\" alt=\"\" width=\"836\" height=\"385\" srcset=\"https:\/\/www.monempresarial.com\/wp-content\/uploads\/2018\/05\/objectiu-cat-taula.jpg 836w, https:\/\/www.monempresarial.com\/wp-content\/uploads\/2018\/05\/objectiu-cat-taula-300x138.jpg 300w, https:\/\/www.monempresarial.com\/wp-content\/uploads\/2018\/05\/objectiu-cat-taula-300x138@2x.jpg 600w\" sizes=\"(max-width: 836px) 100vw, 836px\" \/><\/p>\n<p><strong><span style=\"color: #828995;\">Corredor del Mediterrani<\/span><\/strong><br \/>\nUna de les mostres m\u00e9s clares del centralisme pol\u00edtic espanyol \u00e9s la surrealista proposta que el Corredor Mediterrani passi per Madrid. Aquesta infraestructura caldria que fos una realitat improrrogable, at\u00e8s que suposaria clars beneficis econ\u00f2mics, tant per al sector tur\u00edstic com en el pl\u00e0nol cultural i a nivell industrial. Per\u00f2 l\u2019empresa p\u00fablica Adif pret\u00e9n que el Corredor Mediterrani sigui literalment la &#8220;connexi\u00f3 entre Madrid i Europa&#8221; (sic). Aix\u00f2 \u00e9s impensable en un pa\u00eds federal.<br \/>\nWashington mai no podria prendre la decisi\u00f3 pol\u00edtica de prohibir, obstaculitzar o impedir que les seus de la Coca-Cola, Delta Air Lines i la televisi\u00f3 CNN estiguin a Atlanta, Ge\u00f2rgia, un Estat americ\u00e0 sureny. Doncs b\u00e9, la pretensi\u00f3 d\u2019una empresa p\u00fablica com Adif de fer passar el Corredor del Mediterrani per Madrid seria com si el Govern dels Estats Units fes mans i m\u00e0nigues per traslladar a Washington la CNN, Delta Air Lines, la Coca-Cola i la gesti\u00f3 de l\u2019aeroport d\u2019Atlanta.<\/p>\n<p><strong><span style=\"color: #828995;\">Recentralitzar Espanya<\/span><\/strong><br \/>\nAls Estats Units a ning\u00fa no se li ocorre frenar pol\u00edticament des de Washington D. C. el motor econ\u00f2mic de Calif\u00f2rnia, Texas o Nova York. Per\u00f2 aix\u00f2 \u00e9s el que fa Espanya quan frena l\u2019autogovern de Catalunya i Euskadi amb la recentralitzaci\u00f3 de l\u2019Estat auton\u00f2mic.<br \/>\nCaldria que les elits econ\u00f2mica i pol\u00edtica espanyoles s\u2019adonessin que si el federalisme funciona b\u00e9 al principal pa\u00eds del m\u00f3n, Estats Units, i al principal pa\u00eds de la Uni\u00f3 Europea, Alemanya, llavors tamb\u00e9 pot funcionar b\u00e9 a Espanya.<\/p>\n<p><img decoding=\"async\" loading=\"lazy\" class=\"aligncenter  wp-image-18288\" src=\"http:\/\/monempresarial.com\/wp-content\/uploads\/2018\/05\/objectiu-cat.jpg\" alt=\"\" width=\"648\" height=\"573\" srcset=\"https:\/\/www.monempresarial.com\/wp-content\/uploads\/2018\/05\/objectiu-cat.jpg 569w, https:\/\/www.monempresarial.com\/wp-content\/uploads\/2018\/05\/objectiu-cat-300x265.jpg 300w\" sizes=\"(max-width: 648px) 100vw, 648px\" \/><\/p>\n","protected":false},"excerpt":{"rendered":"<p>For\u00e7a pa\u00efsos democr\u00e0tics avan\u00e7ats s\u00f3n Estats federals, com els Estats Units d\u2019Am\u00e8rica, Alemanya, Canad\u00e0, B\u00e8lgica i Su\u00efssa. En canvi, totes les dictadures s\u00f3n estats centralistes. Espanya no \u00e9s un pa\u00eds tan descentralitzat perqu\u00e8 hi ha una recentralitzaci\u00f3 que genera m\u00e9s inefici\u00e8ncia i major inefic\u00e0cia.<\/p>\n","protected":false},"author":16,"featured_media":18291,"comment_status":"open","ping_status":"open","sticky":false,"template":"","format":"standard","meta":{"_mi_skip_tracking":false,"mc4wp_mailchimp_campaign":[],"jnews-multi-image_gallery":[],"jnews_single_post":[],"jnews_primary_category":[]},"categories":[9,10847,10816,24],"tags":[167,364,617,3954,5104,5730,6459,6727,7061,7062],"_links":{"self":[{"href":"https:\/\/www.monempresarial.com\/ca\/wp-json\/wp\/v2\/posts\/18286"}],"collection":[{"href":"https:\/\/www.monempresarial.com\/ca\/wp-json\/wp\/v2\/posts"}],"about":[{"href":"https:\/\/www.monempresarial.com\/ca\/wp-json\/wp\/v2\/types\/post"}],"author":[{"embeddable":true,"href":"https:\/\/www.monempresarial.com\/ca\/wp-json\/wp\/v2\/users\/16"}],"replies":[{"embeddable":true,"href":"https:\/\/www.monempresarial.com\/ca\/wp-json\/wp\/v2\/comments?post=18286"}],"version-history":[{"count":1,"href":"https:\/\/www.monempresarial.com\/ca\/wp-json\/wp\/v2\/posts\/18286\/revisions"}],"predecessor-version":[{"id":47865,"href":"https:\/\/www.monempresarial.com\/ca\/wp-json\/wp\/v2\/posts\/18286\/revisions\/47865"}],"wp:featuredmedia":[{"embeddable":true,"href":"https:\/\/www.monempresarial.com\/ca\/wp-json\/wp\/v2\/media\/18291"}],"wp:attachment":[{"href":"https:\/\/www.monempresarial.com\/ca\/wp-json\/wp\/v2\/media?parent=18286"}],"wp:term":[{"taxonomy":"category","embeddable":true,"href":"https:\/\/www.monempresarial.com\/ca\/wp-json\/wp\/v2\/categories?post=18286"},{"taxonomy":"post_tag","embeddable":true,"href":"https:\/\/www.monempresarial.com\/ca\/wp-json\/wp\/v2\/tags?post=18286"}],"curies":[{"name":"wp","href":"https:\/\/api.w.org\/{rel}","templated":true}]}}