{"id":18301,"date":"2018-06-25T09:00:32","date_gmt":"2018-06-25T07:00:32","guid":{"rendered":"http:\/\/monempresarial.com\/?p=18301\/"},"modified":"2025-06-06T10:24:15","modified_gmt":"2025-06-06T08:24:15","slug":"entrevista-a-victoria-ortega-presidenta-del-consell-general-de-ladvocacia-espanyola","status":"publish","type":"post","link":"https:\/\/www.monempresarial.com\/ca\/2018\/06\/25\/entrevista-a-victoria-ortega-presidenta-del-consell-general-de-ladvocacia-espanyola\/","title":{"rendered":"Entrevista a Victoria Ortega,<\/span>presidenta del Consell General de l\u2019Advocacia Espanyola"},"content":{"rendered":"<h4>A principis de 2016 va ser elegida presidenta del Consell General de l&#8217;Advocacia Espanyola, instituci\u00f3 fundada el 1943 per\u00f2 que mai abans no havia estat liderada per una dona. Ara lluita des de dins per \u201cintentar enfortir la nostra societat democr\u00e0tica i fer-la m\u00e9s igualit\u00e0ria\u201d. Aquest \u00e9s un dels molts fronts oberts amb els que brega Vict\u00f2ria Ortega, advocada que des d&#8217;abril encap\u00e7ala tamb\u00e9 la Uni\u00f3 Professional, una entitat que agrupa les professions col\u00b7legiades i que es va crear 38 anys enrere.<\/h4>\n<h4>Text: <span style=\"color: #282356;\"><a style=\"color: #282356;\" href=\"http:\/\/monempresarial.com\/es\/author\/bseijo\/\">Berta Seijo<\/a><\/span><br \/>\nFotos: <span style=\"color: #282356;\">Consell General de l\u2019Advocacia Espanyola<\/span><\/h4>\n<hr \/>\n<h2 style=\"text-align: center;\"><span style=\"color: #282356;\"><strong>\u201cEl nostre exercici professional ha d&#8217;aspirar a l&#8217;excel\u00b7l\u00e8ncia per restablir la confian\u00e7a de la ciutadania en el sistema\u201d<\/strong><\/span><\/h2>\n<p><span style=\"color: #282356;\"><strong>A principis de 2016 va ser elegida presidenta del Consell General de l&#8217;Advocacia Espanyola pels degans dels 83 col\u00b7legis d&#8217;advocats d&#8217;Espanya encarregats de prendre la decisi\u00f3. Quin balan\u00e7 fa d&#8217;aquests dos primers anys de mandat? Ja es van acomplint alguns dels seus objectius?<\/strong><\/span><br \/>\nQuan vaig ser escollida, vam elaborar un Pla Estrat\u00e8gic que recollia el que volem fer en el Consell fins el 2020. He de recon\u00e8ixer que \u00e9s un Pla molt ambici\u00f3s, per\u00f2 que ens est\u00e0 permetent de transformar i modernitzar l&#8217;estructura i els procediments d&#8217;actuaci\u00f3 del Consell. Estem enfocant les nostres pol\u00edtiques fonamentalment a intentar enfortir la nostra societat democr\u00e0tica i fer-la m\u00e9s igualit\u00e0ria. D&#8217;altra banda, el Consell General de l&#8217;Advocacia Espanyola, en l&#8217;exercici de la seva funci\u00f3 leg\u00edtima i democr\u00e0tica de representaci\u00f3, defensa dels drets dels advocats i de la dignitat de la professi\u00f3 treballa, entre moltes altres coses, perqu\u00e8 es dignifiqui el Torn d&#8217;Ofici i perqu\u00e8 s&#8217;aprovin lleis que considerem imprescindibles, com la llei del Dret de Defensa.<\/p>\n<p><span style=\"color: #282356;\"><strong>El Consell General de l&#8217;Advocacia Espanyola es va fundar el 1943, per\u00f2 vost\u00e8 \u00e9s la primera dona que el presideix. Creu que aviat deixar\u00e0 de ser una novetat que una dona ocupi un alt c\u00e0rrec?<\/strong><\/span><br \/>\nEstic segura que aix\u00ed ser\u00e0, perqu\u00e8 una societat no pot ser justa si no \u00e9s igualit\u00e0ria. No \u00e9s possible que la meitat de la poblaci\u00f3 estigui discriminada pel que fa a retribucions, repartiment de cures, representaci\u00f3 i c\u00e0rrecs, sobretot quan a moltes professions, entre altres les jur\u00eddiques, les dones s\u00f3n ja majoria. \u00c9s just, per tant, que ocupin c\u00e0rrecs en la mateixa mesura que els homes i cal treballar per eliminar les barreres i els sostres que els impedeixen accedir-hi.<\/p>\n<blockquote>\n<h2><span style=\"color: #282356;\">\u201cNo \u00e9s possible que la meitat de la poblaci\u00f3 estigui discriminada pel que fa a retribucions, repartiment de cures, representaci\u00f3 i c\u00e0rrecs, sobretot quan a moltes professions les dones s\u00f3n ja majoria.\u201d<\/span><\/h2>\n<\/blockquote>\n<p><span style=\"color: #282356;\"><strong>En la mateixa l\u00ednia, pensa que si referents com Clara Campoamor o Concepci\u00f3n Arenal poguessin veure els aven\u00e7os que s&#8217;han dut a terme fins ara a Espanya en mat\u00e8ria d&#8217;igualtat es donarien per satisfetes?<\/strong><\/span><br \/>\nEn el reconeixement dels drets de les dones han tingut un paper molt important diverses advocades i juristes. \u00c9s el cas de les dues que cita, per\u00f2 tamb\u00e9, per exemple, m\u00e9s recentment, Mar\u00eda Telo, que va aconseguir que se suprim\u00eds la &#8220;llic\u00e8ncia marital&#8221; per la qual la dona no podia fer res sense perm\u00eds del seu marit \u2013coses tan senzilles com obrir un compte al banc o treure\u2019s el carnet de conduir\u2013. D&#8217;aix\u00f2 que dic no fa tant de temps; poc m\u00e9s de 40 anys. Des de llavors, s&#8217;ha avan\u00e7at molt legalment, primer amb la Constituci\u00f3 i m\u00e9s tard amb la Llei d&#8217;Igualtat. \u00c9s clar, per\u00f2, que hi ha una gran bretxa entre la igualtat legal i la igualtat real.<\/p>\n<p><span style=\"color: #282356;\"><strong>Quines mesures estan prenent en el Consell perqu\u00e8 les dones avancin en els seus drets? Creu que hi ha voluntat pol\u00edtica per impulsar un canvi real?<\/strong><\/span><br \/>\nDes del Consell, hem creat un grup de treball, estem desenvolupant un Pla d&#8217;Igualtat, i impulsant algunes mesures per permetre la conciliaci\u00f3, entesa sempre des de la coresponsabilitat en el repartiment de tasques. \u00c9s cert que, pol\u00edticament, sembla que sempre hi ha causes m\u00e9s urgents que aconseguir la igualtat real, per\u00f2 crec que el clam social \u00e9s massa fort com per ignorar-lo. Qui ho faci, s&#8217;equivocar\u00e0.<\/p>\n<p><figure id=\"attachment_18305\" aria-describedby=\"caption-attachment-18305\" style=\"width: 735px\" class=\"wp-caption aligncenter\"><img decoding=\"async\" loading=\"lazy\" class=\" wp-image-18305\" src=\"http:\/\/monempresarial.com\/wp-content\/uploads\/2018\/05\/Victoria_Ortega_AE_A04.jpg\" alt=\"\" width=\"735\" height=\"490\" srcset=\"https:\/\/www.monempresarial.com\/wp-content\/uploads\/2018\/05\/Victoria_Ortega_AE_A04.jpg 5634w, https:\/\/www.monempresarial.com\/wp-content\/uploads\/2018\/05\/Victoria_Ortega_AE_A04-300x200.jpg 300w, https:\/\/www.monempresarial.com\/wp-content\/uploads\/2018\/05\/Victoria_Ortega_AE_A04-1024x683.jpg 1024w, https:\/\/www.monempresarial.com\/wp-content\/uploads\/2018\/05\/Victoria_Ortega_AE_A04-252x167.jpg 252w, https:\/\/www.monempresarial.com\/wp-content\/uploads\/2018\/05\/Victoria_Ortega_AE_A04-300x200@2x.jpg 600w, https:\/\/www.monempresarial.com\/wp-content\/uploads\/2018\/05\/Victoria_Ortega_AE_A04-1024x683@2x.jpg 2048w, https:\/\/www.monempresarial.com\/wp-content\/uploads\/2018\/05\/Victoria_Ortega_AE_A04-252x167@2x.jpg 504w\" sizes=\"(max-width: 735px) 100vw, 735px\" \/><figcaption id=\"caption-attachment-18305\" class=\"wp-caption-text\">Per a Ortega, &#8220;no ajuda molt al debat [sobre la independ\u00e8ncia del poder judicial] que determinats assumptes que s&#8217;haurien de resoldre en l&#8217;\u00e0mbit pol\u00edtic, es derivin als tribunals&#8221;.<\/figcaption><\/figure><span style=\"color: #282356;\"><strong>Parlant de voluntat pol\u00edtica, quina opini\u00f3 li mereix que el ministre Rafael Catal\u00e1 s&#8217;hagi comprom\u00e8s a transformar en iniciatives legislatives les 103 propostes en qu\u00e8 va concloure la Subcomissi\u00f3 de Just\u00edcia del Congr\u00e9s dels Diputats sense el suport de Units Podem ni de Ciutadans? \u00c9s aquest el millor cam\u00ed a seguir o haurien de ser capa\u00e7os d&#8217;arribar a un Pacte d&#8217;Estat per a la Reforma de la Just\u00edcia?<\/strong><\/span><br \/>\nJa en la meva presa de possessi\u00f3 em vaig oferir a treballar per liderar aquest Pacte d&#8217;Estat i, poc temps despr\u00e9s, vam presentar propostes per a aix\u00f2. Tots els actors jur\u00eddics estem d&#8217;acord en el diagn\u00f2stic: falten mitjans, modernitzaci\u00f3, proximitat, etc. per\u00f2 ara cal posar en marxa les mesures necess\u00e0ries per aconseguir all\u00f2 en el que tots coincidim. \u00c9s lamentable que no s&#8217;hagi assolit el Pacte d&#8217;Estat, per\u00f2 tampoc podem deixar les coses com estan. Si s&#8217;han fet aquestes 103 propostes amb un m\u00ednim suport, benvingudes siguin. El que cal \u00e9s que es posin en marxa ja, que s&#8217;assignin les corresponents partides pressupost\u00e0ries i que no es quedin en paper mullat com moltes altres coses.<\/p>\n<p><span style=\"color: #282356;\"><strong>Que les forces pol\u00edtiques finalment no hagin pogut pactar un document final de consens minva encara m\u00e9s la confian\u00e7a dels espanyols en el sistema judicial? I qu\u00e8 em diu del col\u00b7lectiu al qual representa: senten que les seves peticions per &#8220;comen\u00e7ar a conferir una just\u00edcia millor, m\u00e9s efica\u00e7, propera, moderna i transparent&#8221; s\u00f3n tingudes en compte?<\/strong><\/span><br \/>\nLa just\u00edcia \u00e9s l&#8217;\u00faltim recurs per a moltes persones que han vist vulnerats els seus drets. La ciutadania confia en el sistema judicial i per aix\u00f2 recorre a ell. Per aix\u00f2 \u00e9s dif\u00edcil d&#8217;entendre que els representants pol\u00edtics, per sobre de sigles o interessos particulars, no siguin capa\u00e7os de posar-se d&#8217;acord per a pal\u00b7liar defici\u00e8ncies o arreglar problemes que ens afecten a tots. Aquesta falta de consens per millorar la vida de la gent \u00e9s el que porta a la ciutadania a perdre la confian\u00e7a no en el sistema judicial, sin\u00f3 en els pol\u00edtics. L&#8217;Advocacia est\u00e0 obligada a contribuir a modernitzar el nostre sistema de just\u00edcia, a fer-lo m\u00e9s proper, m\u00e9s eficient. Hem fet un gran esfor\u00e7, inversor i formatiu, en aspectes com la digitalitzaci\u00f3, i des del Consell General treballem per defensar els drets dels advocats i la dignitat de la professi\u00f3.<\/p>\n<blockquote>\n<h2><span style=\"color: #282356;\">\u201c\u00c9s lamentable que no s&#8217;hagi assolit el Pacte d&#8217;Estat [per a la Reforma de la Just\u00edcia], per\u00f2 tampoc no podem deixar les coses com estan. Si s&#8217;han fet aquestes 103 propostes amb un m\u00ednim suport, benvingudes siguin.\u201d <\/span><\/h2>\n<\/blockquote>\n<p><span style=\"color: #282356;\"><strong><img decoding=\"async\" loading=\"lazy\" class=\" wp-image-18304 alignright\" src=\"http:\/\/monempresarial.com\/wp-content\/uploads\/2018\/05\/Victoria_Ortega_AE_A03.jpg\" alt=\"\" width=\"308\" height=\"462\" srcset=\"https:\/\/www.monempresarial.com\/wp-content\/uploads\/2018\/05\/Victoria_Ortega_AE_A03.jpg 3442w, https:\/\/www.monempresarial.com\/wp-content\/uploads\/2018\/05\/Victoria_Ortega_AE_A03-200x300.jpg 200w, https:\/\/www.monempresarial.com\/wp-content\/uploads\/2018\/05\/Victoria_Ortega_AE_A03-683x1024.jpg 683w, https:\/\/www.monempresarial.com\/wp-content\/uploads\/2018\/05\/Victoria_Ortega_AE_A03-200x300@2x.jpg 400w, https:\/\/www.monempresarial.com\/wp-content\/uploads\/2018\/05\/Victoria_Ortega_AE_A03-683x1024@2x.jpg 1366w\" sizes=\"(max-width: 308px) 100vw, 308px\" \/>Sobretot en els \u00faltims temps (amb l&#8217;arrencada de diversos judicis per corrupci\u00f3 o l&#8217;ingr\u00e9s a la pres\u00f3 d&#8217;alguns dels l\u00edders del proc\u00e9s) la independ\u00e8ncia del poder judicial a Espanya es troba constantment q\u00fcestionada en el debat p\u00fablic. Ara b\u00e9: s\u00f3n compatibles les cr\u00edtiques i la pressi\u00f3 social amb el lliure exercici de la seva professi\u00f3?<\/strong><\/span><br \/>\nLa independ\u00e8ncia del poder judicial, si m&#8217;ho permet, \u00e9s un cl\u00e0ssic quan es parla de just\u00edcia. Com vost\u00e8 assenyala, el que transcendeix s\u00f3n els casos medi\u00e0tics, per\u00f2 a Espanya es dicten di\u00e0riament centenars de resolucions judicials en els jutjats de primera inst\u00e0ncia o en el TSJ i ning\u00fa dubta que els jutges i jutgesses hagin resolt amb total independ\u00e8ncia i rigor t\u00e8cnic. No ajuda molt al debat que determinats assumptes que s&#8217;haurien de resoldre en l&#8217;\u00e0mbit pol\u00edtic, es derivin als tribunals.<br \/>\nL&#8217;Advocacia tampoc no est\u00e0 exempta de cr\u00edtiques i els seus professionals pateixen tamb\u00e9 la pressi\u00f3 social. Ho hem vist recentment amb algun cas de delictes terribles en qu\u00e8 s&#8217;ha injuriat, sobretot a les xarxes socials, a qui exerceix la defensa del presumpte autor. Cal subratllar que els advocats no defensen innocents o culpables, sin\u00f3 persones investigades o acusades. El dret de defensa \u00e9s garantia d&#8217;un judici just i nom\u00e9s amb un judici just el c\u00e0stig \u00e9s leg\u00edtim. Els advocats i advocades exerceixen la defensa amb independ\u00e8ncia de la condici\u00f3 del defensat, dels seus actes i de les raons que l&#8217;acompanyin. Exactament igual que un professional de la medicina at\u00e9n un malalt, perqu\u00e8 la seva obligaci\u00f3 \u00e9s curar-lo, sigui quina sigui la seva condici\u00f3 o les conductes que li han causat la malaltia.<\/p>\n<p><span style=\"color: #282356;\"><strong>Considerant tant les mancances com les fortaleses de l&#8217;Administraci\u00f3 de Just\u00edcia a casa nostra, quin tipus de preparaci\u00f3, habilitats i capacitats requereix l&#8217;advocat actual? I quins nous reptes \u00e9s possible que hagi d\u2019afrontar a curt termini?<\/strong><\/span><br \/>\nEl nostre exercici professional ha d&#8217;aspirar a l&#8217;excel\u00b7l\u00e8ncia, precisament per restablir la confian\u00e7a de la ciutadania en el sistema. Un bon professional ha de tenir la millor i constant formaci\u00f3, perqu\u00e8 mai s&#8217;acaba d&#8217;aprendre; respectar de manera estricta el codi deontol\u00f2gic i comprometre\u2019s amb la defensa dels drets de totes les persones, especialment de les m\u00e9s vulnerables. \u00c9s evident que la situaci\u00f3 del mercat porta a que hi hagi una tremenda compet\u00e8ncia en la qual sobreviuen els que millor responen a les necessitats dels clients. No es tracta d&#8217;oferir serveis a baix preu, sin\u00f3 d&#8217;oferir el millor a un preu competitiu. D&#8217;altra banda, la globalitzaci\u00f3 o els aven\u00e7os t\u00e8cnics i cient\u00edfics fan que els advocats i advocades hagin d\u2019incorporar a la seva formaci\u00f3 l&#8217;\u00fas de les noves tecnologies o t\u00e8cniques de publicitat i m\u00e0rqueting, per\u00f2 respectant sempre els nostres pilars b\u00e0sics: la deontologia i el comprom\u00eds social.<\/p>\n<p><img decoding=\"async\" loading=\"lazy\" class=\"aligncenter size-full wp-image-18303\" src=\"http:\/\/monempresarial.com\/wp-content\/uploads\/2018\/05\/consejo-cat.jpg\" alt=\"\" width=\"1025\" height=\"515\" srcset=\"https:\/\/www.monempresarial.com\/wp-content\/uploads\/2018\/05\/consejo-cat.jpg 1025w, https:\/\/www.monempresarial.com\/wp-content\/uploads\/2018\/05\/consejo-cat-300x151.jpg 300w, https:\/\/www.monempresarial.com\/wp-content\/uploads\/2018\/05\/consejo-cat-1024x514.jpg 1024w, https:\/\/www.monempresarial.com\/wp-content\/uploads\/2018\/05\/consejo-cat-300x151@2x.jpg 600w\" sizes=\"(max-width: 1025px) 100vw, 1025px\" \/><\/p>\n","protected":false},"excerpt":{"rendered":"<p>A principis de 2016 va ser elegida presidenta del Consell General de l&#8217;Advocacia Espanyola, instituci\u00f3 fundada el 1943 per\u00f2 que mai abans no havia estat liderada per una dona. Ara lluita des de dins per \u201cintentar enfortir la nostra societat democr\u00e0tica i fer-la m\u00e9s igualit\u00e0ria\u201d. Aquest \u00e9s un dels molts fronts oberts amb els que brega Vict\u00f2ria Ortega, advocada que des d&#8217;abril encap\u00e7ala tamb\u00e9 la Uni\u00f3 Professional, una entitat que agrupa les professions col\u00b7legiades i que es va crear 38 anys enrere.<\/p>\n","protected":false},"author":1,"featured_media":18306,"comment_status":"open","ping_status":"open","sticky":false,"template":"","format":"standard","meta":{"_mi_skip_tracking":false,"mc4wp_mailchimp_campaign":[],"jnews-multi-image_gallery":[],"jnews_single_post":[],"jnews_primary_category":[]},"categories":[9,10820,10821,22,10825],"tags":[669,5885,6035,6043,7066,7067,7068],"_links":{"self":[{"href":"https:\/\/www.monempresarial.com\/ca\/wp-json\/wp\/v2\/posts\/18301"}],"collection":[{"href":"https:\/\/www.monempresarial.com\/ca\/wp-json\/wp\/v2\/posts"}],"about":[{"href":"https:\/\/www.monempresarial.com\/ca\/wp-json\/wp\/v2\/types\/post"}],"author":[{"embeddable":true,"href":"https:\/\/www.monempresarial.com\/ca\/wp-json\/wp\/v2\/users\/1"}],"replies":[{"embeddable":true,"href":"https:\/\/www.monempresarial.com\/ca\/wp-json\/wp\/v2\/comments?post=18301"}],"version-history":[{"count":2,"href":"https:\/\/www.monempresarial.com\/ca\/wp-json\/wp\/v2\/posts\/18301\/revisions"}],"predecessor-version":[{"id":46197,"href":"https:\/\/www.monempresarial.com\/ca\/wp-json\/wp\/v2\/posts\/18301\/revisions\/46197"}],"wp:featuredmedia":[{"embeddable":true,"href":"https:\/\/www.monempresarial.com\/ca\/wp-json\/wp\/v2\/media\/18306"}],"wp:attachment":[{"href":"https:\/\/www.monempresarial.com\/ca\/wp-json\/wp\/v2\/media?parent=18301"}],"wp:term":[{"taxonomy":"category","embeddable":true,"href":"https:\/\/www.monempresarial.com\/ca\/wp-json\/wp\/v2\/categories?post=18301"},{"taxonomy":"post_tag","embeddable":true,"href":"https:\/\/www.monempresarial.com\/ca\/wp-json\/wp\/v2\/tags?post=18301"}],"curies":[{"name":"wp","href":"https:\/\/api.w.org\/{rel}","templated":true}]}}