{"id":18312,"date":"2018-06-25T11:43:41","date_gmt":"2018-06-25T09:43:41","guid":{"rendered":"http:\/\/monempresarial.com\/?p=18312\/"},"modified":"2025-09-25T08:49:04","modified_gmt":"2025-09-25T06:49:04","slug":"nou-escenari-guerra-nomes-comercial","status":"publish","type":"post","link":"https:\/\/www.monempresarial.com\/ca\/2018\/06\/25\/nou-escenari-guerra-nomes-comercial\/","title":{"rendered":"Nou escenari de guerra&#8230;<\/span> Nom\u00e9s comercial?"},"content":{"rendered":"<h4><img decoding=\"async\" loading=\"lazy\" class=\"alignright wp-image-8620\" src=\"http:\/\/monempresarial.com\/wp-content\/uploads\/2016\/01\/mon-empresarial-005-joan-tugores.png\" alt=\"mon-empresarial-005-joan-tugores\" width=\"226\" height=\"215\" \/>Les mesures proteccionistes iniciades pels Estats Units a principis de 2018 estan portant, com en d\u2019altres moments de la Hist\u00f2ria, a una escalada delicada i perillosa amb impactes que van molt m\u00e9s enll\u00e0 dels vessants estrictament comercials o econ\u00f2mics.<\/h4>\n<h4><span style=\"color: #829c92; text-transform: uppercase;\">Joan Tugores Ques. <\/span>Catedr\u00e0tic d&#8217;Economia de la UB.<\/h4>\n<hr style=\"color: #b72126;\" \/>\n<p>El gener del 2018, l<em>\u2019Informe de Riscos Globals<\/em> del World Economic Forum titulava un dels ep\u00edgrafs del document \u201cLa mort del comer\u00e7\u201d, referint-se, de forma provocativa, als riscos d\u2019una escalada proteccionista fins llavors nom\u00e9s apuntada per l\u2019administraci\u00f3 Trump, per\u00f2, des de llavors, molt m\u00e9s seriosament implementada. Naturalment, com ens ensenya la Hist\u00f2ria, una iniciativa d\u2019aquesta envergadura est\u00e0 destinada a ser r\u00e0pidament resposta amb mesures semblants, iniciant una escalada de repres\u00e0lies que, quan donen pas a una <em>guerra comercial<\/em>, se sap com comencen, per\u00f2 no com acaben. Encara que el titular <em>Death of Trade<\/em> pugui semblar \u2013almenys, per ara\u2013 exagerat, les dades i l\u2019experi\u00e8ncia dels anys 1930 ens mostra com el col\u00b7lapse dels intercanvis comercials pot ser realment dr\u00e0stic si la din\u00e0mica escapa de control. I, segons alguns plantejaments, la guerra comercial va ser un dels factors que va coadjuvar, como a m\u00ednim, en el conflicte militar de la Segona Guerra Mundial. Aquest abril, la directora de l\u2019FMI recordava com, despr\u00e9s d\u2019aquesta, el sistema multilateral de comer\u00e7 va ajudar a redre\u00e7ar la situaci\u00f3, per\u00f2 que, ara, \u201cel sistema de normes i responsabilitats compartides t\u00e9 el perill de ser destru\u00eft\u201d per la revifada del proteccionisme. I el director de l\u2019Organitzaci\u00f3 Mundial de Comer\u00e7, durant la presentaci\u00f3 de les perspectives pel 2018, afegia que \u201cun cicle de repres\u00e0lies (comercials) \u00e9s la darrera cosa que necessita l\u2019economia mundial\u201d.<\/p>\n<blockquote>\n<h2><span style=\"color: #829c92;\">Encara que el titular <em>Death of Trade<\/em> pugui semblar \u2013almenys, per ara\u2013 exagerat, les dades i l\u2019experi\u00e8ncia dels anys 1930 ens mostra com el col\u00b7lapse dels intercanvis comercials pot ser realment dr\u00e0stic si la din\u00e0mica escapa de control<\/span><\/h2>\n<\/blockquote>\n<p>Naturalment, el proteccionisme no l\u2019ha inventat Trump. De fet, al llarg de la Hist\u00f2ria, el lliure comer\u00e7 ha estat m\u00e9s aviat l\u2019excepci\u00f3. De fet, quan despr\u00e9s de la guerra es va decidir, a la confer\u00e8ncia de Bretton Woods (1944), establir un ordre econ\u00f2mic internacional amb institucions multilaterals que articulessin una coordinaci\u00f3 internacional que evit\u00e9s tornar a la desastrosa experi\u00e8ncia de les d\u00e8cades anteriors, es va preveure una International Trade Organization \u2013 com a membre d\u2019una tr\u00edada, juntament amb el Fons Monetari Internacional i el Banc Mundial \u2013 que no va poder comen\u00e7ar a funcionar com a instituci\u00f3 internacional de ple dret i va haver de ser substitu\u00efda per un m\u00e9s modest <em>Acord General sobre Aranzels i Comer\u00e7<\/em> (GATT, en les sigles angleses) que, malgrat tot, va fer una bona feina, durant d\u00e8cades, per anar avan\u00e7ant en un lenta i gradual liberalitzaci\u00f3 comercial. La <em>pax Americana<\/em> requeria, tamb\u00e9, pau comercial. Nom\u00e9s a partir del 1995 va ser possible posar en funcionament una Organitzaci\u00f3 Mundial de Comer\u00e7 (WTO) com una instituci\u00f3 internacional plena, amb mig segle de retard respecte de l\u2019FMI, s\u00edmptoma que els temes comercials s\u00f3n especialment delicats en l\u2019\u00e0mbit internacional, per la quantitat d\u2019interessos concrets afectats.<\/p>\n<p><span style=\"color: #829c92;\"><strong>La temptaci\u00f3 del proteccionisme<\/strong><\/span><br \/>\nUna altra regularitat hist\u00f2rica \u00e9s que, en moments de dificultats com ara les recessions i crisis, les temptacions proteccionistes s\u2019accentuen. Aix\u00f2 \u00e9s tan conegut que, el 2008, el G20 va assumir en les seves declaracions formals que calia evitar tornar a caure en aquesta perillosa deriva. Per\u00f2, malgrat els compromisos, no es va poder evitar l\u2019anomenat \u201cproteccionisme de baixa intensitat\u201d \u2013o <em>murky protectionism<\/em>\u2013 en forma d\u2019una pl\u00e8iade de mesures, sovint <em>camuflades<\/em> d\u2019eines per a contribuir a la recuperaci\u00f3 econ\u00f2mica, que, a la pr\u00e0ctica, restablien discriminacions entre productes nacionals i estrangers. Iniciatives com Global Trade Alert han documentat de forma for\u00e7a exhaustiva l\u2019ampli llistat d\u2019aquest tipus de proteccionisme.<\/p>\n<p><img decoding=\"async\" loading=\"lazy\" class=\"aligncenter size-full wp-image-18315\" src=\"http:\/\/monempresarial.com\/wp-content\/uploads\/2018\/05\/tribuna-cat.jpg\" alt=\"\" width=\"797\" height=\"738\" srcset=\"https:\/\/www.monempresarial.com\/wp-content\/uploads\/2018\/05\/tribuna-cat.jpg 797w, https:\/\/www.monempresarial.com\/wp-content\/uploads\/2018\/05\/tribuna-cat-300x278.jpg 300w, https:\/\/www.monempresarial.com\/wp-content\/uploads\/2018\/05\/tribuna-cat-300x278@2x.jpg 600w\" sizes=\"(max-width: 797px) 100vw, 797px\" \/><\/p>\n<p>Ara es tracta d\u2019un salt qualitatiu endavant. De manera oberta, fins i tot crua, es presenten les mesures proteccionistes amb els formats m\u00e9s directes, com els aranzels, que havien estat revisats a la baixa durant d\u00e8cades. I \u2013el que \u00e9s, com a m\u00ednim, tan delicat i, potencialment, m\u00e9s perill\u00f3s\u2013 es fa mitjan\u00e7ant plantejaments unilaterals, fora dels mecanismes multilaterals laboriosament establerts durant d\u00e8cades. Si ja s\u2019ha fet refer\u00e8ncia a la \u201cmort del comer\u00e7\u201d, ara es fan refer\u00e8ncies a la mort de l\u2019ordre mundial liberal. Un analista tan de l\u2019<em>establishment<\/em> com Richard Haas, president del Consell de Relacions Exteriors dels Estats Units, parla del RIP de les regles del joc que han dominat l\u2019escena internacional des de la Segona Guerra Mundial. Flirtejant, de nou, amb la terminologia b\u00e8l\u00b7lica, no falten, tampoc, les refer\u00e8ncies a com una escalada de conflicte comercial entre els Estats Units i la Xina podria interpretar-se com una nova fase de les friccions que al llarg de la Hist\u00f2ria s\u2019han produ\u00eft entre una pot\u00e8ncia hegem\u00f2nica i una altra que aspirava a rellevar-la en aquesta posici\u00f3. D\u2019altres destacats analistes apunten, tamb\u00e9, que els temes de fons sota una eventual <em>guerra comercial<\/em> van m\u00e9s enll\u00e0: Martin Feldstein, influent expresident del Consell d\u2019Assessors Econ\u00f2mics de la Presid\u00e8ncia dels Estats Units, indica el paper central de garantir la propietat intel\u00b7lectual i el control de les innovacions, mentre que el premi Nobel Joseph Stiglitz apunta m\u00e9s espec\u00edficament a la lluita pel control de les tecnologies d\u2019intel\u00b7lig\u00e8ncia artificial, centrals en el futur lideratge econ\u00f2mic i pol\u00edtic.<\/p>\n<blockquote>\n<h2><span style=\"color: #829c92;\">De manera oberta, fins i tot crua, es presenten les mesures proteccionistes amb els formats m\u00e9s directes, com els aranzels, que havien estat revisats a la baixa durant d\u00e8cades<\/span><\/h2>\n<\/blockquote>\n<p><strong><span style=\"color: #829c92;\"><a href=\"http:\/\/monempresarial.com\/wp-content\/uploads\/2018\/05\/tribuna-cat-2.jpg\"><img decoding=\"async\" loading=\"lazy\" class=\"alignright wp-image-18314 size-full\" src=\"http:\/\/monempresarial.com\/wp-content\/uploads\/2018\/05\/tribuna-cat-2.jpg\" alt=\"\" width=\"439\" height=\"808\" srcset=\"https:\/\/www.monempresarial.com\/wp-content\/uploads\/2018\/05\/tribuna-cat-2.jpg 439w, https:\/\/www.monempresarial.com\/wp-content\/uploads\/2018\/05\/tribuna-cat-2-163x300.jpg 163w, https:\/\/www.monempresarial.com\/wp-content\/uploads\/2018\/05\/tribuna-cat-2-163x300@2x.jpg 326w\" sizes=\"(max-width: 439px) 100vw, 439px\" \/><\/a>\u00c9s tot, ara, realment diferent?<\/span><\/strong><br \/>\nIntentant modular els temors pels efectes d\u2019una escalada proteccionista, algunes veus insisteixen que la situaci\u00f3 de l\u2019economia mundial, a finals de la segona d\u00e8cada del segle XXI, \u00e9s molt diferent de l\u2019existent en \u00e8poques anteriors en aspectes que fan m\u00e9s dif\u00edcil que les coses arribin tan lluny. S\u2019argumenta que les cadenes globals de valor estableixen moltes m\u00e9s interdepend\u00e8ncies entre els pa\u00efsos, de manera que penalitzar, per exemple, les importacions xineses que arriben als Estats Units podria acabar essent especialment negatiu per a empreses d\u2019aquest pa\u00eds que lideren xarxes de producci\u00f3 amb pres\u00e8ncia a la Xina. O tamb\u00e9 es diu que, en l\u2019actualitat, les globalitzacions comercial o financera s\u00f3n importants, per descomptat, per\u00f2 que la dimensi\u00f3 global dels fluxos de coneixement, les informacions, les idees, fins i tot les modes, s\u00f3n vessants tamb\u00e9 cabdals del que anomenem globalitzaci\u00f3. S\u00f3n arguments interessants que cal tenir en compte, per\u00f2 no \u00e9s segur que siguin definitius. D\u2019una banda, pel pes creixent dels components regionals a les cadenes globals de valor, que fa que es parli, per exemple, de la factoria \u00c0sia. D\u2019altra banda, perqu\u00e8 la conjunci\u00f3 de mesures restrictives del comer\u00e7 es produeix, i, amb tota probabilitat, no \u00e9s simple coincid\u00e8ncia, amb l\u2019ascens de plantejaments de tipus autoritari, amb ret\u00f2riques de fervor maniqueu de contraposici\u00f3 entre \u201cels nostres\u201d i \u201cels altres\u201d. Alguns pa\u00efsos ja fan servir, o n\u2019apunten, mesures de censura fins i tot a Internet, a banda d\u2019operacions de manipulacions o <em>ciberatacs<\/em> que mostren dimensions de les xarxes d\u2019informaci\u00f3 i comunicacions globals que, fins ara, semblaven un costat fosc que estaria deixant de ser marginal.<br \/>\nParafrasejant un aforisme cl\u00e0ssic del cinisme de la <em>realpolitik<\/em>, alguns dirien que la guerra \u00e9s la continuaci\u00f3 de les pugnes comercials per d\u2019altres vies. Un altre plantejament m\u00e9s constructiu \u00e9s que, naturalment, m\u00e9s val competir comercialment que no pas fer-ho per la via b\u00e8l\u00b7lica. Per a competir en \u00e0mbits econ\u00f2mics calen unes m\u00ednimes regles compartides com les que hem tingut les darrers d\u00e8cades. Seria realment un retroc\u00e9s d\u2019abast hist\u00f2ric enfonsar les regles i institucions i retornar a uns conflictes, inicialment comercials, que esdevinguessin, de nou, l\u2019antesala de pitjors escenaris. Per qu\u00e8 ens costa tant, a la Humanitat, d\u2019aprendre les m\u00e9s evidents i cabdals lli\u00e7ons de la Hist\u00f2ria?<\/p>\n<blockquote>\n<h2><span style=\"color: #829c92;\">Parafrasejant un aforisme cl\u00e0ssic del cinisme de la <em>realpolitik,<\/em> alguns dirien que la guerra \u00e9s la continuaci\u00f3 de les pugnes comercials per d\u2019altres vies. Un altre plantejament m\u00e9s constructiu \u00e9s que, naturalment, m\u00e9s val competir comercialment que no pas fer-ho per la via b\u00e8l\u00b7lica<\/span><\/h2>\n<\/blockquote>\n","protected":false},"excerpt":{"rendered":"<p>Les mesures proteccionistes iniciades pels Estats Units a principis de 2018 estan portant, com en d\u2019altres moments de la Hist\u00f2ria, a una escalada delicada i perillosa amb impactes que van molt m\u00e9s enll\u00e0 dels vessants estrictament comercials o econ\u00f2mics.<\/p>\n","protected":false},"author":8,"featured_media":18313,"comment_status":"open","ping_status":"open","sticky":false,"template":"","format":"standard","meta":{"_mi_skip_tracking":false,"mc4wp_mailchimp_campaign":[],"jnews-multi-image_gallery":[],"jnews_single_post":[],"jnews_primary_category":[]},"categories":[9,10839,10840,10815,18],"tags":[113,141,1012,1380,7077,7078],"_links":{"self":[{"href":"https:\/\/www.monempresarial.com\/ca\/wp-json\/wp\/v2\/posts\/18312"}],"collection":[{"href":"https:\/\/www.monempresarial.com\/ca\/wp-json\/wp\/v2\/posts"}],"about":[{"href":"https:\/\/www.monempresarial.com\/ca\/wp-json\/wp\/v2\/types\/post"}],"author":[{"embeddable":true,"href":"https:\/\/www.monempresarial.com\/ca\/wp-json\/wp\/v2\/users\/8"}],"replies":[{"embeddable":true,"href":"https:\/\/www.monempresarial.com\/ca\/wp-json\/wp\/v2\/comments?post=18312"}],"version-history":[{"count":1,"href":"https:\/\/www.monempresarial.com\/ca\/wp-json\/wp\/v2\/posts\/18312\/revisions"}],"predecessor-version":[{"id":47864,"href":"https:\/\/www.monempresarial.com\/ca\/wp-json\/wp\/v2\/posts\/18312\/revisions\/47864"}],"wp:featuredmedia":[{"embeddable":true,"href":"https:\/\/www.monempresarial.com\/ca\/wp-json\/wp\/v2\/media\/18313"}],"wp:attachment":[{"href":"https:\/\/www.monempresarial.com\/ca\/wp-json\/wp\/v2\/media?parent=18312"}],"wp:term":[{"taxonomy":"category","embeddable":true,"href":"https:\/\/www.monempresarial.com\/ca\/wp-json\/wp\/v2\/categories?post=18312"},{"taxonomy":"post_tag","embeddable":true,"href":"https:\/\/www.monempresarial.com\/ca\/wp-json\/wp\/v2\/tags?post=18312"}],"curies":[{"name":"wp","href":"https:\/\/api.w.org\/{rel}","templated":true}]}}