{"id":18335,"date":"2018-06-29T09:00:56","date_gmt":"2018-06-29T07:00:56","guid":{"rendered":"http:\/\/monempresarial.com\/?p=18335\/"},"modified":"2025-09-25T08:46:18","modified_gmt":"2025-09-25T06:46:18","slug":"el-concepte-economic-el-capital-huma","status":"publish","type":"post","link":"https:\/\/www.monempresarial.com\/ca\/2018\/06\/29\/el-concepte-economic-el-capital-huma\/","title":{"rendered":"El concepte econ\u00f2mic:<\/span> El capital hum\u00e0"},"content":{"rendered":"<h4><img decoding=\"async\" loading=\"lazy\" class=\" wp-image-18337 alignright\" src=\"http:\/\/monempresarial.com\/wp-content\/uploads\/2018\/05\/Neus-3.jpg\" alt=\"\" width=\"174\" height=\"261\" srcset=\"https:\/\/www.monempresarial.com\/wp-content\/uploads\/2018\/05\/Neus-3.jpg 1632w, https:\/\/www.monempresarial.com\/wp-content\/uploads\/2018\/05\/Neus-3-200x300.jpg 200w, https:\/\/www.monempresarial.com\/wp-content\/uploads\/2018\/05\/Neus-3-682x1024.jpg 682w, https:\/\/www.monempresarial.com\/wp-content\/uploads\/2018\/05\/Neus-3-200x300@2x.jpg 400w, https:\/\/www.monempresarial.com\/wp-content\/uploads\/2018\/05\/Neus-3-682x1024@2x.jpg 1364w\" sizes=\"(max-width: 174px) 100vw, 174px\" \/>\u201cCapital hum\u00e0\u201d \u00e9s un terme usat en algunes teories econ\u00f2miques del creixement per a designar un hipot\u00e8tic factor de producci\u00f3 que serien les persones que intervenen en els processos productius.<\/h4>\n<h4>Text: <span style=\"color: #602d11;\">Neus Pons.<\/span> Coordinadora de Formaci\u00f3 Cont\u00ednua Seus Barcelona i Granollers UVic-UCC.<\/h4>\n<hr \/>\n<p>Per a comprendre millor els or\u00edgens d&#8217;aquest concepte cal traslladar-se al segle XVIII, quan alguns experts en economia, sobretot Adam Smith (<em>La Riquesa de les Nacions<\/em>, 1776), van plantejar que s\u2019havien d&#8217;estudiar altres factors de producci\u00f3 m\u00e9s enll\u00e0 dels purament t\u00e8cnics . S&#8217;introdu\u00efa aix\u00ed el &#8220;factor hum\u00e0&#8221; en l&#8217;\u00e0mbit de la producci\u00f3, i es posava de manifest que les qualitats, coneixements i habilitats adquirits pels treballadors influ\u00efen en l&#8217;activitat econ\u00f2mica. Acceptar aquesta influ\u00e8ncia obria tot un camp d&#8217;investigaci\u00f3, ja que les persones passaven a ser un element valu\u00f3s i diferenciador d&#8217;una empresa, i, com m\u00e9s ben capacitades estiguessin, millors serien els resultats.<\/p>\n<p>No obstant aix\u00f2, ni Adam Smith ni altres aportacions d&#8217;importants cl\u00e0ssics van arribar mai a sistematitzar el concepte de capital hum\u00e0, i va caldre esperar Gary S. Becker, deixeble de Milton Friedman a la Universitat de Chicago, per establir les bases d&#8217;aquesta teoria.<\/p>\n<p>El 1964, Becker va publicar el llibre <em>El Capital Humano<\/em>. El seu model es basa en el fet que invertir en capital hum\u00e0 \u00e9s una decisi\u00f3 que implica diversos per\u00edodes: uns inicials, en els quals es realitza la &#8220;despesa&#8221; de la &#8220;inversi\u00f3&#8221;, i uns posteriors, en qu\u00e8 es recullen els &#8220;beneficis &#8220;. Aix\u00ed, en el cas de l&#8217;empresa, es contraposen els costos de la formaci\u00f3 amb la major productivitat futura del treball. A partir d&#8217;aqu\u00ed, b\u00e0sicament estudia difer\u00e8ncies entre tipus d&#8217;entrenament (generals i espec\u00edfics); la taxa interna de rendibilitat de la inversi\u00f3 en capital hum\u00e0, i la presa de decisions de les fam\u00edlies.<\/p>\n<p>Becker va obtenir el Premi Nobel d&#8217;Economia l&#8217;any 1992 per les seves investigacions sobre el comportament hum\u00e0. La capacitat explicativa dels seus models va permetre que, a partir d&#8217;ell, la noci\u00f3 de capital hum\u00e0 pass\u00e9s de ser un concepte, que servia per a explicar determinats fen\u00f2mens econ\u00f2mics, a convertir-se en un camp de recerca b\u00e0sic en l&#8217;Economia de l&#8217;Educaci\u00f3.<\/p>\n<blockquote>\n<h2><span style=\"color: #602d11;\">En l&#8217;era del coneixement, de la tecnologia, de la intel\u00b7lig\u00e8ncia artificial, s\u00f3n les persones les que poden liderar, generar innovaci\u00f3 i, aix\u00ed, aportar valor i diferenciar unes organitzacions d&#8217;altres.<\/span><\/h2>\n<\/blockquote>\n","protected":false},"excerpt":{"rendered":"<p>\u201cCapital hum\u00e0\u201d \u00e9s un terme usat en algunes teories econ\u00f2miques del creixement per a designar un hipot\u00e8tic factor de producci\u00f3 que serien les persones que intervenen en els processos productius.<\/p>\n","protected":false},"author":1,"featured_media":18336,"comment_status":"open","ping_status":"open","sticky":false,"template":"","format":"standard","meta":{"_mi_skip_tracking":false,"mc4wp_mailchimp_campaign":[],"jnews-multi-image_gallery":[],"jnews_single_post":[],"jnews_primary_category":[]},"categories":[9],"tags":[468,3073,5710,5881,7086,7087,7088,7089],"_links":{"self":[{"href":"https:\/\/www.monempresarial.com\/ca\/wp-json\/wp\/v2\/posts\/18335"}],"collection":[{"href":"https:\/\/www.monempresarial.com\/ca\/wp-json\/wp\/v2\/posts"}],"about":[{"href":"https:\/\/www.monempresarial.com\/ca\/wp-json\/wp\/v2\/types\/post"}],"author":[{"embeddable":true,"href":"https:\/\/www.monempresarial.com\/ca\/wp-json\/wp\/v2\/users\/1"}],"replies":[{"embeddable":true,"href":"https:\/\/www.monempresarial.com\/ca\/wp-json\/wp\/v2\/comments?post=18335"}],"version-history":[{"count":1,"href":"https:\/\/www.monempresarial.com\/ca\/wp-json\/wp\/v2\/posts\/18335\/revisions"}],"predecessor-version":[{"id":47852,"href":"https:\/\/www.monempresarial.com\/ca\/wp-json\/wp\/v2\/posts\/18335\/revisions\/47852"}],"wp:featuredmedia":[{"embeddable":true,"href":"https:\/\/www.monempresarial.com\/ca\/wp-json\/wp\/v2\/media\/18336"}],"wp:attachment":[{"href":"https:\/\/www.monempresarial.com\/ca\/wp-json\/wp\/v2\/media?parent=18335"}],"wp:term":[{"taxonomy":"category","embeddable":true,"href":"https:\/\/www.monempresarial.com\/ca\/wp-json\/wp\/v2\/categories?post=18335"},{"taxonomy":"post_tag","embeddable":true,"href":"https:\/\/www.monempresarial.com\/ca\/wp-json\/wp\/v2\/tags?post=18335"}],"curies":[{"name":"wp","href":"https:\/\/api.w.org\/{rel}","templated":true}]}}