{"id":1841,"date":"2015-01-23T08:00:03","date_gmt":"2015-01-23T07:00:03","guid":{"rendered":"http:\/\/monempresarial.com\/?p=1841"},"modified":"2015-01-22T20:27:58","modified_gmt":"2015-01-22T19:27:58","slug":"encaix-catalunya-mon","status":"publish","type":"post","link":"https:\/\/www.monempresarial.com\/ca\/2015\/01\/23\/encaix-catalunya-mon\/","title":{"rendered":"L\u2019encaix de Catalunya al m\u00f3n&#8230; i ara qu\u00e8?"},"content":{"rendered":"<h2><a style=\"color: #b11016;\">Empresa i societat:<\/a> reptes de futur<\/h2>\n<h5>Amb una poblaci\u00f3 oficial de 7.518.903 habitants, una taxa d\u2019atur del 19,10%, una variaci\u00f3 interanual de l\u20191,5% del PIB i del -0,1% de l\u2019IPC (dades del tercer trimestre de 2014, segons l\u2019Idescat), Catalunya enceta un 2015 ple d\u2019interrogants sobre quin ha de ser el seu lloc a Espanya i a Europa i com haur\u00e0 d\u2019assolir-lo. 100 experts opinen respecte a aix\u00f2.<\/h5>\n<p>Coordinaci\u00f3: <a style=\"color: #b11016;\">Emma Bouisset<\/a><\/p>\n<p>El 29 de setembre passat, el Govern de la Generalitat va presentar el <em>Llibre blanc de la Transici\u00f3 Nacional de Catalunya<\/em>, un recull dels 18 informes en qu\u00e8 els experts del Consell Assessor per la Transici\u00f3 Nacional conclo\u00efen que la independ\u00e8ncia de Catalunya seria viable tant des del punt de vista pol\u00edtic com econ\u00f2mic i jur\u00eddic.<br \/>\nEl 9N 2.305.290 persones van despla\u00e7ar-se fins a alguna de les gaireb\u00e9 6.700 meses habilitades per facilitar el proc\u00e9s participatiu (abans consulta alternativa, proc\u00e9s constituent o sobiranista, o refer\u00e8ndum no vinculant). M\u00e9s del 80% va votar a favor de d\u2019una Catalunya independent en un proc\u00e9s llarg que es comen\u00e7\u00e0 a gestar amb l\u2019aprovaci\u00f3 de l\u2019Estatut d\u2019Autonomia el 30 de setembre de 2005 i la posterior sent\u00e8ncia del Tribunal Constitucional en contra, i que va assolir el seu punt \u00e0lgid durant la manifestaci\u00f3 de l\u2019onze de setembre de 2012.<\/p>\n<p>Ara, dos mesos despr\u00e9s de realitzar-se aquesta simb\u00f2lica votaci\u00f3, <em>M\u00f3n Empresarial<\/em> ha volgut prendre el pols del pa\u00eds i preguntar a 100 empresaris, institucions i experts fins a quin punt creuen que la independ\u00e8ncia tindria uns efectes reals sobre la seva activitat i sobre l\u2019actual escenari econ\u00f2mic i pol\u00edtic, tenint en compte l\u2019elevada taxa d\u2019atur que encara s\u2019arrossega com a conseq\u00fc\u00e8ncia de la crisi, els darrers casos de corrupci\u00f3 pol\u00edtica a les files dirigents o el pes de les exportacions per al desenvolupament del pa\u00eds.<\/p>\n<p><strong>M\u00e9s finan\u00e7ament, cr\u00e8dit i inversi\u00f3<\/strong><br \/>\nMajorit\u00e0riament, els enquestats han considerat que, si b\u00e9 podria produir-se un boicot comercial entre Catalunya i l\u2019Estat espanyol, en general, en un escenari d\u2019independ\u00e8ncia, les empreses aconseguiran m\u00e9s finan\u00e7ament, cr\u00e8dit i inversi\u00f3, aix\u00ed com veuran com la capacitat d\u2019internacionalitzaci\u00f3 o l\u2019aposta de les multinacionals anir\u00e0 a l\u2019al\u00e7a. Les traves burocr\u00e0tiques per facilitar la creaci\u00f3 de noves empreses tamb\u00e9 se simplificaran i creixeria l\u2019ocupaci\u00f3.<br \/>\nMenys consens hi ha respecte de l\u2019evoluci\u00f3 de la pressi\u00f3 impositiva, els salaris o el preu de l\u2019energia, malgrat que la majoria d\u2019enquestats creuen que aquests conceptes no millorarien si.<br \/>\nFinalment, pel que fa a aspectes com la corrupci\u00f3 pol\u00edtica, la malversaci\u00f3 de cabdals p\u00fablics i el tracte de favor als bancs, les opinions estan molt dividides entre els qui creuen que es controlar\u00e0 i\/o seguir\u00e0 igual.<\/p>\n<p><a href=\"http:\/\/monempresarial.com\/wp-content\/uploads\/2015\/01\/monempresarial-001-infografia-consulta.png\"><img decoding=\"async\" loading=\"lazy\" class=\"aligncenter wp-image-1851 size-full\" src=\"http:\/\/monempresarial.com\/wp-content\/uploads\/2015\/01\/monempresarial-001-infografia-consulta.png\" alt=\"Infografia: En un escenari d'independ\u00e8ncia\" width=\"740\" height=\"1338\" srcset=\"https:\/\/www.monempresarial.com\/wp-content\/uploads\/2015\/01\/monempresarial-001-infografia-consulta.png 740w, https:\/\/www.monempresarial.com\/wp-content\/uploads\/2015\/01\/monempresarial-001-infografia-consulta-166x300.png 166w, https:\/\/www.monempresarial.com\/wp-content\/uploads\/2015\/01\/monempresarial-001-infografia-consulta-566x1024.png 566w, https:\/\/www.monempresarial.com\/wp-content\/uploads\/2015\/01\/monempresarial-001-infografia-consulta-166x300@2x.png 332w\" sizes=\"(max-width: 740px) 100vw, 740px\" \/><\/a><\/p>\n","protected":false},"excerpt":{"rendered":"<p>Empresa i societat: reptes de futur Amb una poblaci\u00f3 oficial de 7.518.903 habitants, una taxa d\u2019atur del 19,10%, una variaci\u00f3 interanual de l\u20191,5% del PIB i del -0,1% de l\u2019IPC (dades del tercer trimestre de 2014, segons l\u2019Idescat), Catalunya enceta un 2015 ple d\u2019interrogants sobre quin ha de ser el seu lloc a Espanya i [&hellip;]<\/p>\n","protected":false},"author":2,"featured_media":1843,"comment_status":"open","ping_status":"open","sticky":false,"template":"","format":"standard","meta":{"_mi_skip_tracking":false,"mc4wp_mailchimp_campaign":[],"jnews-multi-image_gallery":[],"jnews_single_post":[],"jnews_primary_category":[]},"categories":[9,13],"tags":[],"_links":{"self":[{"href":"https:\/\/www.monempresarial.com\/ca\/wp-json\/wp\/v2\/posts\/1841"}],"collection":[{"href":"https:\/\/www.monempresarial.com\/ca\/wp-json\/wp\/v2\/posts"}],"about":[{"href":"https:\/\/www.monempresarial.com\/ca\/wp-json\/wp\/v2\/types\/post"}],"author":[{"embeddable":true,"href":"https:\/\/www.monempresarial.com\/ca\/wp-json\/wp\/v2\/users\/2"}],"replies":[{"embeddable":true,"href":"https:\/\/www.monempresarial.com\/ca\/wp-json\/wp\/v2\/comments?post=1841"}],"version-history":[{"count":0,"href":"https:\/\/www.monempresarial.com\/ca\/wp-json\/wp\/v2\/posts\/1841\/revisions"}],"wp:featuredmedia":[{"embeddable":true,"href":"https:\/\/www.monempresarial.com\/ca\/wp-json\/wp\/v2\/media\/1843"}],"wp:attachment":[{"href":"https:\/\/www.monempresarial.com\/ca\/wp-json\/wp\/v2\/media?parent=1841"}],"wp:term":[{"taxonomy":"category","embeddable":true,"href":"https:\/\/www.monempresarial.com\/ca\/wp-json\/wp\/v2\/categories?post=1841"},{"taxonomy":"post_tag","embeddable":true,"href":"https:\/\/www.monempresarial.com\/ca\/wp-json\/wp\/v2\/tags?post=1841"}],"curies":[{"name":"wp","href":"https:\/\/api.w.org\/{rel}","templated":true}]}}