{"id":18452,"date":"2018-07-13T09:00:02","date_gmt":"2018-07-13T07:00:02","guid":{"rendered":"http:\/\/monempresarial.com\/?p=18452\/"},"modified":"2025-06-06T10:21:01","modified_gmt":"2025-06-06T08:21:01","slug":"yesika-aguilera-cofundadora-tespack","status":"publish","type":"post","link":"https:\/\/www.monempresarial.com\/ca\/2018\/07\/13\/yesika-aguilera-cofundadora-tespack\/","title":{"rendered":"Joves talents: Yesika Aguilera, cofundadora de Tespack"},"content":{"rendered":"<p><span style=\"color: #000000;\"><strong>Yesika Aguilera (12 de febrer de 1989) va n\u00e9ixer a La Paz (Bol\u00edvia), de mare boliviana i pare japon\u00e8s, tot i que ella es va criar a la Gran Bretanya. Ara, es mou entre Finl\u00e0ndia, on hi ha la seu central de Tespack, nominada com la millor <em>start-up<\/em> d\u2019Energia a Europa per la UE, i Val\u00e8ncia, nucli de les seves oficines d\u2019R+D.<\/strong><\/span><\/p>\n<hr \/>\n<ul>\n<li><span style=\"color: #ae0f09;\"><strong>Per qu\u00e8 no li hem de perdre la pista? <\/strong><\/span><\/li>\n<\/ul>\n<p>\u00c9s la cofundadora i Business Development Officer de Tespack, una companyia que proveeix energia en qualsevol lloc &#8211; &#8220;encara que no hi hagi endolls&#8221; -, i que en el seu primer any de vida, va tancar acords amb empreses de la mida de Microsoft, Intersport o Scandinavian Outdoor. &#8220;Tespack va sorgir arran de l&#8217;experi\u00e8ncia de Mario Aguilera, fundador i actual CEO de la companyia, a les forces armades. All\u00e0 es va adonar que l&#8217;\u00fanica cosa que limitava el temps que podia romandre entrenant en espais naturals era la necessitat de recarregar les bateries dels equips. I \u00e9s que les oficines ja no s\u00f3n un espai f\u00edsic: s\u00f3n el teu port\u00e0til. Aix\u00ed que no s&#8217;ent\u00e9n que hagis de treballar lligat a un endoll per a no quedar-te sense bateria.\u201d El primer producte <em>made in<\/em> Tespack va ser una motxilla solar que permetia de carregar des d\u2019un tel\u00e8fon m\u00f2bil a un port\u00e0til. Pel 2018, preparen el llan\u00e7ament mundial del primer casc intel\u00b7ligent solar i la primera bateria <em>ultrafast<\/em> que es carrega en 8 minuts.<\/p>\n<ul>\n<li><span style=\"color: #ae0f09;\"><strong>El (dur) cam\u00ed fins a cridar Eureka! <\/strong><\/span><\/li>\n<\/ul>\n<p>&#8220;Mario Aguilera \u2013despr\u00e9s s\u2019hi unirien Caritta Seppa i Sami Pfaler\u2013 va comen\u00e7ar a desenvolupar la tecnologia i els primers productes el 2014, en un \u00e0tic molt petit, a Finl\u00e0ndia, a -20\u00baC. Aleshores jo treballava a la London South Bank University, on tenia un c\u00e0rrec important. Com la meva especialitat \u00e9s M\u00e0rqueting, em van convidar a unir-me a Tespack. Contra tota l\u00f2gica (la meva universitat m&#8217;havia ofert un augment si em quedava) ho vaig deixar tot i me n\u2019hi vaig anar, fins i tot sabent que podien passar mesos fins que aconsegu\u00edssim els primers ingressos. Per\u00f2 ho vaig fer perqu\u00e8 nom\u00e9s vius una vegada, i si nom\u00e9s vius una vegada, has de sortir de la teva zona de confort i fer coses que poden semblar esbojarrades, com ara crear productes d&#8217;energia portable a partir d&#8217;energia solar en un pa\u00eds, Finl\u00e0ndia, on nom\u00e9s hi ha quatre hores di\u00e0ries de sol. Treball\u00e0vem 12 hores al dia, esmorz\u00e0vem i menj\u00e0vem a la mateixa oficina, an\u00e0vem de reuni\u00f3 en reuni\u00f3 i f\u00e8iem de tot, fins i tot la neteja del local.&#8221;<\/p>\n<ul>\n<li><span style=\"color: #ae0f09;\"><strong>Fracassa i vencer\u00e0s <\/strong><\/span><\/li>\n<\/ul>\n<p>&#8220;Penso que \u00e9s en els moments m\u00e9s dif\u00edcils quan t&#8217;adones de com de forta ets. Perqu\u00e8 tothom <em>pot<\/em> fer-ho, per\u00f2 no tothom <em>vol<\/em> fer-ho. I si vols fer alguna cosa gran, has de treballar molt dur. Els primers mesos d&#8217;una <em>start-up<\/em>, \u00e9s clar, no s\u00f3n f\u00e0cils: no dorms, tens 100.000 pensaments alhora &#8230; A m\u00e9s, nosaltres \u00e9rem pioners en la nostra ind\u00fastria i hav\u00edem d\u2019educar, no nom\u00e9s al consumidor, sin\u00f3, tamb\u00e9 als nostres <em>partners<\/em>, perqu\u00e8 gaireb\u00e9 ning\u00fa no sap com funciona realment l&#8217;energia solar. Aix\u00ed que no nom\u00e9s hav\u00edem de vendre&#8217;ls la nostra innovaci\u00f3 sin\u00f3 explicar-los, tamb\u00e9, que l&#8217;energia renovable \u00e9s el futur, i canviar la seva mentalitat.&#8221;<\/p>\n<ul>\n<li><span style=\"color: #ae0f09;\"><strong>Els <em>gegants<\/em> de Yesika Aguilera<\/strong><\/span><\/li>\n<\/ul>\n<p>&#8220;El meu model a seguir, encara que soni a clix\u00e9, sempre ha estat la meva mare. Ella va ser la primera dona a Sud-am\u00e8rica de ser enginyera de telecomunicacions. Tinc fotos d&#8217;ella pujada als pals per empalmar els cables fa 30 anys&#8230; Ella em va ensenyar que, per a complir els teus somnis, cal fer molts sacrificis i treballar molt dur. I pots plorar, s\u00ed, per\u00f2 no rendir-te pas: plora i segueix intentant-ho.&#8221;<\/p>\n","protected":false},"excerpt":{"rendered":"<p>Yesika Aguilera (12 de febrer de 1989) va n\u00e9ixer a La Paz (Bol\u00edvia), de mare boliviana i pare japon\u00e8s, tot i que ella es va criar a la Gran Bretanya. Ara, es mou entre Finl\u00e0ndia, on hi ha la seu central de Tespack, nominada com la millor start-up d\u2019Energia a Europa per la UE, i Val\u00e8ncia, nucli de les seves oficines d\u2019R+D.<\/p>\n","protected":false},"author":1,"featured_media":18455,"comment_status":"open","ping_status":"open","sticky":false,"template":"","format":"standard","meta":{"_mi_skip_tracking":false,"mc4wp_mailchimp_campaign":[],"jnews-multi-image_gallery":[],"jnews_single_post":{"source_name":"","source_url":"","via_name":"","via_url":"","override_template":"0","override":[{"template":"1","single_blog_custom":"","parallax":"1","fullscreen":"1","layout":"right-sidebar","sidebar":"default-sidebar","second_sidebar":"default-sidebar","sticky_sidebar":"1","share_position":"bottom","share_float_style":"share-monocrhome","show_share_counter":"1","show_view_counter":"1","show_featured":"1","show_post_meta":"1","show_post_author":"1","show_post_author_image":"1","show_post_date":"1","post_date_format":"default","post_date_format_custom":"Y\/m\/d","show_post_category":"0","show_post_reading_time":"1","post_reading_time_wpm":"300","show_zoom_button":"0","zoom_button_out_step":"2","zoom_button_in_step":"3","show_post_tag":"1","show_prev_next_post":"0","show_popup_post":"1","number_popup_post":"2","show_author_box":"1","show_post_related":"1","show_inline_post_related":"1"}],"override_image_size":"0","image_override":[{"single_post_thumbnail_size":"crop-715","single_post_gallery_size":"crop-500"}],"trending_post":"0","trending_post_position":"meta","trending_post_label":"Trending","sponsored_post":"1","sponsored_post_label":"Patrocinat per","sponsored_post_name":"Consorci Zona Franca Barcelona","sponsored_post_url":"https:\/\/zfbarcelona.es\/ca\/","sponsored_post_logo_enable":"1","sponsored_post_logo":"40377","sponsored_post_desc":"","disable_ad":"0"},"jnews_primary_category":{"id":"10826","hide":""}},"categories":[10820,10826,11,10819,7833],"tags":[143,635,1051,3858,6924,7197,7198,7199,7200],"_links":{"self":[{"href":"https:\/\/www.monempresarial.com\/ca\/wp-json\/wp\/v2\/posts\/18452"}],"collection":[{"href":"https:\/\/www.monempresarial.com\/ca\/wp-json\/wp\/v2\/posts"}],"about":[{"href":"https:\/\/www.monempresarial.com\/ca\/wp-json\/wp\/v2\/types\/post"}],"author":[{"embeddable":true,"href":"https:\/\/www.monempresarial.com\/ca\/wp-json\/wp\/v2\/users\/1"}],"replies":[{"embeddable":true,"href":"https:\/\/www.monempresarial.com\/ca\/wp-json\/wp\/v2\/comments?post=18452"}],"version-history":[{"count":3,"href":"https:\/\/www.monempresarial.com\/ca\/wp-json\/wp\/v2\/posts\/18452\/revisions"}],"predecessor-version":[{"id":46182,"href":"https:\/\/www.monempresarial.com\/ca\/wp-json\/wp\/v2\/posts\/18452\/revisions\/46182"}],"wp:featuredmedia":[{"embeddable":true,"href":"https:\/\/www.monempresarial.com\/ca\/wp-json\/wp\/v2\/media\/18455"}],"wp:attachment":[{"href":"https:\/\/www.monempresarial.com\/ca\/wp-json\/wp\/v2\/media?parent=18452"}],"wp:term":[{"taxonomy":"category","embeddable":true,"href":"https:\/\/www.monempresarial.com\/ca\/wp-json\/wp\/v2\/categories?post=18452"},{"taxonomy":"post_tag","embeddable":true,"href":"https:\/\/www.monempresarial.com\/ca\/wp-json\/wp\/v2\/tags?post=18452"}],"curies":[{"name":"wp","href":"https:\/\/api.w.org\/{rel}","templated":true}]}}