{"id":18491,"date":"2018-07-18T09:00:32","date_gmt":"2018-07-18T07:00:32","guid":{"rendered":"http:\/\/monempresarial.com\/?p=18491\/"},"modified":"2025-06-06T10:20:44","modified_gmt":"2025-06-06T08:20:44","slug":"marc-allen-visio-valors-realitat-diaria","status":"publish","type":"post","link":"https:\/\/www.monempresarial.com\/ca\/2018\/07\/18\/marc-allen-visio-valors-realitat-diaria\/","title":{"rendered":"Marc Allen:<\/span> La visi\u00f3, els valors i la realitat di\u00e0ria"},"content":{"rendered":"<h4><img decoding=\"async\" loading=\"lazy\" class=\" wp-image-18492 alignright\" src=\"http:\/\/monempresarial.com\/wp-content\/uploads\/2018\/05\/argelia.jpg\" alt=\"\" width=\"205\" height=\"288\" srcset=\"https:\/\/www.monempresarial.com\/wp-content\/uploads\/2018\/05\/argelia.jpg 2598w, https:\/\/www.monempresarial.com\/wp-content\/uploads\/2018\/05\/argelia-213x300.jpg 213w, https:\/\/www.monempresarial.com\/wp-content\/uploads\/2018\/05\/argelia-729x1024.jpg 729w, https:\/\/www.monempresarial.com\/wp-content\/uploads\/2018\/05\/argelia-213x300@2x.jpg 426w, https:\/\/www.monempresarial.com\/wp-content\/uploads\/2018\/05\/argelia-729x1024@2x.jpg 1458w\" sizes=\"(max-width: 205px) 100vw, 205px\" \/>En la seva obra <em>El emprendedor visionario<\/em>, Marc Allen aporta una connexi\u00f3 senzilla entre els grans principis de la gesti\u00f3, el desenvolupament del treball diari en el m\u00f3n de l&#8217;empresa i l&#8217;equilibri personal. Ho fa a trav\u00e9s d&#8217;una hist\u00f2ria novel\u00b7lada protagonitzada pel fundador d&#8217;una <em>start-up<\/em> i el seu mentor, relat que posa les bases d\u2019una extensa bibliografia que el portar\u00e0 a aprofundir tant en la mec\u00e0nica per aconseguir l&#8217;\u00e8xit professional com en el creixement espiritual necessari per a qualsevol l\u00edder.<\/h4>\n<h4>Text: <span style=\"color: #cc8215;\">Argelia Garcia.<\/span> CEO de ToGrowfy i consellera delegada d\u2019External Financial Management.<\/h4>\n<hr style=\"color: #b72126;\" \/>\n<p>El nostre sistema educatiu i, en general, la transmissi\u00f3 de coneixement econ\u00f2mic en el nostre entorn cultural es basen de forma impl\u00edcita en una separaci\u00f3 rotunda entre les bases te\u00f2riques, la realitat empresarial di\u00e0ria i la capacitat de l&#8217;\u00e9sser hum\u00e0 per enfrontar-se a tot aix\u00f2. Aquest plantejament \u00e9s recurrent i tots ens hem anat acostumant a ell. \u00c9s per aquest motiu que moltes vegades no som ni tan sols conscients que entre all\u00f2 que aprenem i llegim hi ha un llarg cam\u00ed fins a aconseguir un assoliment real.<br \/>\nNo obstant aix\u00f2, quan es demana a un grup d&#8217;alumnes de m\u00e0ster que escrigui de forma an\u00f2nima la seva major preocupaci\u00f3 en aquell moment, el que resulta \u00e9s una barreja equilibrada de problemes personals i professionals de tipus pr\u00e0ctic; molt pocs dilemes te\u00f2rics surten a la llum. I aquest \u00e9s un fenomen igualment present en el sentir habitual de les persones que lideren les empreses.<\/p>\n<blockquote>\n<h2><span style=\"color: #cc8215;\">La visi\u00f3 que porta a l&#8217;\u00e8xit requereix que els desitjos esdevinguin intencions, i aquestes accions executables. Per aix\u00f2 Allen es dirigeix a l&#8217;empresari emprenedor i li proposa que planifiqui el seu treball i executi la seva idea<\/span><\/h2>\n<\/blockquote>\n<p>Per tal d&#8217;entendre una mica m\u00e9s aquesta connexi\u00f3 entre els grans principis de gesti\u00f3, el desenvolupament del treball diari en el m\u00f3n de l&#8217;empresa i l&#8217;equilibri personal, val la pena aprofundir en l&#8217;obra de Marc Allen, reconegut escriptor i cofundador de New World Library. Concretament, el seu llibre <em>El emprendedor visionario<\/em> (Empresa Activa, 2002) aprofundeix en aquesta q\u00fcesti\u00f3, com veiem a continuaci\u00f3.<\/p>\n<p><span style=\"color: #cc8215;\"><strong>Visi\u00f3<\/strong><\/span><br \/>\nEn la seva obra, Allen proclama de manera contundent que &#8220;tota empresa amb \u00e8xit es basa en una visi\u00f3&#8221;. Quelcom similar sost\u00e9 en el seu llibre <em>Avan\u00e7ant<\/em><em>: claus per sobreviure\u00a0i cr\u00e9ixer<\/em> (Profit Editorial, 2014) l&#8217;economista catal\u00e0 Oriol Amat apuntant que, &#8220;perqu\u00e8 una empresa creixi, els seus fundadors han de voler-ho&#8221;. S\u00f3n afirmacions que poden resultar \u00f2bvies a simple vista, per\u00f2 la veritat \u00e9s que el m\u00f3n empresarial est\u00e0 ple d&#8217;empreses que semblen vegetar esperant que la generaci\u00f3 espont\u00e0nia produeixi creixement.<br \/>\nLa visi\u00f3 que porta a l&#8217;\u00e8xit requereix que els desitjos esdevinguin intencions, i aquestes accions executables. Per aix\u00f2 Marc Allen es dirigeix \u200b\u200ba l&#8217;empresari emprenedor i li proposa que planifiqui el seu treball i executi la seva idea.<br \/>\nAquesta afirmaci\u00f3 tan simple i tan clara \u2013que desenvolupa en la seva obra de forma concreta indicant que cal revisar i actualitzar amb dades reals el pla de negoci com a m\u00ednim cada mes\u2013 \u00e9s l&#8217;ess\u00e8ncia mateixa de la problem\u00e0tica de l&#8217;estrat\u00e8gia empresarial. Aix\u00ed ho recullen David P. Norton i Robert Kaplan (2009) quan exposen que el 90% de les empreses no implementa adequadament la seva estrat\u00e8gia i que el 95% dels treballadors no ent\u00e9n la mateixa. I \u00e9s que l&#8217;ess\u00e8ncia de l&#8217;\u00e8xit empresarial es troba en aquests tres passos: visualitzar cap a on anem, plasmar-ho en un pla concret i perseguir tossudament la seva execuci\u00f3.<\/p>\n<p><img decoding=\"async\" loading=\"lazy\" class=\"aligncenter wp-image-18494\" src=\"http:\/\/monempresarial.com\/wp-content\/uploads\/2018\/05\/idees.jpg\" alt=\"\" width=\"757\" height=\"314\" srcset=\"https:\/\/www.monempresarial.com\/wp-content\/uploads\/2018\/05\/idees.jpg 1079w, https:\/\/www.monempresarial.com\/wp-content\/uploads\/2018\/05\/idees-300x125.jpg 300w, https:\/\/www.monempresarial.com\/wp-content\/uploads\/2018\/05\/idees-1024x425.jpg 1024w, https:\/\/www.monempresarial.com\/wp-content\/uploads\/2018\/05\/idees-300x125@2x.jpg 600w\" sizes=\"(max-width: 757px) 100vw, 757px\" \/><\/p>\n<p><span style=\"color: #cc8215;\"><strong>Prop\u00f2sit<\/strong><\/span><br \/>\nLa visi\u00f3 \u00e9s la forma d&#8217;aconseguir el prop\u00f2sit, per\u00f2 no oblidem que aquest ha d&#8217;integrar alguna cosa m\u00e9s que el rendiment econ\u00f2mic. En altres paraules: afirmar que l&#8217;objectiu de les empreses \u00e9s \u00fanicament guanyar diners equivaldria a dir que l&#8217;\u00e9sser hum\u00e0 nom\u00e9s existeix per fer bombar sang al seu cos. Llavors, si volem retenir el talent a la nostra organitzaci\u00f3, ha d&#8217;existir un prop\u00f2sit que vagi m\u00e9s enll\u00e0 dels beneficis, \u00e9s a dir, que estigui lligat a la nostra realitzaci\u00f3 personal, a la dels fundadors i tamb\u00e9 a la de l&#8217;equip.<br \/>\nAquest equilibri entre els objectius personals transcendents i el que fem cada dia a la nostra empresa no \u00e9s un concepte abstracte, sin\u00f3 quelcom amb qu\u00e8 topem cada dia a les empreses, que afecta la xifra de vendes, la rendibilitat i, \u00f2bviament, la motivaci\u00f3.<\/p>\n<p><span style=\"color: #cc8215;\"><strong>Valors i autoconeixement<\/strong><\/span><br \/>\nCal destacar que Marc Allen va introduir en la gesti\u00f3 empresarial i de forma pionera un seguit de valors que avui dia s\u00f3n generalment acceptats com, per exemple, el respecte al medi ambient.<br \/>\nAix\u00ed mateix, sobresurt la seva filosofia quant al repartiment de beneficis. I \u00e9s que, per a aquest escriptor natural de Minnesota, repartir la riquesa entre tots els que la generen (equip intern i tamb\u00e9 organitzacions d&#8217;inter\u00e8s general) \u00e9s essencial per a produir-la de manera flu\u00efda. Si el lector \u00e9s un empresari amb beneficis (o desitja ser-ho), recomano la lectura detallada de <em>El emprendedor visionario<\/em>, ja que segur que el seu punt de vista sobre com distribuir els resultats canviar\u00e0.<\/p>\n<blockquote>\n<h2><span style=\"color: #cc8215;\">Si volem retenir el talent a la nostra organitzaci\u00f3, ha d&#8217;existir un prop\u00f2sit que vagi m\u00e9s enll\u00e0 dels beneficis, \u00e9s a dir, que estigui lligat a la nostra realitzaci\u00f3 personal, a la dels fundadors i tamb\u00e9 a la de l&#8217;equip<\/span><\/h2>\n<\/blockquote>\n<p>En resum, podr\u00edem dir que Allen defensa la idea que tota empresa reflecteix la consci\u00e8ncia del seu propietari. Per aix\u00f2 els valors estan \u00edntimament lligats al seu autoconeixement i creixement personal. Amb aix\u00f2 s&#8217;entreveu que, d&#8217;alguna manera, l&#8217;equilibri personal dels l\u00edders \u00e9s fonamental perqu\u00e8 l&#8217;empresa s\u2019encamini cap a un \u00e8xit sostenible que generi riquesa per a l&#8217;equip, la propietat i la societat en general.<br \/>\nDesapareix aix\u00ed la separaci\u00f3 entre la teoria de la gesti\u00f3 econ\u00f2mica, la feina del dia a dia i el creixement personal, perqu\u00e8 per a Marc Allen l&#8217;\u00e8xit empresarial sostingut requereix de l\u00edders que es coneguin b\u00e9 i que treballin de manera sistem\u00e0tica i conscient la comprensi\u00f3 del negoci i de la seva pr\u00f2pia evoluci\u00f3 personal, compartint esfor\u00e7os i resultats.<\/p>\n<div style=\"background-color: #cc8215; text-align: center;\"><span style=\"color: #ffffff; font-weight: bold; font-size: 20px;\">De prop<\/span><\/div>\n<p><strong>Marc Allen<\/strong> (Minnesota, 1946) \u00e9s un escriptor prol\u00edfic \u00e0mpliament reconegut. El 1977 va cofundar (juntament amb Shakti Gawain) New World Library, organitzaci\u00f3 que va comen\u00e7ar en el m\u00f3n empresarial com a petita companyia emergent sense capital i que va acabar convertint-se en una de les principals editorials independents dels Estats Units.<br \/>\nAl llarg de la seva traject\u00f2ria professional, Allen ha publicat llibres d&#8217;alt impacte com: <em>El poder de l\u2019ara<\/em>, d\u2019Eckhart Tolle; <em>Les set lleis espirituals de l\u2019\u00e8xit<\/em>, de Deepak Chopra, o <em>La visualitzaci\u00f3 creativa<\/em>, de Shakti Gawain. Aix\u00ed mateix, aquest editor compta amb una faceta com a m\u00fasic i compositor; amb el seu segell Watercourse Media ha produ\u00eft cinc \u00e0lbums que han aconseguit \u00e0mplia difusi\u00f3 i reconeixement.<br \/>\nAllen ens recorda una figura t\u00edpicament renaixentista, virtut que li permet esplaiar-se a l&#8217;hora de parlar d&#8217;all\u00f2 que ha fet. Les seves idees es basen en \u00e8xits reals i, per tant, \u00e9s capa\u00e7 d&#8217;explicar-les des del moment que neixen fins que esdevenen beneficis empresarials. Tot aix\u00f2, per descomptat, vinculat a la gran necessitat de la humanitat de trobar l&#8217;equilibri personal.<\/p>\n","protected":false},"excerpt":{"rendered":"<p>En la seva obra El emprendedor visionario, Marc Allen aporta una connexi\u00f3 senzilla entre els grans principis de la gesti\u00f3, el desenvolupament del treball diari en el m\u00f3n de l&#8217;empresa i l&#8217;equilibri personal. Ho fa a trav\u00e9s d&#8217;una hist\u00f2ria novel\u00b7lada protagonitzada pel fundador d&#8217;una start-up i el seu mentor, relat que posa les bases d\u2019una extensa bibliografia que el portar\u00e0 a aprofundir tant en la mec\u00e0nica per aconseguir l&#8217;\u00e8xit professional com en el creixement espiritual necessari per a qualsevol l\u00edder.<\/p>\n","protected":false},"author":1,"featured_media":18495,"comment_status":"open","ping_status":"open","sticky":false,"template":"","format":"standard","meta":{"_mi_skip_tracking":false,"mc4wp_mailchimp_campaign":[],"jnews-multi-image_gallery":[],"jnews_single_post":[],"jnews_primary_category":[]},"categories":[10820,10821,10822,11,5057],"tags":[619,879,2041,2740,7227,7228,7229],"_links":{"self":[{"href":"https:\/\/www.monempresarial.com\/ca\/wp-json\/wp\/v2\/posts\/18491"}],"collection":[{"href":"https:\/\/www.monempresarial.com\/ca\/wp-json\/wp\/v2\/posts"}],"about":[{"href":"https:\/\/www.monempresarial.com\/ca\/wp-json\/wp\/v2\/types\/post"}],"author":[{"embeddable":true,"href":"https:\/\/www.monempresarial.com\/ca\/wp-json\/wp\/v2\/users\/1"}],"replies":[{"embeddable":true,"href":"https:\/\/www.monempresarial.com\/ca\/wp-json\/wp\/v2\/comments?post=18491"}],"version-history":[{"count":1,"href":"https:\/\/www.monempresarial.com\/ca\/wp-json\/wp\/v2\/posts\/18491\/revisions"}],"predecessor-version":[{"id":46181,"href":"https:\/\/www.monempresarial.com\/ca\/wp-json\/wp\/v2\/posts\/18491\/revisions\/46181"}],"wp:featuredmedia":[{"embeddable":true,"href":"https:\/\/www.monempresarial.com\/ca\/wp-json\/wp\/v2\/media\/18495"}],"wp:attachment":[{"href":"https:\/\/www.monempresarial.com\/ca\/wp-json\/wp\/v2\/media?parent=18491"}],"wp:term":[{"taxonomy":"category","embeddable":true,"href":"https:\/\/www.monempresarial.com\/ca\/wp-json\/wp\/v2\/categories?post=18491"},{"taxonomy":"post_tag","embeddable":true,"href":"https:\/\/www.monempresarial.com\/ca\/wp-json\/wp\/v2\/tags?post=18491"}],"curies":[{"name":"wp","href":"https:\/\/api.w.org\/{rel}","templated":true}]}}