{"id":18516,"date":"2018-06-15T09:00:03","date_gmt":"2018-06-15T07:00:03","guid":{"rendered":"http:\/\/monempresarial.com\/?p=18516\/"},"modified":"2025-09-25T08:51:52","modified_gmt":"2025-09-25T06:51:52","slug":"economia-verda-i-circular-la-revolucio-del-cicle-produccioconsum","status":"publish","type":"post","link":"https:\/\/www.monempresarial.com\/ca\/2018\/06\/15\/economia-verda-i-circular-la-revolucio-del-cicle-produccioconsum\/","title":{"rendered":"Economia verda i circular: La revoluci\u00f3 del cicle producci\u00f3\/consum<\/span>"},"content":{"rendered":"<h4>Coordinaci\u00f3: <a style=\"color: #88576b;\" href=\"http:\/\/monempresarial.com\/author\/ebouisset\/\">Emma Bouisset<\/a><\/h4>\n<hr style=\"color: #b72126;\" \/>\n<div style=\"background-color: #88576b; text-align: center;\"><span style=\"color: #ffffff; font-weight: bold; font-size: 20px;\"><span style=\"color: #ffffff; font-weight: bold; font-size: 20px;\">Qu\u00e8 \u00e9s&#8230;?<\/span><\/span><\/div>\n<p>L&#8217;economia verda \u00e9s aquella que t\u00e9 com a resultat&#8230;<\/p>\n<p><img decoding=\"async\" loading=\"lazy\" class=\"aligncenter size-full wp-image-18517\" src=\"http:\/\/monempresarial.com\/wp-content\/uploads\/2018\/05\/info-1-cat.jpg\" alt=\"\" width=\"1049\" height=\"318\" srcset=\"https:\/\/www.monempresarial.com\/wp-content\/uploads\/2018\/05\/info-1-cat.jpg 1049w, https:\/\/www.monempresarial.com\/wp-content\/uploads\/2018\/05\/info-1-cat-300x91.jpg 300w, https:\/\/www.monempresarial.com\/wp-content\/uploads\/2018\/05\/info-1-cat-1024x310.jpg 1024w, https:\/\/www.monempresarial.com\/wp-content\/uploads\/2018\/05\/info-1-cat-300x91@2x.jpg 600w\" sizes=\"(max-width: 1049px) 100vw, 1049px\" \/><\/p>\n<p>L&#8217;economia circular \u00e9s aquella que se centra&#8230;<\/p>\n<p><img decoding=\"async\" loading=\"lazy\" class=\"aligncenter size-full wp-image-18518\" src=\"http:\/\/monempresarial.com\/wp-content\/uploads\/2018\/05\/info-2-cat.jpg\" alt=\"\" width=\"887\" height=\"246\" srcset=\"https:\/\/www.monempresarial.com\/wp-content\/uploads\/2018\/05\/info-2-cat.jpg 887w, https:\/\/www.monempresarial.com\/wp-content\/uploads\/2018\/05\/info-2-cat-300x83.jpg 300w, https:\/\/www.monempresarial.com\/wp-content\/uploads\/2018\/05\/info-2-cat-300x83@2x.jpg 600w\" sizes=\"(max-width: 887px) 100vw, 887px\" \/><\/p>\n<p><strong>Fonts:<\/strong> Programa de les Nacions Unides pel Medi Ambient (PNUMA); Ag\u00e8ncia Europea del Medi Ambient.<\/p>\n<div style=\"background-color: #88576b; text-align: center;\"><span style=\"color: #ffffff; font-weight: bold; font-size: 20px;\"><span style=\"color: #ffffff; font-weight: bold; font-size: 20px;\">Model lineal vs. Model circular<\/span><\/span><\/div>\n<p><img decoding=\"async\" loading=\"lazy\" class=\"aligncenter size-full wp-image-18519\" src=\"http:\/\/monempresarial.com\/wp-content\/uploads\/2018\/05\/info-3-cat.jpg\" alt=\"\" width=\"1019\" height=\"300\" srcset=\"https:\/\/www.monempresarial.com\/wp-content\/uploads\/2018\/05\/info-3-cat.jpg 1019w, https:\/\/www.monempresarial.com\/wp-content\/uploads\/2018\/05\/info-3-cat-300x88.jpg 300w, https:\/\/www.monempresarial.com\/wp-content\/uploads\/2018\/05\/info-3-cat-300x88@2x.jpg 600w\" sizes=\"(max-width: 1019px) 100vw, 1019px\" \/><\/p>\n<p><strong>Font:<\/strong> Paper 4 del Pacte Industrial: \u201cQu\u00e8 \u00e9s l\u2019economia circular i per qu\u00e8 \u00e9s important per al territori\u201d.<br \/>\nPacte Industrial de la Regi\u00f3 Metropolitana de Barcelona.<\/p>\n<div style=\"background-color: #88576b; text-align: center;\"><span style=\"color: #ffffff; font-weight: bold; font-size: 20px;\"><span style=\"color: #ffffff; font-weight: bold; font-size: 20px;\">Un repte local&#8230; i una oportunitat per a les empreses<\/span><\/span><\/div>\n<p>El proc\u00e9s d&#8217;urbanitzaci\u00f3 creixent comporta que metr\u00f2polis i ciutats siguin els principals jugadors en la <strong>partida de la sostenibilitat amb l&#8217;alian\u00e7a de la ind\u00fastria 4.0<\/strong> (IoT, <em>big data<\/em>, IA, robotitzaci\u00f3 i impressi\u00f3 3D).<\/p>\n<p>El mercat mundial de les ind\u00fastries ecol\u00f2giques&#8230;<\/p>\n<p><img decoding=\"async\" loading=\"lazy\" class=\"aligncenter size-full wp-image-18520\" src=\"http:\/\/monempresarial.com\/wp-content\/uploads\/2018\/05\/info-4-cat.jpg\" alt=\"\" width=\"911\" height=\"258\" srcset=\"https:\/\/www.monempresarial.com\/wp-content\/uploads\/2018\/05\/info-4-cat.jpg 911w, https:\/\/www.monempresarial.com\/wp-content\/uploads\/2018\/05\/info-4-cat-300x85.jpg 300w, https:\/\/www.monempresarial.com\/wp-content\/uploads\/2018\/05\/info-4-cat-300x85@2x.jpg 600w\" sizes=\"(max-width: 911px) 100vw, 911px\" \/><\/p>\n<p>Implementar pol\u00edtiques que afavoreixin una economia circular permetr\u00e0&#8230;<\/p>\n<p><img decoding=\"async\" loading=\"lazy\" class=\"aligncenter size-full wp-image-18521\" src=\"http:\/\/monempresarial.com\/wp-content\/uploads\/2018\/05\/info-5-cat.jpg\" alt=\"\" width=\"863\" height=\"185\" srcset=\"https:\/\/www.monempresarial.com\/wp-content\/uploads\/2018\/05\/info-5-cat.jpg 863w, https:\/\/www.monempresarial.com\/wp-content\/uploads\/2018\/05\/info-5-cat-300x64.jpg 300w, https:\/\/www.monempresarial.com\/wp-content\/uploads\/2018\/05\/info-5-cat-300x64@2x.jpg 600w\" sizes=\"(max-width: 863px) 100vw, 863px\" \/><\/p>\n<p><strong>Fonts:<\/strong> Paper 4 del Pacte Industrial: \u201cQu\u00e8 \u00e9s l\u2019economia circular i per qu\u00e8 \u00e9s important per al territori\u201d. Pacte Industrial de la Regi\u00f3 Metropolitana de Barcelona;\u00a0<em>EU Environment Policy Supporting Jobs and Growth.<\/em> European Comission, 2011; \u201cIniciativa d\u2019Ocupaci\u00f3 Verda. Aprofitar el potencial de creaci\u00f3 d\u2019ocupaci\u00f3 de l\u2019economia verda\u201d. Comissi\u00f3 Europea.<\/p>\n<div style=\"background-color: #88576b; text-align: center;\"><span style=\"color: #ffffff; font-weight: bold; font-size: 20px;\"><span style=\"color: #ffffff; font-weight: bold; font-size: 20px;\">6 accions que les empreses poden adoptar de cara\u00a0<\/span><\/span><span style=\"color: #ffffff; font-weight: bold; font-size: 20px;\">a la transici\u00f3\u00a0<\/span><span style=\"color: #ffffff; font-size: 20px; font-weight: bold;\">a una economia circular<\/span><\/div>\n<ul>\n<li>Regenerar,<\/li>\n<li>Compartir,<\/li>\n<li>Optimitzar,<\/li>\n<li>Bucle (refabricar, reciclar, etc.),<\/li>\n<li>Virtualitzar (desmaterialitzar) i<\/li>\n<li>Intercanviar<\/li>\n<\/ul>\n<p><strong>Font:<\/strong> <em>Cap a una economia circular: motius econ\u00f2mics per a una transici\u00f3 accelerada<\/em>, Fundaci\u00f3 Ellen McArthur.<\/p>\n<div style=\"background-color: #88576b; text-align: center;\"><span style=\"color: #ffffff; font-weight: bold; font-size: 20px;\"><span style=\"color: #ffffff; font-weight: bold; font-size: 20px;\">L&#8217;assignatura pendent de les pimes<\/span><\/span><\/div>\n<p>Aquestes s\u00f3n les <strong>principals accions per a aconseguir uns recursos m\u00e9s eficients<\/strong> que estan duent a terme actualment les pims europees:<\/p>\n<ul>\n<li>Minimitzar els residus,<\/li>\n<li>Estalviar energia,<\/li>\n<li>Estalviar aigua,<\/li>\n<li>Estalviar materials i<\/li>\n<li>Reciclar mitjan\u00e7ant la reutilitzaci\u00f3 de materials o residus dins de l&#8217;empresa<\/li>\n<\/ul>\n<p><img decoding=\"async\" loading=\"lazy\" class=\"aligncenter wp-image-18522\" src=\"http:\/\/monempresarial.com\/wp-content\/uploads\/2018\/05\/info-6-cat.jpg\" alt=\"\" width=\"548\" height=\"637\" srcset=\"https:\/\/www.monempresarial.com\/wp-content\/uploads\/2018\/05\/info-6-cat.jpg 611w, https:\/\/www.monempresarial.com\/wp-content\/uploads\/2018\/05\/info-6-cat-258x300.jpg 258w, https:\/\/www.monempresarial.com\/wp-content\/uploads\/2018\/05\/info-6-cat-258x300@2x.jpg 516w\" sizes=\"(max-width: 548px) 100vw, 548px\" \/><\/p>\n<p>En els \u00faltims 2 anys les accions per a <strong>millorar l&#8217;efici\u00e8ncia dels recursos<\/strong>, pel que fa als costos de producci\u00f3 de les pimes, han aconseguit:<\/p>\n<p><img decoding=\"async\" loading=\"lazy\" class=\"aligncenter wp-image-18523\" src=\"http:\/\/monempresarial.com\/wp-content\/uploads\/2018\/05\/info-7-cat.jpg\" alt=\"\" width=\"664\" height=\"432\" srcset=\"https:\/\/www.monempresarial.com\/wp-content\/uploads\/2018\/05\/info-7-cat.jpg 983w, https:\/\/www.monempresarial.com\/wp-content\/uploads\/2018\/05\/info-7-cat-300x195.jpg 300w, https:\/\/www.monempresarial.com\/wp-content\/uploads\/2018\/05\/info-7-cat-300x195@2x.jpg 600w\" sizes=\"(max-width: 664px) 100vw, 664px\" \/><\/p>\n<p><img decoding=\"async\" loading=\"lazy\" class=\"aligncenter wp-image-18524\" src=\"http:\/\/monempresarial.com\/wp-content\/uploads\/2018\/05\/info-8-cat.jpg\" alt=\"\" width=\"689\" height=\"439\" srcset=\"https:\/\/www.monempresarial.com\/wp-content\/uploads\/2018\/05\/info-8-cat.jpg 947w, https:\/\/www.monempresarial.com\/wp-content\/uploads\/2018\/05\/info-8-cat-300x191.jpg 300w, https:\/\/www.monempresarial.com\/wp-content\/uploads\/2018\/05\/info-8-cat-300x191@2x.jpg 600w\" sizes=\"(max-width: 689px) 100vw, 689px\" \/><\/p>\n<p><strong>Font:<\/strong> <em>Pimes, efici\u00e8ncia de recursos i mercats verds.<\/em> Comissi\u00f3 Europea, setembre del 2017.<\/p>\n","protected":false},"excerpt":{"rendered":"<p>Coordinaci\u00f3: Emma Bouisset<\/p>\n","protected":false},"author":1,"featured_media":18525,"comment_status":"open","ping_status":"open","sticky":false,"template":"","format":"standard","meta":{"_mi_skip_tracking":false,"mc4wp_mailchimp_campaign":[],"jnews-multi-image_gallery":[],"jnews_single_post":[],"jnews_primary_category":[]},"categories":[12,13],"tags":[7246,7247,113,196,854,1038,5003,7244,7245],"_links":{"self":[{"href":"https:\/\/www.monempresarial.com\/ca\/wp-json\/wp\/v2\/posts\/18516"}],"collection":[{"href":"https:\/\/www.monempresarial.com\/ca\/wp-json\/wp\/v2\/posts"}],"about":[{"href":"https:\/\/www.monempresarial.com\/ca\/wp-json\/wp\/v2\/types\/post"}],"author":[{"embeddable":true,"href":"https:\/\/www.monempresarial.com\/ca\/wp-json\/wp\/v2\/users\/1"}],"replies":[{"embeddable":true,"href":"https:\/\/www.monempresarial.com\/ca\/wp-json\/wp\/v2\/comments?post=18516"}],"version-history":[{"count":1,"href":"https:\/\/www.monempresarial.com\/ca\/wp-json\/wp\/v2\/posts\/18516\/revisions"}],"predecessor-version":[{"id":47873,"href":"https:\/\/www.monempresarial.com\/ca\/wp-json\/wp\/v2\/posts\/18516\/revisions\/47873"}],"wp:featuredmedia":[{"embeddable":true,"href":"https:\/\/www.monempresarial.com\/ca\/wp-json\/wp\/v2\/media\/18525"}],"wp:attachment":[{"href":"https:\/\/www.monempresarial.com\/ca\/wp-json\/wp\/v2\/media?parent=18516"}],"wp:term":[{"taxonomy":"category","embeddable":true,"href":"https:\/\/www.monempresarial.com\/ca\/wp-json\/wp\/v2\/categories?post=18516"},{"taxonomy":"post_tag","embeddable":true,"href":"https:\/\/www.monempresarial.com\/ca\/wp-json\/wp\/v2\/tags?post=18516"}],"curies":[{"name":"wp","href":"https:\/\/api.w.org\/{rel}","templated":true}]}}