{"id":18557,"date":"2018-05-28T12:27:21","date_gmt":"2018-05-28T10:27:21","guid":{"rendered":"http:\/\/monempresarial.com\/?p=18557\/"},"modified":"2025-07-16T12:54:35","modified_gmt":"2025-07-16T10:54:35","slug":"facilitats-pimes-financament","status":"publish","type":"post","link":"https:\/\/www.monempresarial.com\/ca\/2018\/05\/28\/facilitats-pimes-financament\/","title":{"rendered":"M\u00e9s facilitats perqu\u00e8 les pimes <\/span>accedeixin al finan\u00e7ament"},"content":{"rendered":"<h4>La Comissi\u00f3 Europea va proposar el passat 24 de maig una nova normativa per facilitar a les petites i mitjanes empreses l&#8217;acc\u00e9s al finan\u00e7ament dels mercats de capitals. La iniciativa, que forma part de les mesures per enllestir la uni\u00f3 dels mercats de capitals, ajudar\u00e0 les empreses europees a rec\u00f3rrer amb m\u00e9s facilitats i menys despeses al finan\u00e7ament borsari per tal de poder expandir aix\u00ed la seva activitat econ\u00f2mica.<\/h4>\n<hr \/>\n<p>Actualment, dels 20\u00a0milions de pimes que hi ha a Europa, nom\u00e9s 3.000 cotitzen en els mercats de valors. Aquesta \u00e9s una realitat que la Comissi\u00f3 Europea vol capgirar i, per aquest motiu, la setmana passada l&#8217;\u00f2rgan executiu de la UE va\u00a0proposar una normativa que facilitar\u00e0 a les pimes l&#8217;acc\u00e9s a una gamma molt \u00e0mplia d&#8217;eines de finan\u00e7ament en les diferents fases de la seva expansi\u00f3 per tal que puguin aconseguir els fons necessaris en els mercats de capitals.<\/p>\n<p><span style=\"color: #619a88;\"><strong>Una proposta amb vista al futur\u00a0<\/strong><\/span><br \/>\nA grans trets, la missi\u00f3 principal de la nova proposta passa per reduir els tr\u00e0mits burocr\u00e0tics de les petites i mitjanes empreses que vulguin cotitzar en borsa i emetre valors en \u00abmercats de pimes en expansi\u00f3\u00bb, \u00e9s a dir, en nous centres o plataformes de negociaci\u00f3 de valors adre\u00e7ats als petits emissors. L&#8217;objectiu final \u00e9s fomentar la liquiditat de les accions de les pimes que cotitzin en borsa, aix\u00ed aquells que inverteixin en aquest tipus d&#8217;empreses contribuiran a crear llocs de treball i a impulsar el creixement a la UE.<\/p>\n","protected":false},"excerpt":{"rendered":"<p>La Comissi\u00f3 Europea va proposar el passat 24 de maig una nova normativa per facilitar a les petites i mitjanes empreses l&#8217;acc\u00e9s al finan\u00e7ament dels mercats de capitals. La iniciativa, que forma part de les mesures per enllestir la uni\u00f3 dels mercats de capitals, ajudar\u00e0 les empreses europees a rec\u00f3rrer amb m\u00e9s facilitats i menys despeses al finan\u00e7ament borsari per tal de poder expandir aix\u00ed la seva activitat econ\u00f2mica.<\/p>\n","protected":false},"author":1,"featured_media":18558,"comment_status":"open","ping_status":"open","sticky":false,"template":"","format":"standard","meta":{"_mi_skip_tracking":false,"mc4wp_mailchimp_campaign":[],"jnews-multi-image_gallery":[],"jnews_single_post":[],"jnews_primary_category":[]},"categories":[5694,10820,10821,10828,10,10825],"tags":[115,143,611,613,7278,10909],"_links":{"self":[{"href":"https:\/\/www.monempresarial.com\/ca\/wp-json\/wp\/v2\/posts\/18557"}],"collection":[{"href":"https:\/\/www.monempresarial.com\/ca\/wp-json\/wp\/v2\/posts"}],"about":[{"href":"https:\/\/www.monempresarial.com\/ca\/wp-json\/wp\/v2\/types\/post"}],"author":[{"embeddable":true,"href":"https:\/\/www.monempresarial.com\/ca\/wp-json\/wp\/v2\/users\/1"}],"replies":[{"embeddable":true,"href":"https:\/\/www.monempresarial.com\/ca\/wp-json\/wp\/v2\/comments?post=18557"}],"version-history":[{"count":1,"href":"https:\/\/www.monempresarial.com\/ca\/wp-json\/wp\/v2\/posts\/18557\/revisions"}],"predecessor-version":[{"id":46191,"href":"https:\/\/www.monempresarial.com\/ca\/wp-json\/wp\/v2\/posts\/18557\/revisions\/46191"}],"wp:featuredmedia":[{"embeddable":true,"href":"https:\/\/www.monempresarial.com\/ca\/wp-json\/wp\/v2\/media\/18558"}],"wp:attachment":[{"href":"https:\/\/www.monempresarial.com\/ca\/wp-json\/wp\/v2\/media?parent=18557"}],"wp:term":[{"taxonomy":"category","embeddable":true,"href":"https:\/\/www.monempresarial.com\/ca\/wp-json\/wp\/v2\/categories?post=18557"},{"taxonomy":"post_tag","embeddable":true,"href":"https:\/\/www.monempresarial.com\/ca\/wp-json\/wp\/v2\/tags?post=18557"}],"curies":[{"name":"wp","href":"https:\/\/api.w.org\/{rel}","templated":true}]}}