{"id":18588,"date":"2018-06-21T13:29:51","date_gmt":"2018-06-21T11:29:51","guid":{"rendered":"http:\/\/monempresarial.com\/?p=18588\/"},"modified":"2025-06-06T10:24:20","modified_gmt":"2025-06-06T08:24:20","slug":"gerard-subirats-guanya-premi-jove-empresari-2017","status":"publish","type":"post","link":"https:\/\/www.monempresarial.com\/ca\/2018\/06\/21\/gerard-subirats-guanya-premi-jove-empresari-2017\/","title":{"rendered":"Gerard Subirats <\/span>guanya el Premi Jove Empresari 2017"},"content":{"rendered":"<h4>Gerard Subirats, CEO i vicepresident del grup Subirats Bureau, s\u2019ha endut el Premi Jove Empresari 2017 que organitza anualment l\u2019Associaci\u00f3 de Joves Empresaris de Catalunya (AIJEC) i que el reconeix com el millor jove empresari catal\u00e0 de l\u2019any.<\/h4>\n<hr \/>\n<p>M\u00e9s de 350 persones es van reunir la passada nit al Cosmocaixa en la gala de lliurament de la <strong>25a edici\u00f3 del Premi Jove Empresari<\/strong> que organitza l\u2019<strong>Associaci\u00f3 de Joves Empresaris de Catalunya<\/strong>. Enguany, el jurat ha valorat l&#8217;impuls i la capacitat de Subirats d&#8217;innovar i diversificar el negoci familiar, incorporant al negoci immobiliari, hotels i espais d&#8217;oci i gastronomia com El Nacional i el restaurant <em>steakhouse<\/em> Lomo Alto &amp; Lomo Bajo.\u00a0Subirats, que ha recollit el premi de mans del vicepresident de la Generalitat i conseller d&#8217;Economia, Pere Aragon\u00e8s, s\u2019ha imposat a Alfons Nonell-Canals de Mind the byte i a Gerard Martret de Camina Lab.<\/p>\n<figure id=\"attachment_18592\" aria-describedby=\"caption-attachment-18592\" style=\"width: 857px\" class=\"wp-caption aligncenter\"><img decoding=\"async\" loading=\"lazy\" class=\"wp-image-18592\" src=\"http:\/\/monempresarial.com\/wp-content\/uploads\/2018\/06\/INA29127.jpg\" alt=\"\" width=\"857\" height=\"571\" srcset=\"https:\/\/www.monempresarial.com\/wp-content\/uploads\/2018\/06\/INA29127.jpg 1800w, https:\/\/www.monempresarial.com\/wp-content\/uploads\/2018\/06\/INA29127-300x200.jpg 300w, https:\/\/www.monempresarial.com\/wp-content\/uploads\/2018\/06\/INA29127-1024x683.jpg 1024w, https:\/\/www.monempresarial.com\/wp-content\/uploads\/2018\/06\/INA29127-252x167.jpg 252w, https:\/\/www.monempresarial.com\/wp-content\/uploads\/2018\/06\/INA29127-300x200@2x.jpg 600w, https:\/\/www.monempresarial.com\/wp-content\/uploads\/2018\/06\/INA29127-252x167@2x.jpg 504w\" sizes=\"(max-width: 857px) 100vw, 857px\" \/><figcaption id=\"caption-attachment-18592\" class=\"wp-caption-text\">Laura Pons, editora de <em>M\u00f3n Empresarial<\/em>, i Maria Josep Prats, cofundadora de Pratsfons Corredoria d&#8217;Assegurances i Dux Corredoria d&#8217;Assegurances, van presentar la gala. (Foto: Ignacio Adeva)<\/figcaption><\/figure>\n<p><span style=\"color: #619a88;\"><strong>Peptomyc, Millor Iniciativa Empresarial<\/strong><\/span><br \/>\nEl <strong>Premi a la Millor Iniciativa Empresarial<\/strong> ha estat per a Peptomyc, un <em>spin-off<\/em> de l&#8217;Institut d&#8217;Oncologia de la Vall d\u2019Hebron fundada el 2014 i dedicada al desenvolupament d&#8217;una nova ter\u00e0pia contra el c\u00e0ncer. Peptomyc centra els seus esfor\u00e7os en combatre un gen, el Myc, que facilita la superviv\u00e8ncia de les c\u00e8l\u00b7lules cancer\u00edgenes i que est\u00e0 present en la majoria dels tumors. La companyia se centra en desenvolupar p\u00e8ptids o mol\u00e8cules contra el Myc per a tractament de determinats c\u00e0ncers de pulm\u00f3 i de mama, aix\u00ed com contra el tumor cerebral. El\u00a0jurat ha valorat els beneficis que aquesta tecnologia pot aportar a la societat i com es podran capgirar les estad\u00edstiques, arribant a duplicar la superviv\u00e8ncia dels malalts.<\/p>\n<figure id=\"attachment_18589\" aria-describedby=\"caption-attachment-18589\" style=\"width: 942px\" class=\"wp-caption aligncenter\"><img decoding=\"async\" loading=\"lazy\" class=\"wp-image-18589\" src=\"http:\/\/monempresarial.com\/wp-content\/uploads\/2018\/06\/Guanyadors_PremiJoveEmpresari2017.jpg\" alt=\"\" width=\"942\" height=\"455\" srcset=\"https:\/\/www.monempresarial.com\/wp-content\/uploads\/2018\/06\/Guanyadors_PremiJoveEmpresari2017.jpg 2500w, https:\/\/www.monempresarial.com\/wp-content\/uploads\/2018\/06\/Guanyadors_PremiJoveEmpresari2017-300x145.jpg 300w, https:\/\/www.monempresarial.com\/wp-content\/uploads\/2018\/06\/Guanyadors_PremiJoveEmpresari2017-1024x494.jpg 1024w, https:\/\/www.monempresarial.com\/wp-content\/uploads\/2018\/06\/Guanyadors_PremiJoveEmpresari2017-740x357.jpg 740w, https:\/\/www.monempresarial.com\/wp-content\/uploads\/2018\/06\/Guanyadors_PremiJoveEmpresari2017-352x169.jpg 352w, https:\/\/www.monempresarial.com\/wp-content\/uploads\/2018\/06\/Guanyadors_PremiJoveEmpresari2017-300x145@2x.jpg 600w, https:\/\/www.monempresarial.com\/wp-content\/uploads\/2018\/06\/Guanyadors_PremiJoveEmpresari2017-1024x494@2x.jpg 2048w, https:\/\/www.monempresarial.com\/wp-content\/uploads\/2018\/06\/Guanyadors_PremiJoveEmpresari2017-740x357@2x.jpg 1480w, https:\/\/www.monempresarial.com\/wp-content\/uploads\/2018\/06\/Guanyadors_PremiJoveEmpresari2017-352x169@2x.jpg 704w\" sizes=\"(max-width: 942px) 100vw, 942px\" \/><figcaption id=\"caption-attachment-18589\" class=\"wp-caption-text\">Tots els premiats i premiades de l&#8217;edici\u00f3 d&#8217;enguany.\u00a0(Foto: Ignacio Adeva)<\/figcaption><\/figure>\n<p><span style=\"color: #619a88;\"><strong>Imma i Joana Amat, d\u2019Amat Immobiliaris, premiades per la seva traject\u00f2ria professional<\/strong><\/span><br \/>\nDurant la gala s\u2019ha lliurat tamb\u00e9 el <strong>Reconeixement a la Millor Traject\u00f2ria Professional<\/strong>, que aquest any ha anat a parar a mans de l\u2019Imma i Joana Amat d\u2019Amat Immobiliaris. L\u2019Associaci\u00f3 de Joves Empresaris de Catalunya ha volgut premiar la traject\u00f2ria, la passi\u00f3, la lluita i la innovaci\u00f3 de les Amat. D\u2019esperit inquiet, les germanes Amat mai han acceptat l\u2019immobilisme i aquest car\u00e0cter \u00e9s el que les ha dut a impulsar canvis importants en un sector tradicionalment<br \/>\ndominat pels homes.<\/p>\n<p><span style=\"color: #619a88;\"><strong>Altres reconeixements<\/strong><\/span><\/p>\n<ul>\n<li><span style=\"color: #619a88;\"><strong>Reconeixement a la Qualitat Ling\u00fc\u00edstica Empresarial:<\/strong><\/span> Ets el que menges.<\/li>\n<li><span style=\"color: #619a88;\"><strong>Reconeixement al Futur Empresari:<\/strong><\/span> Projecte FOODSELF de La Salle Bonanova (Barcelona).<\/li>\n<li><span style=\"color: #619a88;\"><strong>Reconeixement a l&#8217;Emprenedor Social:<\/strong> <\/span>WORLDCOO.<\/li>\n<\/ul>\n<figure id=\"attachment_18593\" aria-describedby=\"caption-attachment-18593\" style=\"width: 1800px\" class=\"wp-caption aligncenter\"><img decoding=\"async\" loading=\"lazy\" class=\"wp-image-18593 size-full\" src=\"http:\/\/monempresarial.com\/wp-content\/uploads\/2018\/06\/INA18447.jpg\" alt=\"\" width=\"1800\" height=\"1200\" srcset=\"https:\/\/www.monempresarial.com\/wp-content\/uploads\/2018\/06\/INA18447.jpg 1800w, https:\/\/www.monempresarial.com\/wp-content\/uploads\/2018\/06\/INA18447-300x200.jpg 300w, https:\/\/www.monempresarial.com\/wp-content\/uploads\/2018\/06\/INA18447-1024x683.jpg 1024w, https:\/\/www.monempresarial.com\/wp-content\/uploads\/2018\/06\/INA18447-252x167.jpg 252w, https:\/\/www.monempresarial.com\/wp-content\/uploads\/2018\/06\/INA18447-300x200@2x.jpg 600w, https:\/\/www.monempresarial.com\/wp-content\/uploads\/2018\/06\/INA18447-252x167@2x.jpg 504w\" sizes=\"(max-width: 1800px) 100vw, 1800px\" \/><figcaption id=\"caption-attachment-18593\" class=\"wp-caption-text\">Els assistents van gaudir de la vetllada al CosmoCaixa. (Foto: Ignacio Adeva)<\/figcaption><\/figure>\n","protected":false},"excerpt":{"rendered":"<p>Gerard Subirats, CEO i vicepresident del grup Subirats Bureau, s\u2019ha endut el Premi Jove Empresari 2017 que organitza anualment l\u2019Associaci\u00f3 de Joves Empresaris de Catalunya (AIJEC) i que el reconeix com el millor jove empresari catal\u00e0 de l\u2019any.<\/p>\n","protected":false},"author":1,"featured_media":18590,"comment_status":"open","ping_status":"open","sticky":false,"template":"","format":"standard","meta":{"_mi_skip_tracking":false,"mc4wp_mailchimp_campaign":[],"jnews-multi-image_gallery":[],"jnews_single_post":[],"jnews_primary_category":[]},"categories":[5694,10820,10821,10825,10],"tags":[5907,7287,7288,7289,311,1147,2519,5331],"_links":{"self":[{"href":"https:\/\/www.monempresarial.com\/ca\/wp-json\/wp\/v2\/posts\/18588"}],"collection":[{"href":"https:\/\/www.monempresarial.com\/ca\/wp-json\/wp\/v2\/posts"}],"about":[{"href":"https:\/\/www.monempresarial.com\/ca\/wp-json\/wp\/v2\/types\/post"}],"author":[{"embeddable":true,"href":"https:\/\/www.monempresarial.com\/ca\/wp-json\/wp\/v2\/users\/1"}],"replies":[{"embeddable":true,"href":"https:\/\/www.monempresarial.com\/ca\/wp-json\/wp\/v2\/comments?post=18588"}],"version-history":[{"count":1,"href":"https:\/\/www.monempresarial.com\/ca\/wp-json\/wp\/v2\/posts\/18588\/revisions"}],"predecessor-version":[{"id":46186,"href":"https:\/\/www.monempresarial.com\/ca\/wp-json\/wp\/v2\/posts\/18588\/revisions\/46186"}],"wp:featuredmedia":[{"embeddable":true,"href":"https:\/\/www.monempresarial.com\/ca\/wp-json\/wp\/v2\/media\/18590"}],"wp:attachment":[{"href":"https:\/\/www.monempresarial.com\/ca\/wp-json\/wp\/v2\/media?parent=18588"}],"wp:term":[{"taxonomy":"category","embeddable":true,"href":"https:\/\/www.monempresarial.com\/ca\/wp-json\/wp\/v2\/categories?post=18588"},{"taxonomy":"post_tag","embeddable":true,"href":"https:\/\/www.monempresarial.com\/ca\/wp-json\/wp\/v2\/tags?post=18588"}],"curies":[{"name":"wp","href":"https:\/\/api.w.org\/{rel}","templated":true}]}}