{"id":18700,"date":"2018-07-23T13:09:20","date_gmt":"2018-07-23T11:09:20","guid":{"rendered":"http:\/\/www.monempresarial.com\/?p=18700"},"modified":"2025-07-16T12:54:24","modified_gmt":"2025-07-16T10:54:24","slug":"les-pimes-catalanes-representen-el-589-de-leconomia-catalana-i-el-70-de-locupacio","status":"publish","type":"post","link":"https:\/\/www.monempresarial.com\/ca\/2018\/07\/23\/les-pimes-catalanes-representen-el-589-de-leconomia-catalana-i-el-70-de-locupacio\/","title":{"rendered":"Les pimes catalanes representen el 58,9% de l\u2019economia catalana <\/span> i el  70% de l\u2019ocupaci\u00f3"},"content":{"rendered":"<p><strong>Les petites i mitjanes empreses catalanes continuen impulsant l\u2019economia catalana, segons recull <em>l\u2019Anuari de la pime catalana 2018<\/em>, editat per la patronal Pimec. <\/strong><\/p>\n<hr \/>\n<p>Les pimes catalanes (micro, petites i mitjanes empreses) van experimentar un creixement destacable l\u2019any 2016, tal com recull la quinzena edici\u00f3 de <em><strong>L\u2019Anuari de la pime catalana<\/strong><\/em>, editat per la patronal <strong>Pimec<\/strong> i que analitza la contribuci\u00f3 de la pime a l\u2019economia catalana en termes d\u2019empreses, ocupaci\u00f3 i valor afegit. Aix\u00ed, el 2016, <strong>el nombre de pimes va cr\u00e9ixer un 3,2% respecte del 2015<\/strong> per situar-se en 513.320 micro, petites i mitjanes empreses, <strong>i va representar el 58,9% del VAB catal\u00e0<\/strong>, mentre que les grans empreses van conformar-ne el 36,5 % i l&#8217;administraci\u00f3 p\u00fablica, el 4,5 %.<\/p>\n<p>L\u2019informe tamb\u00e9 recull que<strong> l\u2019aportaci\u00f3 de les pimes al valor afegit brut catal\u00e0 es va incrementar un 3,3% respecte del 2015<\/strong> i que<strong> l\u2019ocupaci\u00f3 va cr\u00e9ixer un 4,2%<\/strong> en el mateix per\u00edode, fins a arribar als 1,8 milions de treballadors, <strong>el que suposa el 69,9% dels ocupats<\/strong>.<\/p>\n<p><span style=\"color: #619a88;\"><strong>L\u2019exportaci\u00f3, assignatura pendent<\/strong><\/span><\/p>\n<p>El president de Pimec, <strong>Josep Gonz\u00e1lez<\/strong>, va assenyalar durant l\u2019acte de presentaci\u00f3 de l\u2019Anuari, que &#8220;la pime catalana continua sent un actor dominant i imprescindible de l&#8217;estructura productiva del sector privat&#8221;. En aquest context, va afegir que &#8220;els resultats obtinguts pel sistema empresarial de pimes el 2016 indiquen que va ser un bon any, millorant els resultats del 2015&#8221;.<\/p>\n<p>No obstant aix\u00f2, si hi ha una assignatura pendent per a les pimes aquesta continua essent l\u2019exportaci\u00f3, ja que, tal com indica l\u2019informe, el 2016<strong> tan sols un 1 de cada 4 petites i mitjanes empreses industrials catalanes va exportar (26,4% enfront del 85,1% de les grans companyies).<\/strong><\/p>\n","protected":false},"excerpt":{"rendered":"<p>Les petites i mitjanes empreses catalanes continuen impulsant l\u2019economia catalana, segons recull l\u2019Anuari de la pime catalana 2018, editat per la patronal Pimec.<\/p>\n","protected":false},"author":1,"featured_media":18704,"comment_status":"open","ping_status":"open","sticky":false,"template":"","format":"standard","meta":{"_mi_skip_tracking":false,"mc4wp_mailchimp_campaign":[],"jnews-multi-image_gallery":[],"jnews_single_post":[],"jnews_primary_category":[]},"categories":[5694,10820,10821,10828,10,10825],"tags":[113,116,180,613,7675],"_links":{"self":[{"href":"https:\/\/www.monempresarial.com\/ca\/wp-json\/wp\/v2\/posts\/18700"}],"collection":[{"href":"https:\/\/www.monempresarial.com\/ca\/wp-json\/wp\/v2\/posts"}],"about":[{"href":"https:\/\/www.monempresarial.com\/ca\/wp-json\/wp\/v2\/types\/post"}],"author":[{"embeddable":true,"href":"https:\/\/www.monempresarial.com\/ca\/wp-json\/wp\/v2\/users\/1"}],"replies":[{"embeddable":true,"href":"https:\/\/www.monempresarial.com\/ca\/wp-json\/wp\/v2\/comments?post=18700"}],"version-history":[{"count":1,"href":"https:\/\/www.monempresarial.com\/ca\/wp-json\/wp\/v2\/posts\/18700\/revisions"}],"predecessor-version":[{"id":46527,"href":"https:\/\/www.monempresarial.com\/ca\/wp-json\/wp\/v2\/posts\/18700\/revisions\/46527"}],"wp:featuredmedia":[{"embeddable":true,"href":"https:\/\/www.monempresarial.com\/ca\/wp-json\/wp\/v2\/media\/18704"}],"wp:attachment":[{"href":"https:\/\/www.monempresarial.com\/ca\/wp-json\/wp\/v2\/media?parent=18700"}],"wp:term":[{"taxonomy":"category","embeddable":true,"href":"https:\/\/www.monempresarial.com\/ca\/wp-json\/wp\/v2\/categories?post=18700"},{"taxonomy":"post_tag","embeddable":true,"href":"https:\/\/www.monempresarial.com\/ca\/wp-json\/wp\/v2\/tags?post=18700"}],"curies":[{"name":"wp","href":"https:\/\/api.w.org\/{rel}","templated":true}]}}