{"id":19059,"date":"2018-09-20T10:00:39","date_gmt":"2018-09-20T08:00:39","guid":{"rendered":"http:\/\/www.monempresarial.com\/?p=19059"},"modified":"2025-09-25T08:40:16","modified_gmt":"2025-09-25T06:40:16","slug":"la-competitividad-y-el-coste-de-la-energia-para-las-empresas-a-prueba","status":"publish","type":"post","link":"https:\/\/www.monempresarial.com\/ca\/2018\/09\/20\/la-competitividad-y-el-coste-de-la-energia-para-las-empresas-a-prueba\/","title":{"rendered":"La competitivitat i el cost de l&#8217;energia per a les empreses"},"content":{"rendered":"<h4><strong><img decoding=\"async\" loading=\"lazy\" class=\"aligncenter size-full wp-image-19033\" src=\"https:\/\/www.monempresarial.com\/wp-content\/uploads\/2018\/09\/DMC_9472.jpg\" alt=\"\" width=\"1306\" height=\"734\" srcset=\"https:\/\/www.monempresarial.com\/wp-content\/uploads\/2018\/09\/DMC_9472.jpg 1306w, https:\/\/www.monempresarial.com\/wp-content\/uploads\/2018\/09\/DMC_9472-300x169.jpg 300w, https:\/\/www.monempresarial.com\/wp-content\/uploads\/2018\/09\/DMC_9472-1024x576.jpg 1024w, https:\/\/www.monempresarial.com\/wp-content\/uploads\/2018\/09\/DMC_9472-359x201.jpg 359w, https:\/\/www.monempresarial.com\/wp-content\/uploads\/2018\/09\/DMC_9472-300x169@2x.jpg 600w, https:\/\/www.monempresarial.com\/wp-content\/uploads\/2018\/09\/DMC_9472-359x201@2x.jpg 718w\" sizes=\"(max-width: 1306px) 100vw, 1306px\" \/><\/strong><\/h4>\n<h4><span style=\"color: #88576b; text-transform: uppercase;\"><strong>BERNARDO AGUILERA. <\/strong><\/span><strong>Director d\u2019Assumptes Econ\u00f2mics i Europeus de la CEOE.<\/strong><\/h4>\n<hr style=\"color: #b72126;\" \/>\n<p>La competitivitat, entesa com la capacitat que t\u00e9 un pa\u00eds de participar en els mercats internacionals de manera reeixida i, al mateix temps, elevar el nivell de vida dels seus ciutadans, est\u00e0 determinada, al seu torn, per la capacitat que tenen les seves empreses de generar i aprofitar avantatges comparatius en factors molt rellevants. La qualitat de les institucions p\u00fabliques; les infraestructures; l&#8217;estabilitat macroecon\u00f2mica; la salut i l&#8217;educaci\u00f3; el sistema financer; la tecnologia; la innovaci\u00f3; l&#8217;efici\u00e8ncia del mercat laboral; i, per descomptat, el cost de l&#8217;energia s\u00f3n clau per a la competitivitat econ\u00f2mica d&#8217;un pa\u00eds pel seu efecte tractor sobre l&#8217;activitat econ\u00f2mica, especialment, la industrial.<br \/>\nEn la competitivitat del sector industrial hi interv\u00e9, l\u00f2gicament, l&#8217;evoluci\u00f3 dels seus costos productius, sent el preu de l&#8217;electricitat un dels m\u00e9s rellevants, particularment, per a aquells sectors electrointensius en qu\u00e8 la factura energ\u00e8tica pot superar \u00e0mpliament, per exemple, el cost de personal.<br \/>\nEn abordar l&#8217;evoluci\u00f3 dels preus finals d&#8217;electricitat cal diferenciar entre preus majoristes i minoristes. La consecuci\u00f3 d&#8217;un veritable mercat interior de l&#8217;energia a la Uni\u00f3 Europea, i la introducci\u00f3 creixent d&#8217;energies renovables exerceixen una pressi\u00f3 a la baixa dels preus a l&#8217;engr\u00f2s de l&#8217;electricitat. No obstant aix\u00f2, els preus finals que paguen els consumidors no han seguit la mateixa tend\u00e8ncia, a causa de l&#8217;evoluci\u00f3 a l&#8217;al\u00e7a dels costos el\u00e8ctrics regulats i dels impostos que es paguen a trav\u00e9s de la factura.<br \/>\nPer tant, el futur sistema energ\u00e8tic hauria de complir necess\u00e0riament quatre premisses: ser sostenible en el llarg termini; preservar la seguretat de subministrament; complir els compromisos mediambientals; i fer-ho al menor cost possible.<\/p>\n<p><span style=\"color: #88576b;\"><strong>Qui n\u2019assumeix els costos?<\/strong><\/span><br \/>\nAix\u00f2 implica satisfer \u00edntegrament els costos que comporta el subministrament d&#8217;energia. No obstant aix\u00f2, aquests costos han de ser estrictament els derivats d&#8217;aquest subministrament. \u00c9s a dir, el sistema energ\u00e8tic no ha de ser qui suporti altres costos, ja que s&#8217;estaria sobrecarregant injustificadament la factura energ\u00e8tica final. Per ser precisament costos que no estan relacionats amb el subministrament, caldria treure aquesta part de la factura i posar-la en els pressupostos generals de l&#8217;Estat.<\/p>\n<p>Pel que fa al consumidor industrial, cal ajudar-lo a millorar la seva competitivitat, com es fa a d\u2019altres pa\u00efsos de la Uni\u00f3 Europea, sempre respectant els criteris sobre ajudes d&#8217;Estat. Aix\u00ed mateix, la nova regulaci\u00f3 europea pret\u00e9n dotar el consumidor d&#8217;un paper molt m\u00e9s actiu en el sistema el\u00e8ctric, de manera que les mesures de gesti\u00f3 de la demanda apareixen com una oportunitat per a la consecuci\u00f3 d&#8217;un sistema el\u00e8ctric m\u00e9s flexible i eficient.<\/p>\n<p>Finalment, \u00e9s fonamental disposar d&#8217;un marc regulador estable i predictible que aporti la necess\u00e0ria certesa i confian\u00e7a als inversors. \u00c9s imprescindible que, en el proc\u00e9s de transici\u00f3 en el qual estem immersos cap a una economia baixa en carboni, s&#8217;assoleixin consensos en mat\u00e8ria de pol\u00edtica energ\u00e8tica que permetin a les nostres empreses situar-se en posici\u00f3 de lideratge competitiu.<\/p>\n<p>El nostre futur econ\u00f2mic, pilar en qu\u00e8 recau el nostre benestar social i la nostra sostenibilitat mediambiental, dep\u00e8n de que siguem capa\u00e7os de donar la soluci\u00f3 a aquests reptes.<img decoding=\"async\" loading=\"lazy\" class=\"aligncenter size-full wp-image-19064\" src=\"https:\/\/www.monempresarial.com\/wp-content\/uploads\/2018\/09\/cuadro-cat.jpg\" alt=\"\" width=\"574\" height=\"503\" srcset=\"https:\/\/www.monempresarial.com\/wp-content\/uploads\/2018\/09\/cuadro-cat.jpg 574w, https:\/\/www.monempresarial.com\/wp-content\/uploads\/2018\/09\/cuadro-cat-300x263.jpg 300w\" sizes=\"(max-width: 574px) 100vw, 574px\" \/><\/p>\n","protected":false},"excerpt":{"rendered":"<p>BERNARDO AGUILERA. Director d\u2019Assumptes Econ\u00f2mics i Europeus de la CEOE. La competitivitat, entesa com la capacitat que t\u00e9 un pa\u00eds de participar en els mercats internacionals de manera reeixida i, al mateix temps, elevar el nivell de vida dels seus ciutadans, est\u00e0 determinada, al seu torn, per la capacitat que tenen les seves empreses de [&hellip;]<\/p>\n","protected":false},"author":1,"featured_media":19058,"comment_status":"closed","ping_status":"closed","sticky":false,"template":"","format":"standard","meta":{"_mi_skip_tracking":false,"mc4wp_mailchimp_campaign":[],"jnews-multi-image_gallery":[],"jnews_single_post":[],"jnews_primary_category":[]},"categories":[9,32,10816,10848],"tags":[142,180,853,1051,6065,7396,7852],"_links":{"self":[{"href":"https:\/\/www.monempresarial.com\/ca\/wp-json\/wp\/v2\/posts\/19059"}],"collection":[{"href":"https:\/\/www.monempresarial.com\/ca\/wp-json\/wp\/v2\/posts"}],"about":[{"href":"https:\/\/www.monempresarial.com\/ca\/wp-json\/wp\/v2\/types\/post"}],"author":[{"embeddable":true,"href":"https:\/\/www.monempresarial.com\/ca\/wp-json\/wp\/v2\/users\/1"}],"replies":[{"embeddable":true,"href":"https:\/\/www.monempresarial.com\/ca\/wp-json\/wp\/v2\/comments?post=19059"}],"version-history":[{"count":1,"href":"https:\/\/www.monempresarial.com\/ca\/wp-json\/wp\/v2\/posts\/19059\/revisions"}],"predecessor-version":[{"id":47824,"href":"https:\/\/www.monempresarial.com\/ca\/wp-json\/wp\/v2\/posts\/19059\/revisions\/47824"}],"wp:featuredmedia":[{"embeddable":true,"href":"https:\/\/www.monempresarial.com\/ca\/wp-json\/wp\/v2\/media\/19058"}],"wp:attachment":[{"href":"https:\/\/www.monempresarial.com\/ca\/wp-json\/wp\/v2\/media?parent=19059"}],"wp:term":[{"taxonomy":"category","embeddable":true,"href":"https:\/\/www.monempresarial.com\/ca\/wp-json\/wp\/v2\/categories?post=19059"},{"taxonomy":"post_tag","embeddable":true,"href":"https:\/\/www.monempresarial.com\/ca\/wp-json\/wp\/v2\/tags?post=19059"}],"curies":[{"name":"wp","href":"https:\/\/api.w.org\/{rel}","templated":true}]}}