{"id":19084,"date":"2018-09-25T10:25:05","date_gmt":"2018-09-25T08:25:05","guid":{"rendered":"http:\/\/www.monempresarial.com\/2018\/09\/25\/por-un-precio-electrico-competitivo-para-la-gran-industria\/"},"modified":"2025-09-25T08:39:29","modified_gmt":"2025-09-25T06:39:29","slug":"por-un-precio-electrico-competitivo-para-la-gran-industria","status":"publish","type":"post","link":"https:\/\/www.monempresarial.com\/ca\/2018\/09\/25\/por-un-precio-electrico-competitivo-para-la-gran-industria\/","title":{"rendered":"Per un preu el\u00e8ctric competitiu per a la gran ind\u00fastria"},"content":{"rendered":"<h4><img decoding=\"async\" loading=\"lazy\" class=\"size-full wp-image-19077 alignright\" src=\"https:\/\/www.monempresarial.com\/wp-content\/uploads\/2018\/09\/Teresa_Rasero_Presidente_AEGE_.jpg\" alt=\"\" width=\"397\" height=\"433\" srcset=\"https:\/\/www.monempresarial.com\/wp-content\/uploads\/2018\/09\/Teresa_Rasero_Presidente_AEGE_.jpg 397w, https:\/\/www.monempresarial.com\/wp-content\/uploads\/2018\/09\/Teresa_Rasero_Presidente_AEGE_-275x300.jpg 275w\" sizes=\"(max-width: 397px) 100vw, 397px\" \/><\/h4>\n<h4><span style=\"color: #88576b; text-transform: uppercase;\"><strong>TERESA RASERO. <\/strong><\/span><strong>Presidenta d\u2019AEGE (Asociaci\u00f3n de Empresas con Gran Consumo de Energ\u00eda).<\/strong><\/h4>\n<hr style=\"color: #b72126;\" \/>\n<p>Les 26 ind\u00fastries b\u00e0siques \u2013sider\u00fargiques, metal\u00b7l\u00fargiques, qu\u00edmiques, de gasos industrials&#8230; &#8211; que composen l\u2019AEGE donen feina a 186.000 persones, exporten m\u00e9s del 60% de la seva producci\u00f3, s\u00f3n innovadores i dediquen importants inversions a millorar l&#8217;efici\u00e8ncia energ\u00e8tica, esfor\u00e7os alineats en la lluita contra el canvi clim\u00e0tic. S\u00f3n ind\u00fastries extremadament sensibles al preu el\u00e8ctric: la seva factura representa entre el 10% i el 50% dels seus costos de producci\u00f3. Per aix\u00f2, per poder disminuir els costos el\u00e8ctrics desenvolupen cont\u00ednues millores de processos i projectes d&#8217;efici\u00e8ncia energ\u00e8tica que tracten d&#8217;optimitzar la r\u00e0tio del consum el\u00e8ctric per tona de producte fabricat. Algunes d&#8217;aquestes f\u00e0briques espanyoles s\u00f3n l\u00edders mundials en el seu sector en innovaci\u00f3 i efici\u00e8ncia energ\u00e8tica, per\u00f2 aquestes importants millores s&#8217;han dilu\u00eft amb l&#8217;encariment del preu el\u00e8ctric.<br \/>\n<strong style=\"color: #88576b;\"><img decoding=\"async\" loading=\"lazy\" class=\"size-full wp-image-19075 alignleft\" src=\"https:\/\/www.monempresarial.com\/wp-content\/uploads\/2018\/09\/ILUSTRAI\u00d3N-3.jpg\" alt=\"\" width=\"234\" height=\"506\" srcset=\"https:\/\/www.monempresarial.com\/wp-content\/uploads\/2018\/09\/ILUSTRAI\u00d3N-3.jpg 234w, https:\/\/www.monempresarial.com\/wp-content\/uploads\/2018\/09\/ILUSTRAI\u00d3N-3-139x300.jpg 139w\" sizes=\"(max-width: 234px) 100vw, 234px\" \/><\/strong>L\u2019any 2017, a causa del diferencial del preu del mercat el\u00e8ctric, les empreses associades a l\u2019AEGE van pagar 450 milions d&#8217;euros m\u00e9s que les seves competidores alemanyes pel mateix consum el\u00e8ctric. \u00c9s important recordar el gran efecte tractor de la ind\u00fastria b\u00e0sica en la qual, com recullen solvents estudis, cada euro invertit suposa entre 2,2 i 2,5 euros de creaci\u00f3 de riquesa al pa\u00eds. Si aquest sobrecost s&#8217;hagu\u00e9s pogut dedicar a augmentar inversions en efici\u00e8ncia i innovaci\u00f3 el seu impacte hauria estat molt benefici\u00f3s per a l&#8217;economia d&#8217;Espanya<br \/>\nLa ind\u00fastria electrointensiva est\u00e0 seriosament compromesa amb la descarbonitzaci\u00f3 de l&#8217;economia i la garantia del subministrament el\u00e8ctric. El seu patr\u00f3 de consum \u00e9s vital per aplanar la corba de la demanda el\u00e8ctrica i reduir la punta de consum, el que la converteix en una alidada de les energies renovables, perqu\u00e8 el seu paper afavoreix la integraci\u00f3 en el sistema el\u00e8ctric d&#8217;aquestes fonts de generaci\u00f3, facilitant aix\u00ed el compliment dels objectius del nostre pa\u00eds en els acords internacionals de lluita contra el canvi clim\u00e0tic.<\/p>\n<p><span style=\"color: #88576b;\"><strong>Una energia amb respecte pel clima<\/strong><\/span><br \/>\nEl nou marc cap a una economia baixa en carboni ha de contemplar que la ind\u00fastria electrointensiva \u00e9s clau per a la millora de l&#8217;efici\u00e8ncia energ\u00e8tica, que ajuda a l&#8217;operador del sistema a gestionar la demanda i a mantenir la seguretat de subministrament amb el servei continu els 365 dies de l&#8217;any, i que facilita la integraci\u00f3 d&#8217;energies com l&#8217;e\u00f2lica i solar fotovoltaica. La r\u00e0tio punta-vall del sistema el\u00e8ctric espanyol \u00e9s de 2, i el de les de les ind\u00fastries associades a l\u2019AEGE nom\u00e9s de 0,67 a causa del seu excel\u00b7lent patr\u00f3 de consum.<br \/>\nLa ind\u00fastria b\u00e0sica \u00e9s competitiva, innovadora i eficient, per\u00f2 necessita un subministrament el\u00e8ctric a preus competitius per poder contribuir a la creaci\u00f3 de riquesa i ocupaci\u00f3 de qualitat al nostre pa\u00eds. La transici\u00f3 energ\u00e8tica ha de ser una oportunitat per desenvolupar la nostra ind\u00fastria i aconseguir que tingui un preu el\u00e8ctric competitiu. Treballem tots junts per aconseguir-ho.<\/p>\n<p><img decoding=\"async\" loading=\"lazy\" class=\"aligncenter size-full wp-image-19062\" src=\"https:\/\/www.monempresarial.com\/wp-content\/uploads\/2018\/09\/cuadro-2-cat.jpg\" alt=\"\" width=\"574\" height=\"567\" srcset=\"https:\/\/www.monempresarial.com\/wp-content\/uploads\/2018\/09\/cuadro-2-cat.jpg 574w, https:\/\/www.monempresarial.com\/wp-content\/uploads\/2018\/09\/cuadro-2-cat-300x296.jpg 300w\" sizes=\"(max-width: 574px) 100vw, 574px\" \/><\/p>\n","protected":false},"excerpt":{"rendered":"<p>TERESA RASERO. Presidenta d\u2019AEGE (Asociaci\u00f3n de Empresas con Gran Consumo de Energ\u00eda). Les 26 ind\u00fastries b\u00e0siques \u2013sider\u00fargiques, metal\u00b7l\u00fargiques, qu\u00edmiques, de gasos industrials&#8230; &#8211; que composen l\u2019AEGE donen feina a 186.000 persones, exporten m\u00e9s del 60% de la seva producci\u00f3, s\u00f3n innovadores i dediquen importants inversions a millorar l&#8217;efici\u00e8ncia energ\u00e8tica, esfor\u00e7os alineats en la lluita contra [&hellip;]<\/p>\n","protected":false},"author":1,"featured_media":19088,"comment_status":"closed","ping_status":"closed","sticky":false,"template":"","format":"standard","meta":{"_mi_skip_tracking":false,"mc4wp_mailchimp_campaign":[],"jnews-multi-image_gallery":[],"jnews_single_post":[],"jnews_primary_category":[]},"categories":[9,32,12,10816,10848],"tags":[178,1051,4839,6566,7393,7398,7400],"_links":{"self":[{"href":"https:\/\/www.monempresarial.com\/ca\/wp-json\/wp\/v2\/posts\/19084"}],"collection":[{"href":"https:\/\/www.monempresarial.com\/ca\/wp-json\/wp\/v2\/posts"}],"about":[{"href":"https:\/\/www.monempresarial.com\/ca\/wp-json\/wp\/v2\/types\/post"}],"author":[{"embeddable":true,"href":"https:\/\/www.monempresarial.com\/ca\/wp-json\/wp\/v2\/users\/1"}],"replies":[{"embeddable":true,"href":"https:\/\/www.monempresarial.com\/ca\/wp-json\/wp\/v2\/comments?post=19084"}],"version-history":[{"count":1,"href":"https:\/\/www.monempresarial.com\/ca\/wp-json\/wp\/v2\/posts\/19084\/revisions"}],"predecessor-version":[{"id":47821,"href":"https:\/\/www.monempresarial.com\/ca\/wp-json\/wp\/v2\/posts\/19084\/revisions\/47821"}],"wp:featuredmedia":[{"embeddable":true,"href":"https:\/\/www.monempresarial.com\/ca\/wp-json\/wp\/v2\/media\/19088"}],"wp:attachment":[{"href":"https:\/\/www.monempresarial.com\/ca\/wp-json\/wp\/v2\/media?parent=19084"}],"wp:term":[{"taxonomy":"category","embeddable":true,"href":"https:\/\/www.monempresarial.com\/ca\/wp-json\/wp\/v2\/categories?post=19084"},{"taxonomy":"post_tag","embeddable":true,"href":"https:\/\/www.monempresarial.com\/ca\/wp-json\/wp\/v2\/tags?post=19084"}],"curies":[{"name":"wp","href":"https:\/\/api.w.org\/{rel}","templated":true}]}}